{"id":767,"date":"2013-01-17T15:41:56","date_gmt":"2013-01-17T12:41:56","guid":{"rendered":"https:\/\/baraka.cc\/?p=767"},"modified":"2014-01-02T15:42:24","modified_gmt":"2014-01-02T12:42:24","slug":"seks-koleligine-dur-de","status":"publish","type":"post","link":"https:\/\/baraka.cc\/?p=767","title":{"rendered":"SEKS K\u00d6LEL\u0130\u011e\u0130NE DUR DE!"},"content":{"rendered":"<p><!--[if gte mso 9]><xml>  <w:WordDocument>   <w:View>Normal<\/w:View>   <w:Zoom>0<\/w:Zoom>   <w:HyphenationZone>21<\/w:HyphenationZone>   <w:PunctuationKerning\/>   <w:ValidateAgainstSchemas\/>   <w:SaveIfXMLInvalid>false<\/w:SaveIfXMLInvalid>   <w:IgnoreMixedContent>false<\/w:IgnoreMixedContent>   <w:AlwaysShowPlaceholderText>false<\/w:AlwaysShowPlaceholderText>   <w:Compatibility>    <w:BreakWrappedTables\/>    <w:SnapToGridInCell\/>    <w:WrapTextWithPunct\/>    <w:UseAsianBreakRules\/>    <w:DontGrowAutofit\/>   <\/w:Compatibility>   <w:BrowserLevel>MicrosoftInternetExplorer4<\/w:BrowserLevel>  <\/w:WordDocument> <\/xml><![endif]--><\/p>\n<p class=\"MsoNormal\" style=\"line-height: 200%;\"><strong><span style=\"font-size: 11pt; line-height: 200%; font-family: Verdana;\">SEKS K\u00d6LEL\u0130\u011e\u0130NE DUR DE!<\/span><\/strong><\/p>\n<p class=\"MsoNormal\" style=\"line-height: 200%;\"><span style=\"font-size: 11pt; line-height: 200%; font-family: Verdana;\">\u00a0<\/span><\/p>\n<p class=\"MsoNormal\" style=\"text-align: justify; line-height: 200%;\"><a href=\"https:\/\/www.baraka.cc\/images\/stories\/16ocak2013_1.jpg\" target=\"_blank\"><img decoding=\"async\" loading=\"lazy\" alt=\" \" src=\"https:\/\/www.baraka.cc\/images\/stories\/16ocak2013_1.jpg\" width=\"200\" height=\"133\" align=\"left\" border=\"2\" \/><\/a><\/p>\n<p class=\"MsoNormal\" style=\"text-align: justify; line-height: 200%;\">\n<p class=\"MsoNormal\" style=\"text-align: justify; line-height: 200%;\"><strong><span style=\"font-size: 11pt; line-height: 200%; font-family: Verdana;\">\u2018Seks k\u00f6leli\u011fine g\u00f6z yummak bir insanl\u0131k su\u00e7udur\u2019 diyen pek \u00e7ok \u00f6rg\u00fct d\u00fcn ger\u00e7ekle\u015ftirdikleri eylemde \u00fclkemizdeki insan ticaretine ve gece kul\u00fcplerinde \u00e7al\u0131\u015fan kad\u0131nlar\u0131n ya\u015fad\u0131\u011f\u0131 insan haklar\u0131 ihlallerine dikkat \u00e7ekti.<\/span><\/strong><\/p>\n<p class=\"MsoNormal\" style=\"text-align: justify; line-height: 200%;\"><strong><span style=\"font-size: 11pt; line-height: 200%; font-family: Verdana;\">\u00a0<\/span><\/strong><\/p>\n<p class=\"MsoNormal\" style=\"text-align: justify; line-height: 200%;\"><strong><span style=\"font-size: 11pt; line-height: 200%; font-family: Verdana;\">\u00d6rg\u00fctler s\u0131k s\u0131k \u2018Pezevenk devlet istemiyoruz\u2019 ve \u2018seks k\u00f6leli\u011fine hay\u0131r\u2019 \u015feklinde sloganlar att\u0131.<\/span><\/strong><\/p>\n<p class=\"MsoNormal\" style=\"text-align: justify; line-height: 200%;\"><span style=\"font-size: 11pt; line-height: 200%; font-family: Verdana;\">\u00a0<\/span><\/p>\n<p><span style=\"font-size: 11pt; line-height: 200%; font-family: Verdana;\">\u00dclkemizdeki insan ticaretini, gece kul\u00fcplerini protesto etmek ve \u2018konsomatris\u2019 ad\u0131 alt\u0131nda \u00e7al\u0131\u015ft\u0131r\u0131lan kad\u0131nlar\u0131n ya\u015fad\u0131\u011f\u0131 insan haklar\u0131 ihlallerine dikkat \u00e7ekmek i\u00e7in bir\u00e7ok demokratik kitle \u00f6rg\u00fct\u00fc, parti ve sendika eylem d\u00fczenledi. <\/span><\/p>\n<p class=\"MsoNormal\" style=\"text-align: justify; line-height: 200%;\"><span style=\"font-size: 11pt; line-height: 200%; font-family: Verdana;\">Eyleme destek veren KT\u00d6S, KTAMS, KTOE\u00d6S, DA\u00dc-B\u0130R SEN, YKP-FEM, FEMA, BARAKA, POST Ara\u015ft\u0131rma Enst\u00fct\u00fcs\u00fc, Sosyal Riskleri \u00d6nleme Vakf\u0131, Yurtsever Kad\u0131nlar Birli\u011fi, Devrimci Kom\u00fcnist Birlik, BKP Kad\u0131n Meclisi, K\u0131br\u0131s T\u00fcrk \u0130nsan Haklar\u0131 Vakf\u0131, M\u00fclteci Haklar\u0131 Derne\u011fi, K\u0131br\u0131s Sosyalist Partisi, TDP Kad\u0131n \u00d6rg\u00fct\u00fc, DA\u00dc-SEN, MAGEM, CTP-BG Kad\u0131n \u00d6rg\u00fct\u00fc, Adal\u0131 Gen\u00e7lik \u00f6rg\u00fctleri d\u00fcn saat 15:00\u2019de Dereboyu\u2019ndaki eski Pronto \u00e7emberinde toplanarak, yol boyunca bir y\u00fcr\u00fcy\u00fc\u015f ger\u00e7ekle\u015ftirdiler. <\/span><\/p>\n<p class=\"MsoNormal\" style=\"text-align: justify; line-height: 200%;\"><span style=\"font-size: 11pt; line-height: 200%; font-family: Verdana;\">\u00a0<\/span><\/p>\n<p class=\"MsoNormal\" style=\"text-align: justify; line-height: 200%;\"><strong><span style=\"font-size: 11pt; line-height: 200%; font-family: Verdana;\">Kendilerini zincirlediler\u2026<\/span><\/strong><\/p>\n<p class=\"MsoNormal\" style=\"text-align: justify; line-height: 200%;\"><span style=\"font-size: 11pt; line-height: 200%; font-family: Verdana;\">Eylemciler gece kul\u00fcplerinde ya\u015fanan insan haklar\u0131 ihlallerine, insan ticaretine ve \u2018konsomatris\u2019 ad\u0131 alt\u0131nda \u00e7al\u0131\u015ft\u0131r\u0131lan kad\u0131nlar\u0131n ya\u015fam ko\u015fullar\u0131na dikkat \u00e7ekmek i\u00e7in zincir ta\u015f\u0131d\u0131lar. \u2018\u00dclkemizde ya\u015fanan seks k\u00f6leli\u011fine dikkat \u00e7ekmek ve bunu protesto etmek\u2019 amac\u0131yla b\u00f6yle bir y\u00f6nteme ba\u015fvurduklar\u0131n\u0131 ifade eden eylemciler, y\u00fcr\u00fcy\u00fc\u015f boyunca s\u0131k s\u0131k \u2018kad\u0131nlar birlik olsa d\u00fcnya yerinden oynar\u2019, \u2018seks k\u00f6leli\u011fine hay\u0131r\u2019 ve \u2018pezevenk devlet istemiyoruz\u2019 gibi sloganlar att\u0131lar. <\/span><\/p>\n<p class=\"MsoNormal\" style=\"text-align: justify; line-height: 200%;\"><span style=\"font-size: 11pt; line-height: 200%; font-family: Verdana;\">\u00a0<\/span><\/p>\n<p class=\"MsoNormal\" style=\"text-align: justify; line-height: 200%;\"><strong><span style=\"font-size: 11pt; line-height: 200%; font-family: Verdana;\">Kara tabutla protesto\u2026<\/span><\/strong><\/p>\n<p class=\"MsoNormal\" style=\"text-align: justify; line-height: 200%;\"><span style=\"font-size: 11pt; line-height: 200%; font-family: Verdana;\">Aktivistler, gece kul\u00fcplerinde ya\u015fanan \u00f6l\u00fcmleri de vurgulamak amac\u0131yla ge\u00e7ti\u011fimiz y\u0131l \u2018konsomatris\u2019 ad\u0131 alt\u0131nda \u00e7al\u0131\u015ft\u0131r\u0131lan ve bir tatil k\u00f6y\u00fcn\u00fcn havuzunda \u00f6l\u00fc bulunan Judy Nafwelw ile ge\u00e7ti\u011fimiz aylarda bir gece kul\u00fcb\u00fcnde \u00f6l\u00fc bulunan Marianna Cojocaru\u2019un sembolik tabutunu ta\u015f\u0131d\u0131lar. Devleti, ya\u015fanan insan haklar\u0131 ihlallerine ve \u00f6l\u00fcmlere kar\u015f\u0131 duyars\u0131z kalmakla, ya\u015fananlara ortak oldu\u011funu belirten aktivistler, hak ihlallerinin son bulmas\u0131n\u0131 dile getirdi. <\/span><\/p>\n<p class=\"MsoNormal\" style=\"text-align: justify; line-height: 200%;\"><span style=\"font-size: 11pt; line-height: 200%; font-family: Verdana;\">\u00a0<\/span><\/p>\n<p class=\"MsoNormal\" style=\"text-align: justify; line-height: 200%;\"><strong><span style=\"font-size: 11pt; line-height: 200%; font-family: Verdana;\">G\u00f6z yumanlar insanl\u0131k su\u00e7u i\u015fliyor<\/span><\/strong><\/p>\n<p class=\"MsoNormal\" style=\"text-align: justify; line-height: 200%;\"><span style=\"font-size: 11pt; line-height: 200%; font-family: Verdana;\">Y\u00fcr\u00fcy\u00fc\u015f\u00fcn ar\u0131ndan \u00f6rg\u00fctler ad\u0131na Hare Yakula bir bas\u0131n a\u00e7\u0131klamas\u0131 okudu. Yakula a\u00e7\u0131klamas\u0131nda \u00fclkemizde ya\u015fanan insan trafi\u011fine vurgu yaparak, \u2018konsomatris\u2019 ad\u0131 alt\u0131nda \u00e7al\u0131\u015ft\u0131r\u0131lan kad\u0131nlar\u0131n ya\u015fad\u0131\u011f\u0131 hak ihlallerini ve ya\u015fam ko\u015fullar\u0131n\u0131 vurgulad\u0131. <\/span><\/p>\n<p>&nbsp;<\/p>\n<p class=\"MsoNormal\" style=\"text-align: justify; line-height: 200%;\"><a href=\"https:\/\/www.baraka.cc\/images\/stories\/16ocak2013_2.jpg\" target=\"_blank\"><img decoding=\"async\" alt=\" \" src=\"https:\/\/www.baraka.cc\/images\/stories\/16ocak2013_2.jpg\" width=\"200\" border=\"2\" \/><\/a><\/p>\n<p class=\"MsoNormal\" style=\"text-align: justify; line-height: 200%;\">\n<p class=\"MsoNormal\" style=\"text-align: justify; line-height: 200%;\"><span style=\"font-size: 11pt; line-height: 200%; font-family: Verdana;\">Seks k\u00f6leli\u011fine g\u00f6z yumman\u0131n bir insanl\u0131k su\u00e7u oldu\u011funu ifade eden Yakula a\u00e7\u0131klamas\u0131nda \u015funlar\u0131 belirtti: \u00a0\u201c\u0130nsan Trafi\u011fi\u201d yoksul insan gruplar\u0131n\u0131 k\u00f6lele\u015ftiren; onlar\u0131n emeklerini ve bedenlerini s\u00f6m\u00fcrmek \u00fczere bir \u00fclkeden ba\u015fka bir \u00fclkeye ta\u015f\u0131yan ve satan organize su\u00e7 gruplar\u0131n\u0131n yapt\u0131\u011f\u0131 insanl\u0131k d\u0131\u015f\u0131 ticaretin ad\u0131d\u0131r. Birle\u015fmi\u015f Milletlerin verilerine g\u00f6re bug\u00fcn \u00fclkelerinden, ailelerinden ve sevdiklerinden tamamen kopar\u0131larak k\u00f6lele\u015ftirilen 2,5 milyon insan\u0131n 1 milyonunu seks k\u00f6lesi yap\u0131lan kad\u0131nlar olu\u015fturmaktad\u0131r. Seks k\u00f6lesi yap\u0131lan kad\u0131nlar kimlik ve seyahat\u00a0belgeleri ellerinden al\u0131narak, bor\u00e7land\u0131r\u0131larak, dayak, tecav\u00fcz ve i\u015fkence yoluyla bedenlerini satmaya zorlanmakta ve her t\u00fcrl\u00fc insan hakk\u0131ndan mahrum bir hayat s\u00fcrmeye itilmektedirler.<br \/>\nBu insanl\u0131k su\u00e7u \u00fclkemizde de uzun bir s\u00fcredir i\u015flenmekte; \u201ckonsomatris\u201d ad\u0131 alt\u0131nda Gece Kul\u00fcplerinde \u00e7al\u0131\u015ft\u0131r\u0131lmak \u00fczere adaya getirilen kad\u0131nlar\u0131n maruz kald\u0131\u011f\u0131 s\u00f6m\u00fcr\u00fc g\u00f6rmezden gelinmektedir.\u201d\u00a0<\/span><\/p>\n<p class=\"MsoNormal\" style=\"text-align: justify; line-height: 200%;\"><span style=\"font-size: 11pt; line-height: 200%; font-family: Verdana;\"><br \/>\n\u00d6rg\u00fctler ad\u0131na yap\u0131lan ortak a\u00e7\u0131klamada Yakula ayn\u0131 zamanda ya\u015fanan \u015fiddette de dikkat \u00e7ekerek \u015f\u00f6yle konu\u015ftu \u201cSeks k\u00f6lesi yap\u0131lan ve kimlik belgelerine polis taraf\u0131ndan el konulan kad\u0131nlar\u0131n ya\u015fad\u0131\u011f\u0131 cinsel, ekonomik ve fiziksel \u015fiddet, devletin gereken yasal d\u00fczenlemeleri yapmamas\u0131, mahkemelerde adil kararlar vermemesi, bu su\u00e7a ortak olup yard\u0131m ve yatakl\u0131k etmesi ile peki\u015ftirilirken, toplum da bu insanl\u0131k su\u00e7una kar\u015f\u0131 yeterince ses \u00e7\u0131karmamaktad\u0131r.\u201d<\/span><\/p>\n<p class=\"MsoNormal\" style=\"text-align: justify; line-height: 200%;\"><span style=\"font-size: 11pt; line-height: 200%; font-family: Verdana;\">Gece Kul\u00fcplerinde \u201ckonsomatris\u201d ad\u0131 alt\u0131nda \u00e7al\u0131\u015ft\u0131r\u0131lan kad\u0131nlar\u0131n maruz kald\u0131\u011f\u0131 insan haklar\u0131 ihlalleri ve \u015fiddetin ayn\u0131 zamanda kendilerinin de sorunu oldu\u011funu belirten Yakula \u201cdili, dini, \u0131rk\u0131, milliyeti ve s\u0131n\u0131f\u0131 ne olursa olsun, her insan\u0131n adil ve e\u015fit ko\u015fullarda ya\u015famaya ve \u00e7al\u0131\u015fmaya hakk\u0131 vard\u0131r ve bu hak hi\u00e7bir g\u00fc\u00e7 taraf\u0131ndan ihlal edilemez. Bizler K\u0131br\u0131s&#8217;\u0131n kuzeyindeki rejimin elleriyle y\u00fcr\u00fct\u00fclen bu insanl\u0131k su\u00e7unun fark\u0131nda oldu\u011fumuzu yineleyerek yap\u0131lan ikiy\u00fczl\u00fcl\u00fc\u011fe kar\u015f\u0131 isyan\u0131m\u0131z\u0131 hayk\u0131r\u0131yor ve seks k\u00f6leli\u011fine g\u00f6z yumman\u0131n bir insanl\u0131k su\u00e7udur diyoruz!\u201d \u015feklinde konu\u015ftu.<\/span><\/p>\n<p class=\"MsoNormal\" style=\"text-align: justify; line-height: 200%;\"><span style=\"font-size: 11pt; line-height: 200%; font-family: Verdana;\">\u00a0<\/span><\/p>\n<p class=\"MsoNormal\" style=\"text-align: justify; line-height: 200%;\"><span style=\"font-size: 11pt; line-height: 200%; font-family: Verdana;\">(Kaynak: Afrika Gazetesi\/Hasan Y\u0131k\u0131c\u0131)<\/span><\/p>\n<p>&nbsp;<\/p>\n","protected":false},"excerpt":{"rendered":"<p>SEKS K\u00d6LEL\u0130\u011e\u0130NE DUR DE! \u00a0 \u2018Seks k\u00f6leli\u011fine g\u00f6z yummak bir insanl\u0131k su\u00e7udur\u2019 diyen pek \u00e7ok \u00f6rg\u00fct d\u00fcn ger\u00e7ekle\u015ftirdikleri eylemde \u00fclkemizdeki insan ticaretine ve gece kul\u00fcplerinde<\/p>\n","protected":false},"author":1,"featured_media":0,"comment_status":"open","ping_status":"open","sticky":false,"template":"","format":"standard","meta":{"jetpack_post_was_ever_published":false,"_jetpack_newsletter_access":"","_jetpack_newsletter_tier_id":0,"jetpack_publicize_message":"","jetpack_is_tweetstorm":false,"jetpack_publicize_feature_enabled":true,"jetpack_social_post_already_shared":false,"jetpack_social_options":{"image_generator_settings":{"template":"highway","enabled":false}}},"categories":[66],"tags":[],"jetpack_publicize_connections":[],"jetpack_featured_media_url":"","jetpack_shortlink":"https:\/\/wp.me\/p4eHWX-cn","jetpack_sharing_enabled":true,"_links":{"self":[{"href":"https:\/\/baraka.cc\/index.php?rest_route=\/wp\/v2\/posts\/767"}],"collection":[{"href":"https:\/\/baraka.cc\/index.php?rest_route=\/wp\/v2\/posts"}],"about":[{"href":"https:\/\/baraka.cc\/index.php?rest_route=\/wp\/v2\/types\/post"}],"author":[{"embeddable":true,"href":"https:\/\/baraka.cc\/index.php?rest_route=\/wp\/v2\/users\/1"}],"replies":[{"embeddable":true,"href":"https:\/\/baraka.cc\/index.php?rest_route=%2Fwp%2Fv2%2Fcomments&post=767"}],"version-history":[{"count":0,"href":"https:\/\/baraka.cc\/index.php?rest_route=\/wp\/v2\/posts\/767\/revisions"}],"wp:attachment":[{"href":"https:\/\/baraka.cc\/index.php?rest_route=%2Fwp%2Fv2%2Fmedia&parent=767"}],"wp:term":[{"taxonomy":"category","embeddable":true,"href":"https:\/\/baraka.cc\/index.php?rest_route=%2Fwp%2Fv2%2Fcategories&post=767"},{"taxonomy":"post_tag","embeddable":true,"href":"https:\/\/baraka.cc\/index.php?rest_route=%2Fwp%2Fv2%2Ftags&post=767"}],"curies":[{"name":"wp","href":"https:\/\/api.w.org\/{rel}","templated":true}]}}