{"id":7672,"date":"2020-08-08T11:03:14","date_gmt":"2020-08-08T09:03:14","guid":{"rendered":"https:\/\/baraka.cc\/?p=7672"},"modified":"2020-08-08T11:03:14","modified_gmt":"2020-08-08T09:03:14","slug":"barakada-bilisim-suclari-yasasi-bilgilendirme-toplantisi-gerceklestirildi","status":"publish","type":"post","link":"https:\/\/baraka.cc\/?p=7672","title":{"rendered":"Baraka\u2019da Bili\u015fim Su\u00e7lar\u0131 Yasas\u0131 Bilgilendirme Toplant\u0131s\u0131 Ger\u00e7ekle\u015ftirildi"},"content":{"rendered":"<p>&nbsp;<\/p>\n<p>Baraka K\u00fclt\u00fcr Merkezi, 6 A\u011fustos Per\u015fembe ak\u015fam\u0131 Bili\u015fim Su\u00e7lar\u0131 Yasas\u0131&#8217;n\u0131n hak ve \u00f6zg\u00fcrl\u00fckler ba\u011flam\u0131nda ele al\u0131nd\u0131\u011f\u0131 bir bilgilendirme toplant\u0131s\u0131 ger\u00e7ekle\u015ftirdi. Baraka Aktivisti ve hukuk\u00e7u Nazen \u015eansal&#8217;\u0131n g\u00f6rselli bir sunum yapt\u0131\u011f\u0131 bilgilendirme toplant\u0131s\u0131 K\u0131z\u0131lba\u015f\u2019taki Baraka lokalinin bah\u00e7esinde ger\u00e7ekle\u015ftirildi.<\/p>\n<p>\u00d6ncelikle neoliberal d\u00f6nemde yasalar\u0131n neye yarad\u0131\u011f\u0131 konusuna de\u011finilen sunumda, \u00e7a\u011f\u0131n bir ihtiyac\u0131 olan Bili\u015fim Hukukuna iktidar, sermaye ve halk a\u00e7\u0131s\u0131ndan farkl\u0131 bak\u0131\u015f a\u00e7\u0131lar\u0131 ele al\u0131nd\u0131. Halk\u0131n, yeni kamusal alan olan internete \u00f6zg\u00fcrce ula\u015fmas\u0131n\u0131n ve bu alanda bilgi ve fikir payla\u015f\u0131m\u0131 ile \u00f6rg\u00fctlenme ve protesto \u00f6zg\u00fcrl\u00fc\u011f\u00fcn\u00fcn 3. ku\u015fak insan hakk\u0131 oldu\u011funa de\u011finen \u015eansal, Yasan\u0131n bu insan hakk\u0131ndan ziyade, ba\u015fta bankac\u0131l\u0131k ve finans sekt\u00f6r\u00fc olmak \u00fczere sermayeyi korudu\u011funu, devletlerin de halk\u0131n \u00fczerinde bask\u0131 uygulanmas\u0131 noktas\u0131nda bili\u015fim yasas\u0131na ihtiya\u00e7 duydu\u011funu belirtti. Bu nedenle de soka\u011f\u0131 mobeseler ile g\u00f6zetim alt\u0131na almay\u0131 ama\u00e7larken, internette de bili\u015fim su\u00e7lar\u0131n\u0131n devreye sokuldu\u011fu ifade edildi. Yasay\u0131 madde madde irdeleyen \u015eansal, siyasilerin yolsuzluklar\u0131 dahil her t\u00fcrl\u00fc \u00f6zel bilgilerinin kamuoyu yarar\u0131na dahi payla\u015f\u0131lmas\u0131n\u0131 ciddi cezalara ba\u011flayan bu yasan\u0131n, halk\u0131n \u00f6zel hayat\u0131n\u0131 hi\u00e7e sayarak t\u00fcm internet hareketlerinin 2 y\u0131l boyunca t\u00fcm ayr\u0131nt\u0131s\u0131na kadar kaydedilece\u011fine dikkat \u00e7ekti. Sunumda, polisin mahkeme karar\u0131 olmadan telefon ve bilgisayar gibi cihazlara el koyabilmesinin sak\u0131ncalar\u0131 ve iade s\u00fcresinin uzunlu\u011funun yarataca\u011f\u0131 hak ihlalleri de ele al\u0131nd\u0131. Ayr\u0131ca alternatif medyaya m\u00fcdahale riski ve mahkeme karar\u0131 olmadan eri\u015fim engeli uygulanabilecek konular\u0131n da bas\u0131n ve ifade \u00f6z\u00fcrl\u00fc\u011f\u00fc ba\u011flam\u0131nda tehlikelerine dikkat \u00e7ekildi.<\/p>\n<p>Bilgilendirme toplant\u0131s\u0131 kat\u0131l\u0131mc\u0131lar\u0131n soru, g\u00f6r\u00fc\u015f ve katk\u0131lar\u0131n\u0131n ard\u0131ndan sona ererken, bili\u015fim su\u00e7lar\u0131n\u0131n ifade \u00f6zg\u00fcrl\u00fc\u011f\u00fcm\u00fcze y\u00f6nelik k\u0131s\u0131tlamalar\u0131na kar\u015f\u0131 en iyi savunma mekanizmas\u0131n\u0131n \u00f6rg\u00fctl\u00fc olmak olaca\u011f\u0131 g\u00f6r\u00fc\u015f\u00fc \u00f6n plana \u00e7\u0131kt\u0131.<\/p>\n","protected":false},"excerpt":{"rendered":"<p>&nbsp; Baraka K\u00fclt\u00fcr Merkezi, 6 A\u011fustos Per\u015fembe ak\u015fam\u0131 Bili\u015fim Su\u00e7lar\u0131 Yasas\u0131&#8217;n\u0131n hak ve \u00f6zg\u00fcrl\u00fckler ba\u011flam\u0131nda ele al\u0131nd\u0131\u011f\u0131 bir bilgilendirme toplant\u0131s\u0131 ger\u00e7ekle\u015ftirdi. Baraka Aktivisti ve hukuk\u00e7u<\/p>\n","protected":false},"author":12,"featured_media":7673,"comment_status":"open","ping_status":"open","sticky":false,"template":"","format":"standard","meta":{"jetpack_post_was_ever_published":false,"_jetpack_newsletter_access":"","_jetpack_newsletter_tier_id":0,"jetpack_publicize_message":"Baraka\u2019da Bili\u015fim Su\u00e7lar\u0131 Yasas\u0131 Bilgilendirme Toplant\u0131s\u0131 Ger\u00e7ekle\u015ftirildi","jetpack_is_tweetstorm":false,"jetpack_publicize_feature_enabled":true,"jetpack_social_post_already_shared":true,"jetpack_social_options":{"image_generator_settings":{"template":"highway","enabled":false}}},"categories":[46,45],"tags":[],"jetpack_publicize_connections":[],"jetpack_featured_media_url":"https:\/\/baraka.cc\/wp-content\/uploads\/2020\/08\/117083609_974391763010445_3335357103437732139_n.jpg","jetpack_shortlink":"https:\/\/wp.me\/p4eHWX-1ZK","jetpack_sharing_enabled":true,"_links":{"self":[{"href":"https:\/\/baraka.cc\/index.php?rest_route=\/wp\/v2\/posts\/7672"}],"collection":[{"href":"https:\/\/baraka.cc\/index.php?rest_route=\/wp\/v2\/posts"}],"about":[{"href":"https:\/\/baraka.cc\/index.php?rest_route=\/wp\/v2\/types\/post"}],"author":[{"embeddable":true,"href":"https:\/\/baraka.cc\/index.php?rest_route=\/wp\/v2\/users\/12"}],"replies":[{"embeddable":true,"href":"https:\/\/baraka.cc\/index.php?rest_route=%2Fwp%2Fv2%2Fcomments&post=7672"}],"version-history":[{"count":1,"href":"https:\/\/baraka.cc\/index.php?rest_route=\/wp\/v2\/posts\/7672\/revisions"}],"predecessor-version":[{"id":7674,"href":"https:\/\/baraka.cc\/index.php?rest_route=\/wp\/v2\/posts\/7672\/revisions\/7674"}],"wp:featuredmedia":[{"embeddable":true,"href":"https:\/\/baraka.cc\/index.php?rest_route=\/wp\/v2\/media\/7673"}],"wp:attachment":[{"href":"https:\/\/baraka.cc\/index.php?rest_route=%2Fwp%2Fv2%2Fmedia&parent=7672"}],"wp:term":[{"taxonomy":"category","embeddable":true,"href":"https:\/\/baraka.cc\/index.php?rest_route=%2Fwp%2Fv2%2Fcategories&post=7672"},{"taxonomy":"post_tag","embeddable":true,"href":"https:\/\/baraka.cc\/index.php?rest_route=%2Fwp%2Fv2%2Ftags&post=7672"}],"curies":[{"name":"wp","href":"https:\/\/api.w.org\/{rel}","templated":true}]}}