{"id":7704,"date":"2020-08-27T14:31:43","date_gmt":"2020-08-27T12:31:43","guid":{"rendered":"https:\/\/baraka.cc\/?p=7704"},"modified":"2020-08-27T14:31:43","modified_gmt":"2020-08-27T12:31:43","slug":"baraka-kultur-merkezinden-direk-ustunde-basin-aciklamasi","status":"publish","type":"post","link":"https:\/\/baraka.cc\/?p=7704","title":{"rendered":"Baraka K\u00fclt\u00fcr Merkezi\u2019nden \u201cDirek \u00dcst\u00fcnde\u201d Bas\u0131n A\u00e7\u0131klamas\u0131"},"content":{"rendered":"<p style=\"text-align: center;\"><a href=\"https:\/\/baraka.cc\/wp-content\/uploads\/2020\/08\/1.jpg\"><img decoding=\"async\" loading=\"lazy\" class=\"alignnone size-medium wp-image-7705\" alt=\"1\" src=\"https:\/\/baraka.cc\/wp-content\/uploads\/2020\/08\/1-300x168.jpg\" width=\"300\" height=\"168\" srcset=\"https:\/\/baraka.cc\/wp-content\/uploads\/2020\/08\/1-300x168.jpg 300w, https:\/\/baraka.cc\/wp-content\/uploads\/2020\/08\/1.jpg 960w\" sizes=\"(max-width: 300px) 100vw, 300px\" \/><\/a><\/p>\n<p>Baraka K\u00fclt\u00fcr Merkezi, Ba\u015fbakanl\u0131k \u00f6n\u00fcnde ilgin\u00e7 bir bas\u0131n a\u00e7\u0131klamas\u0131yla MOBESE\u2019leri ve bu konudaki Kent G\u00fcvenlik Y\u00f6netim Sistemleri Yasas\u0131\u2019na uyulmamas\u0131n\u0131 protesto etti.<\/p>\n<p>11 Haziran tarihinde MOBESE\u2019ler i\u00e7in yap\u0131lan resmi itirazlar\u0131n dikkate al\u0131nmad\u0131\u011f\u0131n\u0131 ve yasal zorunluluk olmas\u0131na kar\u015f\u0131n hi\u00e7bir cevap verilmedi\u011fini kamuoyuyla payla\u015fan Baraka aktivistleri, \u201c\u00d6nce bu Yasaya oy verip sonra \u015fov yapanlar gibi MOBESE dire\u011fine \u00e7\u0131kmad\u0131\u011f\u0131m\u0131z i\u00e7in s\u00f6z\u00fcm\u00fcz\u00fcn dinlenmedi\u011fi d\u00fc\u015f\u00fcncesiyle, bug\u00fcn bu a\u00e7\u0131klamay\u0131 direk \u00fcst\u00fcnde yap\u0131yoruz.\u201d ifadelerini kulland\u0131.<\/p>\n<p>Bili\u015fim Su\u00e7lar\u0131 Yasas\u0131\u2019na da de\u011finilen ve \u201cMOBESE\u2019de yasaya uymayan Bili\u015fim\u2019de uyacak m\u0131?\u201d diye sorulan a\u00e7\u0131klamada, Bili\u015fim Su\u00e7lar\u0131 Yasas\u0131\u2019n\u0131n da t\u0131pk\u0131 MOBESE kameralar\u0131 gibi toplum \u00fczerinde bask\u0131 kurmak i\u00e7in kullan\u0131laca\u011f\u0131 ve ifade \u00f6zg\u00fcrl\u00fc\u011f\u00fcn\u00fc s\u0131n\u0131rlayaca\u011f\u0131 vurguland\u0131.<\/p>\n<p>Bas\u0131n a\u00e7\u0131klamas\u0131n\u0131 tam metni \u015f\u00f6yle:<\/p>\n<p><a href=\"https:\/\/baraka.cc\/wp-content\/uploads\/2020\/08\/2.jpg\"><img decoding=\"async\" loading=\"lazy\" class=\"alignnone size-medium wp-image-7706\" alt=\"2\" src=\"https:\/\/baraka.cc\/wp-content\/uploads\/2020\/08\/2-300x168.jpg\" width=\"300\" height=\"168\" srcset=\"https:\/\/baraka.cc\/wp-content\/uploads\/2020\/08\/2-300x168.jpg 300w, https:\/\/baraka.cc\/wp-content\/uploads\/2020\/08\/2-1024x576.jpg 1024w, https:\/\/baraka.cc\/wp-content\/uploads\/2020\/08\/2.jpg 1440w\" sizes=\"(max-width: 300px) 100vw, 300px\" \/><\/a><\/p>\n<p><b>MOBESE\u2019de Yasaya Uymayan \u201cBili\u015fim\u201dde Uyacak m\u0131?<\/b><\/p>\n<p>Baraka K\u00fclt\u00fcr Merkezi olarak en ba\u015f\u0131ndan beri \u00e7e\u015fitli eylem ve sokak tiyatrolar\u0131yla kar\u015f\u0131 \u00e7\u0131kt\u0131\u011f\u0131m\u0131z, MOBESE kameralar\u0131na resmi ve yasal itirazlar\u0131m\u0131z\u0131 11 Haziran tarihinde Ba\u015fbakanl\u0131\u011fa vermi\u015ftik.<\/p>\n<p>\u00d6nce bu Yasaya oy verip sonra \u015fov yapanlar gibi MOBESE dire\u011fine \u00e7\u0131kmad\u0131\u011f\u0131m\u0131z i\u00e7in s\u00f6z\u00fcm\u00fcz\u00fcn dinlenmedi\u011fi d\u00fc\u015f\u00fcncesiyle, bug\u00fcn bu a\u00e7\u0131klamay\u0131 direk \u00fcst\u00fcnde yap\u0131yoruz.<\/p>\n<p>Yasaya g\u00f6re; \u201c\u0130tiraz Kurulu, gerek\u00e7eli karar\u0131n\u0131 en ge\u00e7 otuz g\u00fcn i\u00e7erisinde vererek ilgili ki\u015fiye tebli\u011f eder.\u201d \u0130tiraz Kurulu\u2019nda ise Ba\u015fbakanl\u0131k, \u0130\u00e7i\u015fleri ve Ula\u015ft\u0131rma Bakanl\u0131\u011f\u0131 m\u00fcste\u015farlar\u0131, Polis Genel M\u00fcd\u00fcr\u00fc veya yard\u0131mc\u0131s\u0131, Lefko\u015fa Belediye Ba\u015fkan\u0131, Barolar Birli\u011fi ve M\u00fchendis ve Mimar Odalar\u0131 Birli\u011fi bulunuyor.<\/p>\n<p>G\u00f6zetim toplumu, insan hak ve \u00f6zg\u00fcrl\u00fcklerine ayk\u0131r\u0131 olmas\u0131, eylem ve ifade \u00f6zg\u00fcrl\u00fc\u011f\u00fc \u00fczerinde bask\u0131 yaratmas\u0131, tarihi ve k\u00fclt\u00fcrel dokuya zarar vermesi, kald\u0131r\u0131m i\u015fgali ve engelli ki\u015filerin ge\u00e7i\u015fini zorla\u015ft\u0131rmas\u0131, b\u00fct\u00e7enin halk yarar\u0131na sa\u011fl\u0131k ve e\u011fitim i\u00e7in harcanmas\u0131 gibi sebeplerle verdi\u011fimiz itiraz dilek\u00e7elerine cevap verme s\u00fcresi \u00e7oktan dolmas\u0131na ra\u011fmen herhangi bir yan\u0131t alamad\u0131k.<\/p>\n<p>B\u00f6ylece h\u00fck\u00fcmetin, yasalar\u0131 sadece i\u015fine geldi\u011fi zaman ve insanlar \u00fczerinde bask\u0131 uygulamak amac\u0131yla uygulad\u0131\u011f\u0131n\u0131, vatanda\u015fa hak ve \u00f6zg\u00fcrl\u00fck veren maddelerin pratikte uygulanmad\u0131\u011f\u0131n\u0131 bir kez daha g\u00f6rm\u00fc\u015f olduk. Ancak h\u00fck\u00fcmetten \u00f6zde fark\u0131 olmayan s\u00f6zde muhalefet bunu g\u00f6rmek istemiyor ve \u00f6zg\u00fcrl\u00fc\u011f\u00fc k\u0131s\u0131tlay\u0131c\u0131 yasalara ortak olmaya, oy vermeye devam ediyor. MOBESE\u2019lerde ya\u015fad\u0131\u011f\u0131m\u0131z rezaletin ayn\u0131s\u0131 Bili\u015fim Su\u00e7lar\u0131 Yasas\u0131 i\u00e7in de ge\u00e7erli olabilecektir.<\/p>\n<p>G\u00fcya sanal bahis, kredi kart\u0131 h\u0131rs\u0131zl\u0131\u011f\u0131, \u00e7ocuk pornosu gibi konular\u0131 engellemek ve siber su\u00e7lar\u0131 \u00f6nlemek i\u00e7in \u00e7\u0131kar\u0131lan Bili\u015fim Su\u00e7lar\u0131 Yasas\u0131 da t\u0131pk\u0131 MOBESE kameralar\u0131 gibi toplum \u00fczerinde bask\u0131 kurmak i\u00e7in kullan\u0131lacakt\u0131r. \u0130fade \u00f6zg\u00fcrl\u00fc\u011f\u00fcn\u00fc s\u0131n\u0131rlayacak, sans\u00fcre ve daha k\u00f6t\u00fcs\u00fc otosans\u00fcre sebep olacak bu yasa, erki elinde bulunduranlar taraf\u0131ndan i\u015flerine geldi\u011fi gibi uygulanacak, hak ve \u00f6zg\u00fcrl\u00fckler aleyhine yorumlanacakt\u0131r.<\/p>\n<p>G\u00fcvenlik bahanesiyle \u00f6zg\u00fcrl\u00fc\u011f\u00fcm\u00fcz\u00fc yok eden bu gibi yasalar, g\u00f6zetim toplumu yarat\u0131lmas\u0131na hizmet ediyor, bask\u0131 ve kontrol mekanizmas\u0131yla halk\u0131 denetim alt\u0131na al\u0131p sindirmeyi ama\u00e7l\u0131yor. \u00dcst\u00fcne \u00fcstl\u00fck bizim \u00fclkemizin yetkilileri mi T\u00fcrkiye mi bizi g\u00f6zetliyor bu da belli de\u011fil. \u00c7\u00fcnk\u00fc kameralar\u0131, TC ile imzalanan ve Meclisteki t\u00fcm partilerin oybirli\u011fi ile ge\u00e7en bir protokole dayanarak TC askeri \u015firketi ASELSAN kuruyor.<\/p>\n<p>Bu halde bizlere tek bir yol kal\u0131yor: sokaklar\u0131 terk etmemek ve \u00f6zg\u00fcrl\u00fck i\u00e7in direnmek!<\/p>\n<p><strong>Baraka K\u00fclt\u00fcr Merkezi<\/strong><\/p>\n<p><strong>27 A\u011fustos 2020, Ba\u015fbakanl\u0131k \u00f6n\u00fc<\/strong><\/p>\n<p>&nbsp;<\/p>\n","protected":false},"excerpt":{"rendered":"<p>Baraka K\u00fclt\u00fcr Merkezi, Ba\u015fbakanl\u0131k \u00f6n\u00fcnde ilgin\u00e7 bir bas\u0131n a\u00e7\u0131klamas\u0131yla MOBESE\u2019leri ve bu konudaki Kent G\u00fcvenlik Y\u00f6netim Sistemleri Yasas\u0131\u2019na uyulmamas\u0131n\u0131 protesto etti. 11 Haziran tarihinde MOBESE\u2019ler<\/p>\n","protected":false},"author":3,"featured_media":7705,"comment_status":"open","ping_status":"open","sticky":false,"template":"","format":"standard","meta":{"jetpack_post_was_ever_published":false,"_jetpack_newsletter_access":"","_jetpack_newsletter_tier_id":0,"jetpack_publicize_message":"","jetpack_is_tweetstorm":false,"jetpack_publicize_feature_enabled":true,"jetpack_social_post_already_shared":true,"jetpack_social_options":{"image_generator_settings":{"template":"highway","enabled":false}}},"categories":[66,47,9,1],"tags":[],"jetpack_publicize_connections":[],"jetpack_featured_media_url":"https:\/\/baraka.cc\/wp-content\/uploads\/2020\/08\/1.jpg","jetpack_shortlink":"https:\/\/wp.me\/p4eHWX-20g","jetpack_sharing_enabled":true,"_links":{"self":[{"href":"https:\/\/baraka.cc\/index.php?rest_route=\/wp\/v2\/posts\/7704"}],"collection":[{"href":"https:\/\/baraka.cc\/index.php?rest_route=\/wp\/v2\/posts"}],"about":[{"href":"https:\/\/baraka.cc\/index.php?rest_route=\/wp\/v2\/types\/post"}],"author":[{"embeddable":true,"href":"https:\/\/baraka.cc\/index.php?rest_route=\/wp\/v2\/users\/3"}],"replies":[{"embeddable":true,"href":"https:\/\/baraka.cc\/index.php?rest_route=%2Fwp%2Fv2%2Fcomments&post=7704"}],"version-history":[{"count":1,"href":"https:\/\/baraka.cc\/index.php?rest_route=\/wp\/v2\/posts\/7704\/revisions"}],"predecessor-version":[{"id":7707,"href":"https:\/\/baraka.cc\/index.php?rest_route=\/wp\/v2\/posts\/7704\/revisions\/7707"}],"wp:featuredmedia":[{"embeddable":true,"href":"https:\/\/baraka.cc\/index.php?rest_route=\/wp\/v2\/media\/7705"}],"wp:attachment":[{"href":"https:\/\/baraka.cc\/index.php?rest_route=%2Fwp%2Fv2%2Fmedia&parent=7704"}],"wp:term":[{"taxonomy":"category","embeddable":true,"href":"https:\/\/baraka.cc\/index.php?rest_route=%2Fwp%2Fv2%2Fcategories&post=7704"},{"taxonomy":"post_tag","embeddable":true,"href":"https:\/\/baraka.cc\/index.php?rest_route=%2Fwp%2Fv2%2Ftags&post=7704"}],"curies":[{"name":"wp","href":"https:\/\/api.w.org\/{rel}","templated":true}]}}