{"id":7709,"date":"2020-09-02T08:30:28","date_gmt":"2020-09-02T06:30:28","guid":{"rendered":"https:\/\/baraka.cc\/?p=7709"},"modified":"2020-09-02T00:06:28","modified_gmt":"2020-09-01T22:06:28","slug":"lokmaci-barikatinda-1-eylul-aciklamasi-insan-hayatini-dayanisma-kurtarir","status":"publish","type":"post","link":"https:\/\/baraka.cc\/?p=7709","title":{"rendered":"Lokmac\u0131 Barikat\u0131nda 1 Eyl\u00fcl A\u00e7\u0131klamas\u0131: \u201c\u0130nsan Hayat\u0131n\u0131 Dayan\u0131\u015fma Kurtar\u0131r\u201d"},"content":{"rendered":"<p>Baraka K\u00fclt\u00fcr Merkezi ve Ba\u011f\u0131ms\u0131zl\u0131k Yolu \u00fcyeleri, 1 Eyl\u00fcl D\u00fcnya Bar\u0131\u015f G\u00fcn\u00fc dolay\u0131s\u0131yla Lokmac\u0131 Barikat\u0131\u2019nda bas\u0131n a\u00e7\u0131klamas\u0131 ger\u00e7ekle\u015ftirdi. A\u00e7\u0131klama esnas\u0131nda \u201cBritish Bases Out\u201d ve \u201cSa\u011fl\u0131k i\u00e7in \u0130\u015fbirli\u011fi\u2019\u2019 \u015feklinde pankartlar a\u00e7\u0131ld\u0131. Ba\u011f\u0131ms\u0131zl\u0131k Yolu \u00fcyesi Mustafa Kele\u015fzade\u2019nin okudu\u011fu a\u00e7\u0131klamada bir yandan Pandemi ve yaratt\u0131\u011f\u0131 kriz ile bo\u011fu\u015fuldu\u011funa, di\u011fer yanda b\u00f6lgemizin do\u011fal kaynaklar\u0131n\u0131n payla\u015f\u0131m\u0131 i\u00e7in akbabalar\u0131n s\u0131raya girdi\u011fine dikkat \u00e7ekerek, bu durumun 1 Eyl\u00fcl D\u00fcnya Bar\u0131\u015f G\u00fcn\u00fc\u2019ne her zamankinden de \u00f6te bir anlam kazand\u0131rmakta oldu\u011fu ifade edildi.<\/p>\n<p>A\u00e7\u0131klamada \u201cCovid 19 bula\u015f\u0131rken K\u0131br\u0131sl\u0131 T\u00fcrk, K\u0131br\u0131sl\u0131 Elen ayr\u0131m\u0131 yapmamaktad\u0131r. Bu nedenle elimizdeki ba\u015fta ila\u00e7 ve sa\u011fl\u0131k ekipmanlar\u0131 olmak \u00fczere var olan s\u0131n\u0131rl\u0131 kaynaklar\u0131 payla\u015f\u0131rsak ancak bu s\u00fcre\u00e7ten en az zararla \u00e7\u0131kabiliriz\u201d ifadelerine yer verilirken, se\u00e7imde ve her alanda d\u0131\u015f m\u00fcdahalelere kar\u015f\u0131 bar\u0131\u015ftan yana tav\u0131r koyma ve en \u00f6nemlisi halk\u0131n iradesini daimi k\u0131lmak ad\u0131na \u00f6rg\u00fctl\u00fc m\u00fccadeleye kat\u0131lma \u00e7a\u011fr\u0131s\u0131nda bulunuldu.<\/p>\n<p>A\u00e7\u0131klaman\u0131n tamam\u0131 \u015f\u00f6yle:<b><\/b><\/p>\n<p><b>\u00a0<\/b><\/p>\n<p><b>\u0130NSAN HAYATINI SAVA\u015e TAMTAMLARI DE\u011e\u0130L DAYANI\u015eMA KURTARIR<\/b><\/p>\n<p>Her sene d\u00fcnya tarihinin en kanl\u0131 sava\u015f\u0131 olan 2. Payla\u015f\u0131m Sava\u015f\u0131\u2019n\u0131n ba\u015flad\u0131\u011f\u0131 g\u00fcn olan bug\u00fcn, ya\u015fanan ac\u0131lar\u0131 hat\u0131rlamak ve bir daha ayn\u0131lar\u0131n\u0131 ya\u015famamak ad\u0131na D\u00fcnya Bar\u0131\u015f G\u00fcn\u00fc olmu\u015f ve bar\u0131\u015f i\u00e7in m\u00fccadeleye adanm\u0131\u015ft\u0131r.<\/p>\n<p>Zorlu bir d\u00f6nemden ge\u00e7mekteyiz. D\u00fcnyay\u0131 saran Pandemi, k\u00fcresel olarak emek\u00e7ileri etkilemektedir. Zenginler \u00f6zel adalar\u0131nda pandeminin ge\u00e7mesini beklerken, emek\u00e7iler ise her zamankinden zor bir ya\u015fam m\u00fccadelesi vermektedirler. \u0130\u015fsizlik Kapitalizm tarihinin en u\u00e7 noktalar\u0131na ula\u015fman\u0131n e\u015fi\u011findedir. D\u00fcnya genelinde ekonomi 2. Payla\u015f\u0131m Sava\u015f\u0131\u2019n\u0131n \u00f6nc\u00fcl\u00fc 1929 B\u00fcy\u00fck Buhran\u0131\u2019n\u0131 hat\u0131rlatan g\u00fcnlerden ge\u00e7mektedir.<\/p>\n<p>Adam\u0131z\u0131n etraf\u0131n\u0131 saran Do\u011fu Akdeniz\u2019in mavili\u011fi sava\u015f gemileri ile kirlenmekte, par\u00e7as\u0131 oldu\u011fumuz Ortado\u011fu\u2019da ya\u015fanan emperyal sava\u015flardan ta\u015fan f\u00fczeler ise adam\u0131z\u0131n topraklar\u0131na kadar ula\u015fmaktad\u0131r. Sava\u015f tamtamlar\u0131 \u00e7evremizi sararken, K\u0131br\u0131s\u2019\u0131n kuzeyinde h\u00fck\u00fcmet edenler \u00e7i\u00e7ekli bah\u00e7elerinden sava\u015f k\u0131\u015fk\u0131rt\u0131c\u0131l\u0131\u011f\u0131 yapmakta, sava\u015f \u00fcsleri da\u011f\u0131tmaktad\u0131r. K\u0131br\u0131s\u2019\u0131n g\u00fcneyindeki y\u00f6netim ise bu sidik yar\u0131\u015f\u0131nda bir ad\u0131m dahi geri kalmamak ad\u0131na \u00fczerine d\u00fc\u015feni fazlas\u0131yla yapmaktad\u0131r. Bir kez daha kendilerini s\u0131r\u00e7a k\u00f6\u015fklerinde g\u00fcvende sananlar \u201cabilerine g\u00fcvenip\u201d haklar\u0131n\u0131n canlar\u0131n\u0131 hi\u00e7e sayan s\u00f6z ve pratik \u00fcretmektedirler.<\/p>\n<p>Bir yandan pandemi ve yaratt\u0131\u011f\u0131 kriz, di\u011fer yanda ise b\u00f6lgemizin do\u011fal kaynaklar\u0131n\u0131n payla\u015f\u0131m\u0131 i\u00e7in s\u0131raya giren akbabalar ile D\u00fcnya Bar\u0131\u015f G\u00fcn\u00fc\u2019n\u00fc kar\u015f\u0131lad\u0131k. \u0130\u015fte tam da abluka 1 Eyl\u00fcl D\u00fcnya Bar\u0131\u015f G\u00fcn\u00fc\u2019ne her zamankinden de \u00f6te bir anlam kazand\u0131rmaktad\u0131r.<\/p>\n<p>Pandemi d\u00f6nemi bize g\u00f6stermi\u015ftir ki bu adada ya\u015fayanan halklar olarak insanca bir ya\u015fam\u0131 ancak dayan\u0131\u015farak ve payla\u015farak elde edebiliriz. Covid 19 bula\u015f\u0131rken K\u0131br\u0131sl\u0131 T\u00fcrk, K\u0131br\u0131sl\u0131 Elen ayr\u0131m\u0131 yapmamaktad\u0131r. Bu nedenle elimizdeki ba\u015fta ila\u00e7 ve sa\u011fl\u0131k ekipmanlar\u0131 olmak \u00fczere var olan s\u0131n\u0131rl\u0131 kaynaklar\u0131 payla\u015f\u0131rsak ancak bu s\u00fcre\u00e7ten en az zararla \u00e7\u0131kabiliriz.<\/p>\n<p>Co\u011frafyam\u0131z do\u011fal kaynaklar\u0131n nas\u0131l halklar\u0131n lanetine d\u00f6n\u00fc\u015febildi\u011finin \u00f6rnekleri ile doludur. Suriye, Irak, Libya, Filistin ve L\u00fcbnan bu lanetin halen kanamaya devam eden \u00f6rnekleri olarak \u00f6n\u00fcm\u00fczde durmaktad\u0131rlar. Halklar\u0131n kendi iradelerini d\u0131\u015f m\u00fcdahalelere kar\u015f\u0131, payla\u015f\u0131m ve dayan\u0131\u015fma ile egemen k\u0131lmad\u0131klar\u0131 durumlarda refah ve ekonomik kalk\u0131nma de\u011fil kan ve ac\u0131 halklar\u0131n kaderini \u015fekillendirmektedir.<\/p>\n<p>Bir halk\u0131n kazan\u0131m\u0131 di\u011ferinin kayb\u0131 bak\u0131\u015f a\u00e7\u0131s\u0131\u00a0 egemen oldu\u011fu s\u00fcrece hem sa\u011fl\u0131\u011f\u0131m\u0131z\u0131, hem de refah\u0131m\u0131 kaybetmemiz ka\u00e7\u0131n\u0131lmazd\u0131r. Akdeniz\u2019in ortas\u0131ndaki bu k\u00fc\u00e7\u00fck adada, yani evimiz K\u0131br\u0131s\u2019ta K\u0131br\u0131sl\u0131 T\u00fcrk ve K\u0131br\u0131sl\u0131 Elen halklar\u0131 olarak gelece\u011fimizi kimsenin de\u011fil bizlerin \u015fekillendirebilece\u011fini g\u00f6sterebilir, halklar\u0131n ortak y\u00f6netimi federal bir \u00e7\u00f6z\u00fcm ve bar\u0131\u015f\u0131 egemen k\u0131labilir, b\u00f6lgemizin \u015feklillenmesinde bir \u00f6rnek te\u015fkil edebiliriz.<\/p>\n<p>Bar\u0131\u015f i\u00e7in, d\u0131\u015f g\u00fc\u00e7lerin ve sermayedarlar\u0131n de\u011fil halklar\u0131n iradesini egemen k\u0131lmak i\u00e7in halk\u0131m\u0131za sokakta, se\u00e7imde ve her alanda d\u0131\u015f m\u00fcdahalelere kar\u015f\u0131 bar\u0131\u015ftan yana tav\u0131r koyma ve en \u00f6nemlisi halk\u0131n iradesini daimi k\u0131lmak ad\u0131na \u00f6rg\u00fctl\u00fc m\u00fccadeleye kat\u0131lma \u00e7a\u011fr\u0131s\u0131nda bulunuyuruz.<\/p>\n<p>Bar\u0131\u015f Bizlerin Ellerindedir<\/p>\n<p>Ya\u015fas\u0131n Halklar\u0131n Karde\u015fli\u011fi<\/p>\n<p><b>Baraka K\u00fclt\u00fcr Merkezi, Ba\u011f\u0131ms\u0131zl\u0131k Yolu<\/b><\/p>\n","protected":false},"excerpt":{"rendered":"<p>Baraka K\u00fclt\u00fcr Merkezi ve Ba\u011f\u0131ms\u0131zl\u0131k Yolu \u00fcyeleri, 1 Eyl\u00fcl D\u00fcnya Bar\u0131\u015f G\u00fcn\u00fc dolay\u0131s\u0131yla Lokmac\u0131 Barikat\u0131\u2019nda bas\u0131n a\u00e7\u0131klamas\u0131 ger\u00e7ekle\u015ftirdi. A\u00e7\u0131klama esnas\u0131nda \u201cBritish Bases Out\u201d ve \u201cSa\u011fl\u0131k<\/p>\n","protected":false},"author":12,"featured_media":7710,"comment_status":"open","ping_status":"open","sticky":false,"template":"","format":"standard","meta":{"jetpack_post_was_ever_published":false,"_jetpack_newsletter_access":"","_jetpack_newsletter_tier_id":0,"jetpack_publicize_message":"Lokmac\u0131 Barikat\u0131nda 1 Eyl\u00fcl A\u00e7\u0131klamas\u0131: \u201c\u0130nsan Hayat\u0131n\u0131 Dayan\u0131\u015fma Kurtar\u0131r\u201d","jetpack_is_tweetstorm":false,"jetpack_publicize_feature_enabled":true,"jetpack_social_post_already_shared":true,"jetpack_social_options":{"image_generator_settings":{"template":"highway","enabled":false}}},"categories":[52,45,47],"tags":[],"jetpack_publicize_connections":[],"jetpack_featured_media_url":"https:\/\/baraka.cc\/wp-content\/uploads\/2020\/09\/1-eylu\u0308l-eylem.png","jetpack_shortlink":"https:\/\/wp.me\/p4eHWX-20l","jetpack_sharing_enabled":true,"_links":{"self":[{"href":"https:\/\/baraka.cc\/index.php?rest_route=\/wp\/v2\/posts\/7709"}],"collection":[{"href":"https:\/\/baraka.cc\/index.php?rest_route=\/wp\/v2\/posts"}],"about":[{"href":"https:\/\/baraka.cc\/index.php?rest_route=\/wp\/v2\/types\/post"}],"author":[{"embeddable":true,"href":"https:\/\/baraka.cc\/index.php?rest_route=\/wp\/v2\/users\/12"}],"replies":[{"embeddable":true,"href":"https:\/\/baraka.cc\/index.php?rest_route=%2Fwp%2Fv2%2Fcomments&post=7709"}],"version-history":[{"count":1,"href":"https:\/\/baraka.cc\/index.php?rest_route=\/wp\/v2\/posts\/7709\/revisions"}],"predecessor-version":[{"id":7711,"href":"https:\/\/baraka.cc\/index.php?rest_route=\/wp\/v2\/posts\/7709\/revisions\/7711"}],"wp:featuredmedia":[{"embeddable":true,"href":"https:\/\/baraka.cc\/index.php?rest_route=\/wp\/v2\/media\/7710"}],"wp:attachment":[{"href":"https:\/\/baraka.cc\/index.php?rest_route=%2Fwp%2Fv2%2Fmedia&parent=7709"}],"wp:term":[{"taxonomy":"category","embeddable":true,"href":"https:\/\/baraka.cc\/index.php?rest_route=%2Fwp%2Fv2%2Fcategories&post=7709"},{"taxonomy":"post_tag","embeddable":true,"href":"https:\/\/baraka.cc\/index.php?rest_route=%2Fwp%2Fv2%2Ftags&post=7709"}],"curies":[{"name":"wp","href":"https:\/\/api.w.org\/{rel}","templated":true}]}}