{"id":7713,"date":"2020-09-03T22:14:02","date_gmt":"2020-09-03T20:14:02","guid":{"rendered":"https:\/\/baraka.cc\/?p=7713"},"modified":"2020-09-03T22:14:02","modified_gmt":"2020-09-03T20:14:02","slug":"izle-tartista-tavsan-jojo-izlenecek","status":"publish","type":"post","link":"https:\/\/baraka.cc\/?p=7713","title":{"rendered":"\u0130ZLE-TARTI\u015e&#8217;TA TAV\u015eAN JOJO \u0130ZLENECEK"},"content":{"rendered":"<p><a href=\"https:\/\/baraka.cc\/wp-content\/uploads\/2020\/09\/tav\u015fan-jojo.jpg\"><img decoding=\"async\" loading=\"lazy\" class=\"alignnone size-medium wp-image-7714\" alt=\"tav\u015fan jojo\" src=\"https:\/\/baraka.cc\/wp-content\/uploads\/2020\/09\/tav\u015fan-jojo-300x128.jpg\" width=\"300\" height=\"128\" srcset=\"https:\/\/baraka.cc\/wp-content\/uploads\/2020\/09\/tav\u015fan-jojo-300x128.jpg 300w, https:\/\/baraka.cc\/wp-content\/uploads\/2020\/09\/tav\u015fan-jojo.jpg 652w\" sizes=\"(max-width: 300px) 100vw, 300px\" \/><\/a>Serin bir Eyl\u00fcl ak\u015fam\u0131nda bah\u00e7ede sinema izlemeye ve ard\u0131ndan da film \u00fczerine tart\u0131\u015fmaya ne dersiniz?<\/p>\n<p>Her ay \u00fccretsiz ve biletsiz olarak ger\u00e7ekle\u015ftirilen, a\u00e7\u0131k havada sosyal mesafe kurallar\u0131 \u00e7er\u00e7evesinde film izlenen \u0130zle-Tart\u0131\u015f etkinli\u011finde 5 Eyl\u00fcl ak\u015fam\u0131 Tav\u015fan Jojo filmi g\u00f6steriliyor.<\/p>\n<p>2. D\u00fcnya Sava\u015f\u0131 sonlar\u0131nda Nazi \u00f6\u011fretisiyle yeti\u015fmi\u015f 10 ya\u015f\u0131ndaki kahraman\u0131m\u0131z Jojo, ari \u0131rka lay\u0131k bir Alman ve ba\u015far\u0131l\u0131 bir asker olmaya \u00e7al\u0131\u015fmaktad\u0131r. Sorgulamayan, kendisine \u00f6\u011fretilenleri oldu\u011fu gibi kabullenen Jojo\u2019nun bu yolda e\u011fitmeni, en b\u00fcy\u00fck destek\u00e7isi ve k\u0131lavuzu hayali arkada\u015f\u0131 Adolf Hitler\u2019dir. Yoruldu\u011funda, y\u0131lg\u0131nl\u0131\u011fa d\u00fc\u015ft\u00fc\u011f\u00fcnde arkada\u015f\u0131 Adolf hemen yan\u0131nda canlanmaktad\u0131r. Adolf\u2019la arkada\u015fl\u0131klar\u0131 bu kadar iyi giderken g\u00fcn\u00fcn birinde sava\u015f kar\u015f\u0131t\u0131 annesinin evlerinin \u00e7at\u0131 kat\u0131nda saklad\u0131\u011f\u0131 Yahudi bir k\u0131z olan Elsa\u2019yla kar\u015f\u0131la\u015f\u0131r. Elsa\u2019y\u0131 ele verip vermemek aras\u0131nda kalan Jojo i\u00e7in Yahudi d\u00fc\u015fmanl\u0131\u011f\u0131n\u0131 ve bu ya\u015f\u0131na kadar \u00f6\u011frendiklerini sorgulamaya ba\u015flayaca\u011f\u0131 yeni bir arkada\u015fl\u0131k ili\u015fkisi ba\u015flam\u0131\u015ft\u0131r.<\/p>\n<p>Jojo\u2019nun i\u00e7 d\u00fcnyas\u0131 \u00fczerinden sava\u015f\u0131n y\u0131k\u0131mlar\u0131n\u0131, vah\u015feti, Nazi \u00f6\u011fretisinin \u00e7ocuklar \u00fczerindeki etkisini mizahi bir dille anlatan bu filmi birlikte izlemek isteyen herkesi 5 Eyl\u00fcl Cumartesi ak\u015fam\u0131 20:00\u2019de Baraka K\u00fclt\u00fcr Merkezi lokaline bekleriz.<\/p>\n<p>&nbsp;<\/p>\n","protected":false},"excerpt":{"rendered":"<p>Serin bir Eyl\u00fcl ak\u015fam\u0131nda bah\u00e7ede sinema izlemeye ve ard\u0131ndan da film \u00fczerine tart\u0131\u015fmaya ne dersiniz? Her ay \u00fccretsiz ve biletsiz olarak ger\u00e7ekle\u015ftirilen, a\u00e7\u0131k havada sosyal<\/p>\n","protected":false},"author":8,"featured_media":7714,"comment_status":"open","ping_status":"open","sticky":false,"template":"","format":"standard","meta":{"jetpack_post_was_ever_published":false,"_jetpack_newsletter_access":"","_jetpack_newsletter_tier_id":0,"jetpack_publicize_message":"","jetpack_is_tweetstorm":false,"jetpack_publicize_feature_enabled":true,"jetpack_social_post_already_shared":true,"jetpack_social_options":{"image_generator_settings":{"template":"highway","enabled":false}}},"categories":[20,9,28,1],"tags":[],"jetpack_publicize_connections":[],"jetpack_featured_media_url":"https:\/\/baraka.cc\/wp-content\/uploads\/2020\/09\/tav\u015fan-jojo.jpg","jetpack_shortlink":"https:\/\/wp.me\/p4eHWX-20p","jetpack_sharing_enabled":true,"_links":{"self":[{"href":"https:\/\/baraka.cc\/index.php?rest_route=\/wp\/v2\/posts\/7713"}],"collection":[{"href":"https:\/\/baraka.cc\/index.php?rest_route=\/wp\/v2\/posts"}],"about":[{"href":"https:\/\/baraka.cc\/index.php?rest_route=\/wp\/v2\/types\/post"}],"author":[{"embeddable":true,"href":"https:\/\/baraka.cc\/index.php?rest_route=\/wp\/v2\/users\/8"}],"replies":[{"embeddable":true,"href":"https:\/\/baraka.cc\/index.php?rest_route=%2Fwp%2Fv2%2Fcomments&post=7713"}],"version-history":[{"count":1,"href":"https:\/\/baraka.cc\/index.php?rest_route=\/wp\/v2\/posts\/7713\/revisions"}],"predecessor-version":[{"id":7715,"href":"https:\/\/baraka.cc\/index.php?rest_route=\/wp\/v2\/posts\/7713\/revisions\/7715"}],"wp:featuredmedia":[{"embeddable":true,"href":"https:\/\/baraka.cc\/index.php?rest_route=\/wp\/v2\/media\/7714"}],"wp:attachment":[{"href":"https:\/\/baraka.cc\/index.php?rest_route=%2Fwp%2Fv2%2Fmedia&parent=7713"}],"wp:term":[{"taxonomy":"category","embeddable":true,"href":"https:\/\/baraka.cc\/index.php?rest_route=%2Fwp%2Fv2%2Fcategories&post=7713"},{"taxonomy":"post_tag","embeddable":true,"href":"https:\/\/baraka.cc\/index.php?rest_route=%2Fwp%2Fv2%2Ftags&post=7713"}],"curies":[{"name":"wp","href":"https:\/\/api.w.org\/{rel}","templated":true}]}}