{"id":7717,"date":"2020-09-17T15:13:37","date_gmt":"2020-09-17T13:13:37","guid":{"rendered":"https:\/\/baraka.cc\/?p=7717"},"modified":"2020-09-17T15:13:37","modified_gmt":"2020-09-17T13:13:37","slug":"egitimde-firsat-esitligi-hukumetin-odevi-otur-sifir","status":"publish","type":"post","link":"https:\/\/baraka.cc\/?p=7717","title":{"rendered":"E\u011e\u0130T\u0130MDE FIRSAT E\u015e\u0130TL\u0130\u011e\u0130 H\u00dcK\u00dcMET\u0130N \u00d6DEV\u0130 &#8220;OTUR, SIFIR!&#8221;"},"content":{"rendered":"<p><a href=\"https:\/\/baraka.cc\/wp-content\/uploads\/2020\/09\/e\u011fitim-bak.-eylem.jpg\"><img decoding=\"async\" loading=\"lazy\" class=\"size-medium wp-image-7718 alignright\" alt=\"e\u011fitim bak. eylem\" src=\"https:\/\/baraka.cc\/wp-content\/uploads\/2020\/09\/e\u011fitim-bak.-eylem-300x168.jpg\" width=\"300\" height=\"168\" srcset=\"https:\/\/baraka.cc\/wp-content\/uploads\/2020\/09\/e\u011fitim-bak.-eylem-300x168.jpg 300w, https:\/\/baraka.cc\/wp-content\/uploads\/2020\/09\/e\u011fitim-bak.-eylem.jpg 864w\" sizes=\"(max-width: 300px) 100vw, 300px\" \/><\/a>Baraka K\u00fclt\u00fcr Merkezi e\u011fitimdeki sorunlar\u0131 ve derinle\u015ftirilen f\u0131rsat e\u015fitsizli\u011fini dile getirmek ve h\u00fck\u00fcmete taleplerini iletmek amac\u0131yla 17 Eyl\u00fcl Per\u015fembe g\u00fcn\u00fc saat 13.00&#8217;te E\u011fitim Bakanl\u0131\u011f\u0131 \u00f6n\u00fcnde bir bas\u0131n a\u00e7\u0131klamas\u0131 ger\u00e7ekle\u015ftirdi. Eylemde, Bakanl\u0131\u011fa bir de kara tahta hediye edilerek \u00fczerine h\u00fck\u00fcmetin ev \u00f6devi ve notu yaz\u0131ld\u0131.<br \/>\nS\u0131n\u0131rl\u0131 say\u0131da ki\u015fi ile ve sosyal mesafeli olarak ger\u00e7ekle\u015ftirilen a\u00e7\u0131klamada, h\u00fck\u00fcmetin pandemi s\u00fcrecini do\u011fru y\u00f6netemedi\u011fi yetersiz tedbirlerden dolay\u0131 okula ba\u015flayamayan \u00e7ocuklar\u0131n \u00f6\u011fretmenleriyle g\u00f6z g\u00f6ze e\u011fitim yapamad\u0131\u011f\u0131 vurgulan\u0131rken bu durumun evlerinde bilgisayar, internet gibi ara\u00e7lar\u0131 olmayan \u00f6\u011frenciler i\u00e7in de bir f\u0131rsat e\u015fitsizli\u011fi do\u011furdu\u011fu belirtildi.\u00a0 Salg\u0131n\u0131n uzun s\u00fcrece\u011fi d\u00fc\u015f\u00fcn\u00fcld\u00fc\u011f\u00fcnde, ultra zenginlerden al\u0131nacak servet vergisiyle ve toplumsal dayan\u0131\u015fmayla bu imkanlar\u0131n sa\u011flanmas\u0131 bundan sonras\u0131 i\u00e7in hedeflenmelidir denildi. Bu s\u00fcre\u00e7te Bakanl\u0131\u011f\u0131n kamusal e\u011fitime gereken alt yap\u0131y\u0131 sa\u011flayamad\u0131\u011f\u0131 i\u00e7in toplumun en ayd\u0131n kesimi olan \u00f6\u011fretmenlerin at\u0131l ve \u00e7aresiz bir duruma s\u00fcr\u00fcklendi\u011fi ve toplumdaki itibarlar\u0131n\u0131n zedelendi\u011fine vurgu yap\u0131ld\u0131. Ayr\u0131ca kamu okullar\u0131ndaki \u00f6\u011fretmenlerin sendikas\u0131z ve g\u00fcvencesiz bir \u015fekilde \u00e7al\u0131\u015fan \u00f6zel okullardaki meslekta\u015flar\u0131yla s\u0131n\u0131fsal dayan\u0131\u015fmas\u0131n\u0131n, e\u011fitimcilerin ve e\u011fitim hakk\u0131n\u0131n lay\u0131k oldu\u011fu yere ula\u015fmas\u0131 i\u00e7in hayati \u00f6nemde oldu\u011funa da de\u011finildi.\u00a0 Bildiride salg\u0131n\u0131n \u00f6n\u00fcm\u00fczdeki s\u00fcre\u00e7te de s\u00fcrme ihtimalinin oldu\u011fu ve \u00fclkeyi y\u00f6netenlerin gerek e\u011fitim gerekse sa\u011fl\u0131k alanlar\u0131nda halka sunduklar\u0131 ge\u00e7ici ve niteli\u011fi yetersiz \u00e7\u00f6z\u00fcmleri bir an \u00f6nce d\u00fczeltmeleri istendi. Karantinas\u0131z giri\u015flerin durdurulmas\u0131 ve pandemi hastanesinin hayata ge\u00e7irilip sa\u011fl\u0131k alt yap\u0131s\u0131n\u0131n herkes i\u00e7in ula\u015f\u0131labilir hale getirilmesiyle yarat\u0131lan f\u0131rsat e\u015fitsizli\u011finin \u00f6n\u00fcne ge\u00e7ilebilece\u011fi savunuldu.<\/p>\n<p>&nbsp;<\/p>\n","protected":false},"excerpt":{"rendered":"<p>Baraka K\u00fclt\u00fcr Merkezi e\u011fitimdeki sorunlar\u0131 ve derinle\u015ftirilen f\u0131rsat e\u015fitsizli\u011fini dile getirmek ve h\u00fck\u00fcmete taleplerini iletmek amac\u0131yla 17 Eyl\u00fcl Per\u015fembe g\u00fcn\u00fc saat 13.00&#8217;te E\u011fitim Bakanl\u0131\u011f\u0131 \u00f6n\u00fcnde<\/p>\n","protected":false},"author":7,"featured_media":7718,"comment_status":"open","ping_status":"open","sticky":false,"template":"","format":"standard","meta":{"jetpack_post_was_ever_published":false,"_jetpack_newsletter_access":"","_jetpack_newsletter_tier_id":0,"jetpack_publicize_message":"","jetpack_is_tweetstorm":false,"jetpack_publicize_feature_enabled":true,"jetpack_social_post_already_shared":true,"jetpack_social_options":{"image_generator_settings":{"template":"highway","enabled":false}}},"categories":[44,9,1],"tags":[],"jetpack_publicize_connections":[],"jetpack_featured_media_url":"https:\/\/baraka.cc\/wp-content\/uploads\/2020\/09\/e\u011fitim-bak.-eylem.jpg","jetpack_shortlink":"https:\/\/wp.me\/p4eHWX-20t","jetpack_sharing_enabled":true,"_links":{"self":[{"href":"https:\/\/baraka.cc\/index.php?rest_route=\/wp\/v2\/posts\/7717"}],"collection":[{"href":"https:\/\/baraka.cc\/index.php?rest_route=\/wp\/v2\/posts"}],"about":[{"href":"https:\/\/baraka.cc\/index.php?rest_route=\/wp\/v2\/types\/post"}],"author":[{"embeddable":true,"href":"https:\/\/baraka.cc\/index.php?rest_route=\/wp\/v2\/users\/7"}],"replies":[{"embeddable":true,"href":"https:\/\/baraka.cc\/index.php?rest_route=%2Fwp%2Fv2%2Fcomments&post=7717"}],"version-history":[{"count":1,"href":"https:\/\/baraka.cc\/index.php?rest_route=\/wp\/v2\/posts\/7717\/revisions"}],"predecessor-version":[{"id":7719,"href":"https:\/\/baraka.cc\/index.php?rest_route=\/wp\/v2\/posts\/7717\/revisions\/7719"}],"wp:featuredmedia":[{"embeddable":true,"href":"https:\/\/baraka.cc\/index.php?rest_route=\/wp\/v2\/media\/7718"}],"wp:attachment":[{"href":"https:\/\/baraka.cc\/index.php?rest_route=%2Fwp%2Fv2%2Fmedia&parent=7717"}],"wp:term":[{"taxonomy":"category","embeddable":true,"href":"https:\/\/baraka.cc\/index.php?rest_route=%2Fwp%2Fv2%2Fcategories&post=7717"},{"taxonomy":"post_tag","embeddable":true,"href":"https:\/\/baraka.cc\/index.php?rest_route=%2Fwp%2Fv2%2Ftags&post=7717"}],"curies":[{"name":"wp","href":"https:\/\/api.w.org\/{rel}","templated":true}]}}