{"id":7734,"date":"2020-10-05T17:25:20","date_gmt":"2020-10-05T15:25:20","guid":{"rendered":"https:\/\/baraka.cc\/?p=7734"},"modified":"2020-10-05T17:25:20","modified_gmt":"2020-10-05T15:25:20","slug":"cevabimiz-neden-akinci","status":"publish","type":"post","link":"https:\/\/baraka.cc\/?p=7734","title":{"rendered":"CEVABIMIZ NEDEN AKINCI?"},"content":{"rendered":"<p>11 Ekim Pazar g\u00fcn\u00fc, K\u0131br\u0131s\u2019\u0131n kuzeyinde ger\u00e7ekle\u015fecek Cumhurba\u015fkanl\u0131\u011f\u0131 se\u00e7imlerine y\u00f6nelik bizler Baraka K\u00fclt\u00fcr Merkezi olarak daha \u00f6nce de se\u00e7imle ilgili taraf\u0131m\u0131z\u0131 ilan etmi\u015f ve say\u0131n Ak\u0131nc\u0131\u2019n\u0131n yan\u0131nda oldu\u011fumuzu belirtmi\u015ftik.<\/p>\n<p>Se\u00e7ime say\u0131l\u0131 g\u00fcnler kala, AKP iktidar\u0131n\u0131n K\u0131br\u0131s sorunundan Do\u011fu Akdeniz\u2019deki geli\u015fmelere, K\u0131br\u0131sl\u0131 T\u00fcrklerin ya\u015fam bi\u00e7imlerinden ifade \u00f6zg\u00fcrl\u00fcklerine m\u00fcdahaleye kadar y\u00f6n vermek istedi\u011fi bir\u00e7ok konuda z\u0131tla\u015ft\u0131\u011f\u0131 Cumhurba\u015fkan\u0131 Mustafa Ak\u0131nc\u0131\u2019ya kar\u015f\u0131, \u00fclkemizde t\u00fcm kaynaklar\u0131n\u0131 ve i\u015fbirlik\u00e7ilerini seferber ederek el\u00e7ilik arac\u0131l\u0131\u011f\u0131yla se\u00e7im \u00e7al\u0131\u015fmas\u0131 y\u00fcr\u00fctmekte oldu\u011funu g\u00f6r\u00fcyoruz. AKP\u2019nin K\u0131br\u0131s\u2019\u0131n kuzeyinde halk\u0131m\u0131z\u0131n iradesine y\u00f6nelik bu m\u00fcdahaleleri kar\u015f\u0131s\u0131nda, say\u0131n Ak\u0131nc\u0131 etraf\u0131nda daha g\u00fc\u00e7l\u00fc bir \u015fekilde kenetlendi\u011fimizi herkesin bilmesini isteriz.<\/p>\n<p>Bundan 5 y\u0131l \u00f6nce ger\u00e7ekle\u015fen ve Ak\u0131nc\u0131\u2019n\u0131n b\u00fcy\u00fck bir farkla kazand\u0131\u011f\u0131 se\u00e7imler \u00f6ncesinde de s\u00f6yledi\u011fimiz \u015feyi \u015fimdi yeniden tekrar ediyoruz. 2015 y\u0131l\u0131nda, kendisinin sosyal demokrat \u00e7izgisi ile bizden farkl\u0131 y\u00f6nlere sapan a\u00e7\u0131klamalar\u0131na koymu\u015f oldu\u011fumuz \u00e7ekince h\u00e2len devam etmekle birlikte, T\u00fcrkiye\u2019ye kar\u015f\u0131 K\u0131br\u0131sl\u0131 T\u00fcrklerin onurunu, iradesini ve \u00e7\u0131karlar\u0131n\u0131 koruyaca\u011f\u0131na, T\u00fcrkiye halklar\u0131 ile karde\u015fli\u011fimizi bozmaya \u00e7al\u0131\u015fan, T\u00fcrkiyeli karde\u015flerimize kan kusturan siyasi islam \u00e7etesi AKP\u2019ye kar\u015f\u0131 dik duru\u015funa devam edece\u011fine olan inanc\u0131m\u0131z tamd\u0131r. Aradan ge\u00e7en be\u015f y\u0131l, bu inanc\u0131m\u0131z\u0131 bo\u015fa \u00e7\u0131karmam\u0131\u015ft\u0131r. Keza Cumhurba\u015fkan\u0131m\u0131z, \u015foven K\u0131br\u0131sl\u0131 Elen liderli\u011fine kar\u015f\u0131 da \u00e7at\u0131\u015fmac\u0131 de\u011fil ama boyun da e\u011fmeden onurlu bir duru\u015f sergilenebilece\u011fini g\u00f6stermi\u015ftir.<\/p>\n<p>Baraka K\u00fclt\u00fcr Merkezi olarak, mevcut adaylar i\u00e7erisinde halklar\u0131n karde\u015fli\u011fini, \u00f6zg\u00fcrl\u00fcklerini ve bar\u0131\u015f\u0131 savunan, kendi halk\u0131ndan alaca\u011f\u0131 deste\u011fi, ne Ankara, ne Br\u00fcksel, ne de ba\u015fka bir d\u0131\u015f merkezden alaca\u011f\u0131 deste\u011fe de\u011fi\u015fmeyen tek aday\u0131n Mustafa Ak\u0131nc\u0131 oldu\u011fu g\u00f6r\u00fc\u015f\u00fcm\u00fcz\u00fc yineliyoruz.<\/p>\n<p>Bar\u0131\u015ftan, k\u00fclt\u00fcrden, sanattan, bilimden, ayd\u0131nl\u0131ktan, kad\u0131n ve \u00e7ocuk haklar\u0131ndan, iki devletlilik de\u011fil federasyondan, K\u0131br\u0131sl\u0131 T\u00fcrklerin iradesinin esas oldu\u011fundan yana olanlar\u0131 Ak\u0131nc\u0131\u2019ya oy vermeye \u00e7a\u011f\u0131r\u0131yoruz.<\/p>\n","protected":false},"excerpt":{"rendered":"<p>11 Ekim Pazar g\u00fcn\u00fc, K\u0131br\u0131s\u2019\u0131n kuzeyinde ger\u00e7ekle\u015fecek Cumhurba\u015fkanl\u0131\u011f\u0131 se\u00e7imlerine y\u00f6nelik bizler Baraka K\u00fclt\u00fcr Merkezi olarak daha \u00f6nce de se\u00e7imle ilgili taraf\u0131m\u0131z\u0131 ilan etmi\u015f ve say\u0131n<\/p>\n","protected":false},"author":4,"featured_media":7735,"comment_status":"open","ping_status":"open","sticky":false,"template":"","format":"standard","meta":{"jetpack_post_was_ever_published":false,"_jetpack_newsletter_access":"","_jetpack_newsletter_tier_id":0,"jetpack_publicize_message":"","jetpack_is_tweetstorm":false,"jetpack_publicize_feature_enabled":true,"jetpack_social_post_already_shared":true,"jetpack_social_options":{"image_generator_settings":{"template":"highway","enabled":false}}},"categories":[9,1],"tags":[],"jetpack_publicize_connections":[],"jetpack_featured_media_url":"https:\/\/baraka.cc\/wp-content\/uploads\/2020\/10\/baraka.jpg","jetpack_shortlink":"https:\/\/wp.me\/p4eHWX-20K","jetpack_sharing_enabled":true,"_links":{"self":[{"href":"https:\/\/baraka.cc\/index.php?rest_route=\/wp\/v2\/posts\/7734"}],"collection":[{"href":"https:\/\/baraka.cc\/index.php?rest_route=\/wp\/v2\/posts"}],"about":[{"href":"https:\/\/baraka.cc\/index.php?rest_route=\/wp\/v2\/types\/post"}],"author":[{"embeddable":true,"href":"https:\/\/baraka.cc\/index.php?rest_route=\/wp\/v2\/users\/4"}],"replies":[{"embeddable":true,"href":"https:\/\/baraka.cc\/index.php?rest_route=%2Fwp%2Fv2%2Fcomments&post=7734"}],"version-history":[{"count":1,"href":"https:\/\/baraka.cc\/index.php?rest_route=\/wp\/v2\/posts\/7734\/revisions"}],"predecessor-version":[{"id":7736,"href":"https:\/\/baraka.cc\/index.php?rest_route=\/wp\/v2\/posts\/7734\/revisions\/7736"}],"wp:featuredmedia":[{"embeddable":true,"href":"https:\/\/baraka.cc\/index.php?rest_route=\/wp\/v2\/media\/7735"}],"wp:attachment":[{"href":"https:\/\/baraka.cc\/index.php?rest_route=%2Fwp%2Fv2%2Fmedia&parent=7734"}],"wp:term":[{"taxonomy":"category","embeddable":true,"href":"https:\/\/baraka.cc\/index.php?rest_route=%2Fwp%2Fv2%2Fcategories&post=7734"},{"taxonomy":"post_tag","embeddable":true,"href":"https:\/\/baraka.cc\/index.php?rest_route=%2Fwp%2Fv2%2Ftags&post=7734"}],"curies":[{"name":"wp","href":"https:\/\/api.w.org\/{rel}","templated":true}]}}