{"id":7761,"date":"2020-10-29T11:39:46","date_gmt":"2020-10-29T09:39:46","guid":{"rendered":"https:\/\/baraka.cc\/?p=7761"},"modified":"2020-10-29T11:39:46","modified_gmt":"2020-10-29T09:39:46","slug":"90larda-turkiye-ve-celal-ozkizan","status":"publish","type":"post","link":"https:\/\/baraka.cc\/?p=7761","title":{"rendered":"90\u2019larda T\u00fcrkiye ve\u2026 &#8211; Celal \u00d6zk\u0131zan"},"content":{"rendered":"<p><em>90&#8217;lar dosya konusuyla sizlerle bulu\u015fan Argasdimiz, 90&#8217;lar T\u00fcrkiye&#8217;sini ele alan yaz\u0131s\u0131yla sizleri ge\u00e7mi\u015fe do\u011fru bir yolculu\u011fa \u00e7\u0131kar\u0131yor. Celal \u00d6zk\u0131zan&#8217;\u0131n kaleme ald\u0131\u011f\u0131 makalede, o y\u0131llar\u0131n\u00a0 ekonomisine, i\u015f\u00e7i s\u0131n\u0131f\u0131n\u0131n gidi\u015fat\u0131na, siyasete ve siyasi cinayatelere de\u011fin bir\u00e7ok farkl\u0131 konu ele al\u0131n\u0131yor.\u00a0 (Argasdi&#8217;ye 10 TL kar\u015f\u0131l\u0131\u011f\u0131nda gazete bayiilerinden, Baraka K\u00fclt\u00fcr Merkezi lokalinden ve b\u00f6lgenizdeki Khora Kitap&#8217;tan ula\u015fabilirsiniz.)<\/em><\/p>\n<p><a href=\"https:\/\/baraka.cc\/wp-content\/uploads\/2020\/10\/2-1.jpg\"><img decoding=\"async\" loading=\"lazy\" class=\"alignright\" alt=\"2 (1)\" src=\"https:\/\/baraka.cc\/wp-content\/uploads\/2020\/10\/2-1-300x167.jpg\" width=\"300\" height=\"167\" \/><\/a>Bu yaz\u0131da, 90\u2019l\u0131 y\u0131llar\u0131n T\u00fcrkiye\u2019sinin \u00e7e\u015fitli boyutlar\u0131, ayr\u0131 ba\u015fl\u0131klar alt\u0131nda ele al\u0131nacakt\u0131r. Her bir ba\u015fl\u0131\u011f\u0131n birbiriyle ili\u015fkili oldu\u011funu ve 1990\u2019l\u0131 y\u0131llar\u0131n T\u00fcrkiye\u2019sinin hikayesinin, 1980 darbesini takiben ya\u015fanan neoliberal toplumsal d\u00f6n\u00fc\u015f\u00fcm\u00fcn \u00fczerinde y\u00fckseldi\u011fini ak\u0131ldan \u00e7\u0131karmadan bu yaz\u0131y\u0131 okumak, yaz\u0131y\u0131 daha anlaml\u0131 hale getirecektir.<\/p>\n<p><b>90\u2019larda T\u00fcrkiye ve ekonomi<\/b><\/p>\n<p>90\u2019l\u0131 y\u0131llar, T\u00fcrkiye ekonomisi i\u00e7in \u00e7ok sanc\u0131l\u0131 bir d\u00f6nemi temsil eder. \u00d6zel olarak 1988-1999 aras\u0131 d\u00f6nem, Ercan\u2019\u0131n(1) tan\u0131mlamas\u0131yla \u201cpara-sermaye, \u00f6zellikle uluslararas\u0131 para sermaye hareketlerine dayal\u0131 birikim d\u00f6nemi\u201dni temsil eder. Bu do\u011frultuda faiz oranlar\u0131 ve kamu bor\u00e7lanmas\u0131 art\u0131r\u0131lm\u0131\u015f, sermaye hareketleri serbestle\u015ftirilmi\u015ftir. Bu y\u00f6nelimin bir sonucu olarak \u00f6nce 94 kamu bor\u00e7 krizi, sonras\u0131nda ise 2000-2001 bankac\u0131l\u0131k krizi ya\u015fanm\u0131\u015ft\u0131r. 90\u2019l\u0131 y\u0131llara makroekonomik a\u00e7\u0131dan bak\u0131ld\u0131\u011f\u0131nda; d\u0131\u015f ticaret a\u00e7\u0131\u011f\u0131n\u0131n modern T\u00fcrkiye tarihinde ilk kez ciddi \u015fekilde b\u00fcy\u00fcd\u00fc\u011f\u00fc, d\u0131\u015f bor\u00e7 y\u00fck\u00fcn\u00fcn muazzam seviyelerde artt\u0131\u011f\u0131 ve enflasyon oranlar\u0131n\u0131n \u00fclkenin tarihindeki en y\u00fcksek seviyelere \u00e7\u0131kt\u0131\u011f\u0131 bir tablo ile kar\u015f\u0131la\u015f\u0131lmaktad\u0131r. 1988-2002 d\u00f6nemi, ortalama %3,2 ile Cumhuriyet tarihinin en d\u00fc\u015f\u00fck b\u00fcy\u00fcme h\u0131z\u0131n\u0131n yakaland\u0131\u011f\u0131 d\u00f6nemdir. Bunda, sermaye birikim oranlar\u0131nda ya\u015fanan \u00e7ok b\u00fcy\u00fck d\u00fc\u015f\u00fc\u015f ciddi bir etkendir.<\/p>\n<p><b>90\u2019larda T\u00fcrkiye ve i\u015f\u00e7i s\u0131n\u0131f\u0131<\/b><\/p>\n<p>90\u2019l\u0131 y\u0131llar, T\u00fcrkiye\u2019de \u201cproleterle\u015fme\u201d dalgas\u0131n\u0131n ya\u015fand\u0131\u011f\u0131 bir d\u00f6nemdir. 1990 y\u0131l\u0131na gelindi\u011finde bir \u00fccret veya maa\u015f kar\u015f\u0131l\u0131\u011f\u0131nda \u00e7al\u0131\u015fanlar\u0131n toplam istihdama oran\u0131 %39 iken, 2000\u2019li y\u0131llar\u0131n ba\u015f\u0131nda bu oran %51\u2019e \u00e7\u0131km\u0131\u015ft\u0131r.(2) Emek\u00e7i say\u0131s\u0131ndaki bu ciddi y\u00fckseli\u015fe kar\u015f\u0131n, toplu i\u015f s\u00f6zle\u015fmesi kapsam\u0131ndaki i\u015f\u00e7i say\u0131s\u0131nda sadece oransal anlamda de\u011fil mutlak anlamda da d\u00fc\u015f\u00fc\u015fler ger\u00e7ekle\u015fti. Kamuda 1990-2000 d\u00f6neminde toplu i\u015f s\u00f6zle\u015fmesi kapsam\u0131ndaki i\u015f\u00e7i say\u0131s\u0131 909,787\u2019den 648,119\u2019a d\u00fc\u015ferken, \u00f6zel sekt\u00f6rde toplu i\u015f s\u00f6zle\u015fmesi kapsam\u0131nda 1986 y\u0131l\u0131nda 630,000 olan i\u015f\u00e7i say\u0131s\u0131 2000 y\u0131l\u0131nda 388,934\u2019e d\u00fc\u015fm\u00fc\u015ft\u00fcr (a.g.e, 58). Yine de, emek hareketinin topyek\u00fcn geri \u00e7ekilmesine yol a\u00e7an 80\u2019lerin politik anlamda bask\u0131c\u0131 ve ekonomik anlamda neoliberal sald\u0131r\u0131lar\u0131, me\u015fhur 89 Bahar Eylemleri ba\u015fta olmak \u00fczere emek hareketinin \u00fczerindeki \u00f6l\u00fc topra\u011f\u0131 atmas\u0131yla k\u0131smen de olsa kesintiye u\u011frad\u0131. Neoliberal d\u00f6n\u00fc\u015f\u00fcm\u00fcn sermaye lehine yaratt\u0131\u011f\u0131 pazarl\u0131k g\u00fcc\u00fcn\u00fcn sendikala\u015fma ve toplu s\u00f6zle\u015fme \u00fczerindeki olumsuz bask\u0131s\u0131 bu toparlanmadan pek etkilenmemekle birlikte, reel \u00fccretlerin toplam katma de\u011fer i\u00e7indeki pay\u0131 1988\u2019deki dip nokta olan 15,4\u2019ten 99 y\u0131l\u0131nda 20,9\u2019a \u00e7\u0131km\u0131\u015ft\u0131r.(3)<\/p>\n<p><b><a href=\"https:\/\/baraka.cc\/wp-content\/uploads\/2020\/10\/1-2.jpg\"><img decoding=\"async\" loading=\"lazy\" class=\"alignright\" alt=\"1 (2)\" src=\"https:\/\/baraka.cc\/wp-content\/uploads\/2020\/10\/1-2-300x182.jpg\" width=\"300\" height=\"182\" \/><\/a>90\u2019larda T\u00fcrkiye ve siyaset<\/b><\/p>\n<p>90\u2019lar T\u00fcrkiye\u2019sinin siyasal ya\u015fam\u0131, 80\u2019lerdeki neoliberal toplumsal d\u00f6n\u00fc\u015f\u00fcm\u00fcn sanc\u0131lar\u0131 ile \u015fekillenmi\u015ftir.<\/p>\n<p>1990-2000 aras\u0131 d\u00f6nemde T\u00fcrkiye\u2019de 11 de\u011fi\u015fik h\u00fck\u00fcmet kurulmu\u015ftur. ANAP\u2019\u0131n son birka\u00e7 y\u0131l\u0131 ile Ecevit\u2019in 137 g\u00fcnl\u00fck k\u0131sa deneyimi haricinde b\u00fct\u00fcn h\u00fck\u00fcmetler, koalisyon olarak hayat bulmu\u015ftur. Ekonomi politikalar\u0131 konusunda ciddi bir farkl\u0131l\u0131k g\u00f6steren alternatiflerin yoklu\u011funa tezat olarak, siyasal alan\u0131n yeniden d\u00fczenlenmesi bak\u0131m\u0131ndan \u201cd\u00fczen i\u00e7i siyasi rekabet\u201din k\u0131z\u0131\u015ft\u0131\u011f\u0131 bir d\u00f6nemdir 90\u2019lar. Bu k\u0131z\u0131\u015fman\u0131n sebeplerinden biri, egemenlerin halka kar\u015f\u0131 neoliberal d\u00f6n\u00fc\u015f\u00fcmle birlikte mutlak zafer kazanmas\u0131na kar\u015f\u0131n, 90\u2019lar\u0131n s\u0131k\u0131nt\u0131l\u0131 ekonomik ortam\u0131n\u0131n egemenlerin kendi i\u00e7inde bir siyasal istikrar yakalayamamas\u0131na sebep olmas\u0131, yani kazan\u0131lm\u0131\u015f d\u00fczeni y\u00f6netememe krizinin ya\u015fanm\u0131\u015f olmas\u0131d\u0131r.<\/p>\n<p>Bu k\u0131z\u0131\u015fman\u0131n sebeplerinden di\u011feri ise, 80\u2019lerin halkta yaratt\u0131\u011f\u0131 ekonomik y\u0131k\u0131m\u0131n do\u011furdu\u011fu \u00f6fkenin ve sosyal kaynaman\u0131n, ekonomik bir alternatifin yoklu\u011funda kendisini \u00e7e\u015fitli kimlik politikalar\u0131 arac\u0131l\u0131\u011f\u0131yla ifade etmesi ve bunun bir sonucu olarak da siyasal alan\u0131n, kimlik politikalar\u0131 temelli bir rekabet\u00e7e \u015fekillenmesidir. Bu \u00e7er\u00e7evede, bir yanda gerek silahl\u0131 gerek siyasi kanad\u0131yla 90\u2019larla birlikte art\u0131k tamamen kimlik temelli \u00e7izgide m\u00fccadele veren K\u00fcrt Hareketi\u2019nin 90\u2019l\u0131 y\u0131llar boyunca en \u00fcst noktaya varan ve ancak 99\u2019da \u00d6calan\u2019\u0131n yakalanmas\u0131yla g\u00fc\u00e7 kaybeden isyan hareketleri (Serhildan); bir yanda K\u00fcrt Hareketi\u2019ne kar\u015f\u0131 mutlak bir uzla\u015fmazl\u0131kla, T\u00fcrk kimli\u011fi temelinde ve d\u00fc\u015f\u00fck yo\u011funluklu sava\u015f y\u00f6ntemiyle sald\u0131rgan bir tutum izleyen egemen siyasi \u00e7izgi; bir yanda yoksulla\u015fan ve g\u00fcvencesizle\u015fen kitleleri din temelli kimlik \u00fczerinden ve \u00f6zellikle de kazand\u0131\u011f\u0131 belediyeleri bir ara\u00e7 olarak kullan\u0131p \u00f6rg\u00fctleyen, bu esnada da k\u00fc\u00e7\u00fck burjuval\u0131ktan b\u00fcy\u00fck burjuval\u0131\u011fa terfi eden Siyasal \u0130slamc\u0131 \u00e7izgi; bir yanda, halk\u00e7\u0131 bir i\u00e7erikten tamamen yoksun, d\u00fczen i\u00e7i siyasette kendine alan a\u00e7mak d\u0131\u015f\u0131nda bir i\u015flevi olmayan ve tepe ifadesini 28 \u015eubat Kararlar\u0131\u2019nda bulan askeriye destekli \u201claik\u00e7i\u201d siyasi \u00e7izgi; bir yanda 96 G\u00fcmr\u00fck Birli\u011fi Antla\u015fmas\u0131 ve 99 Helsinki Zirvesi\u2019nde T\u00fcrkiye\u2019nin AB\u2019ye adayl\u0131\u011f\u0131n\u0131n resmen onaylanmas\u0131 ile tepe ifadesini bulan, fikirsel \u00f6nc\u00fcl\u00fc\u011f\u00fcn\u00fc b\u00fcy\u00fck finans ve ticaret sermayesinin \u00e7ekti\u011fi siyasi \u00e7izgi\u2026 2000\u2019li y\u0131llarla birlikte bu m\u00fccadeleden Siyasal \u0130slamc\u0131 \u00e7izgi -di\u011fer \u00e7izgileri de kendi i\u00e7inde eriterek- zaferle ayr\u0131lm\u0131\u015f olacakt\u0131, fakat bu kavgan\u0131n kazanan\u0131 kim olursa olsun, alternatif ekonomi politikalar\u0131n\u0131n yoklu\u011funda, kaybeden her hal\u00fck\u00e2rda T\u00fcrkiye halklar\u0131 olacakt\u0131.<\/p>\n<p><b><a href=\"https:\/\/baraka.cc\/wp-content\/uploads\/2020\/10\/3-2.jpg\"><img decoding=\"async\" loading=\"lazy\" class=\"alignleft\" alt=\"3 (2)\" src=\"https:\/\/baraka.cc\/wp-content\/uploads\/2020\/10\/3-2-300x168.jpg\" width=\"300\" height=\"168\" \/><\/a>90\u2019larda T\u00fcrkiye ve siyasi cinayetler<\/b><\/p>\n<p>90\u2019l\u0131 y\u0131llar T\u00fcrkiye\u2019si \u00e7ok say\u0131da siyasi cinayete tan\u0131kl\u0131k etmi\u015ftir. Bu siyasi cinayetlerin kurbanlar\u0131 aras\u0131nda Muammer Aksoy, \u00c7etin Eme\u00e7, Turan Dursun, Bahriye \u00dc\u00e7ok, Musa Anter, U\u011fur Mumcu, Metin G\u00f6ktepe, \u00d6zdemir Sabanc\u0131 ve Ahmet Taner K\u0131\u015flal\u0131 vard\u0131r. Bug\u00fcn ak\u0131llarda en \u00e7ok kalan ise toplu siyasi cinayetlerin en ac\u0131 \u00f6rneklerinden biri olan ve 2 otel \u00e7al\u0131\u015fan\u0131 ile 33 sanat\u00e7\u0131 ve ayd\u0131n\u0131n \u00f6ld\u00fcr\u00fcld\u00fc\u011f\u00fc Sivas Katliam\u0131\u2019d\u0131r. Sivillerin hedef al\u0131nd\u0131\u011f\u0131 Sivas Katliam\u0131\u2019ndan k\u0131sa bir s\u00fcre sonra, \u201cmisilleme\u201d ad\u0131 alt\u0131nda yine sivilleri hedef alarak 28 ki\u015fiyi \u00f6ld\u00fcren PKK\u2019n\u0131n \u00f6znesi oldu\u011fu Ba\u015fba\u011flar Katliam\u0131\u2019n\u0131 da not etmek gerekir. Bu siyasi cinayetlere ek olarak, 90\u2019l\u0131 y\u0131llar, g\u00f6zalt\u0131nda \u201c\u00f6len\u201d insanlara da ac\u0131 bir bi\u00e7imde tan\u0131kl\u0131k etmi\u015ftir. Bu insanlar aras\u0131nda Hacettepe \u00f6\u011frencisi Birtan Altunba\u015f, Cumartesi Anneleri\u2019nin ortaya \u00e7\u0131k\u0131\u015f sebebi olan Gazi Mahallesi\u2019nden aktivist Hasan Ocak ve sendikac\u0131 S\u00fcleyman Yeter bulunmaktad\u0131r.<\/p>\n<p>Konu ile ba\u011flant\u0131l\u0131 olarak, 90\u2019l\u0131 y\u0131llar T\u00fcrkiye\u2019si Zonguldak Kozlu\u2019da 263 i\u015f\u00e7inin \u00f6l\u00fcm\u00fcyle sonu\u00e7lanan maden patlamas\u0131na, 22 ki\u015finin hayat\u0131n\u0131 kaybetti\u011fi Gazi Mahallesi Olaylar\u0131\u2019na, kamuoyunda \u201cManisa Davas\u0131\u201d olarak bilinen 16 liseli gencin i\u015fkenceden ge\u00e7irilmesi olay\u0131na, 3 ki\u015finin \u00f6ld\u00fc\u011f\u00fc 1 May\u0131s 1996 Olaylar\u0131\u2019na, 12 ki\u015finin \u00f6l\u00fcm\u00fcyle sonu\u00e7lanan 96 y\u0131l\u0131 cezaevi kitlesel a\u00e7l\u0131k grevlerine ve \u00f6\u011frenci Kenan Mak\u2019\u0131n \u00fclk\u00fcc\u00fcler taraf\u0131ndan \u00f6ld\u00fcr\u00fclmesine de tan\u0131kl\u0131k etmi\u015ftir.<\/p>\n<p><b><a href=\"https:\/\/baraka.cc\/wp-content\/uploads\/2020\/10\/4-2.jpg\"><img decoding=\"async\" loading=\"lazy\" class=\"alignright\" alt=\"4 (2)\" src=\"https:\/\/baraka.cc\/wp-content\/uploads\/2020\/10\/4-2-300x169.jpg\" width=\"300\" height=\"169\" \/><\/a>90\u2019larda T\u00fcrkiye ve \u201cdo\u011fal\u201d cinayetler<\/b><\/p>\n<p>90\u2019lar T\u00fcrkiye\u2019si; deprem, sel ve heyelan facialar\u0131n\u0131n \u00e7ok ac\u0131 bir bi\u00e7imde deneyimlendi\u011fi bir on y\u0131l olmu\u015ftur. Herkesin akl\u0131na kaz\u0131nm\u0131\u015f olan ve 19 bine yak\u0131n ki\u015finin \u00f6l\u00fcm\u00fcyle sonu\u00e7lanan 99 G\u00f6lc\u00fck Depremi\u2019nin yan\u0131s\u0131ra 653 ki\u015finin \u00f6ld\u00fc\u011f\u00fc Erzincan Depremi, 90 ki\u015finin \u00f6ld\u00fc\u011f\u00fc Afyon Depremi, 74 ki\u015finin \u00f6ld\u00fc\u011f\u00fc Isparta\u2019da sel ve heyelan facias\u0131, 61 ki\u015finin \u00f6ld\u00fc\u011f\u00fc \u0130zmir sel felaketi ve 1,000\u2019e yak\u0131n ki\u015finin \u00f6ld\u00fc\u011f\u00fc D\u00fczce Depremi, 90\u2019l\u0131 y\u0131llar\u0131n en b\u00fcy\u00fck kay\u0131pl\u0131 facialar\u0131 olarak kay\u0131tlara ge\u00e7mi\u015ftir.<\/p>\n<p><b><a href=\"https:\/\/baraka.cc\/wp-content\/uploads\/2020\/10\/5-1.jpg\"><img decoding=\"async\" loading=\"lazy\" class=\"alignleft\" alt=\"5 (1)\" src=\"https:\/\/baraka.cc\/wp-content\/uploads\/2020\/10\/5-1-300x172.jpg\" width=\"300\" height=\"172\" \/><\/a>90\u2019larda T\u00fcrkiye ve siyasi skandallar<\/b><\/p>\n<p>G\u00fcn\u00fcm\u00fcz T\u00fcrkiye\u2019sinde siyasi skandallar\u0131n siyasetin gayet ola\u011fan bir par\u00e7as\u0131 olarak kan\u0131ksanm\u0131\u015f olmas\u0131n\u0131n ve \u201cskandal\u201d olarak bile g\u00f6r\u00fclmemesinin aksine, 90\u2019l\u0131 y\u0131llarda siyasi skandallar ciddi birer g\u00fcndem, tart\u0131\u015fma ve protesto konusuydular. 90\u2019l\u0131 y\u0131llar\u0131n en b\u00fcy\u00fck siyasi skandal\u0131, Susurluk idi. B\u00fcrokrasi-siyaset-mafya ili\u015fkilerinin beklenmedik bir anda a\u00e7\u0131\u011fa \u00e7\u0131kmas\u0131na sebep olan bir trafik kazas\u0131n\u0131n ard\u0131ndan patlak veren skandal, \u201cS\u00fcrekli Ayd\u0131nl\u0131k \u0130\u00e7in Bir Dakika Karanl\u0131k Eylemleri\u201d ile kitlesel olarak protesto edilmi\u015fti. Susurluk\u2019un yan\u0131 s\u0131ra, \u0130SK\u0130 genel m\u00fcd\u00fcr\u00fcn\u00fcn \u0130SK\u0130 ihalelerini paravan olarak kurdu\u011fu \u015firketlere verdi\u011fi 93 \u0130SK\u0130 Skandal\u0131, Civangate olarak bilinen ve Emlak Bankas\u0131 etraf\u0131nda ger\u00e7ekle\u015fen r\u00fc\u015fvet ve cinayet skandal\u0131 ile Necmettin Erbakan\u2019\u0131n ve di\u011fer baz\u0131 Refah Partisi yetkililerinin hapis cezas\u0131yla sonu\u00e7lanan Kay\u0131p Trilyon Davas\u0131, bu d\u00f6nemde \u00f6ne \u00e7\u0131kan siyasi skandallard\u0131r.<\/p>\n<p>&nbsp;<\/p>\n<p><b>Referanslar<\/b><\/p>\n<p>(1)Ercan, F. (2006). T\u00fcrkiye\u2019de Kapitalizmin S\u00fcreklilik \u0130\u00e7inde De\u011fi\u015fimi (1980-2004). <i>T\u00fcrkiye\u2019de Kapitalizmin Geli\u015fimi<\/i> i\u00e7inde (375-411). Dipnot.<\/p>\n<p>(2)\u00c7elik, A. (2006). Yeni Sorun Alanlar\u0131, E\u011filimler ve Aray\u0131\u015flar: Sendikalar\u0131n Yeni D\u00fcnyas\u0131. F. Sazak (Der.), <i>T\u00fcrkiye\u2019de Sendikal Kriz ve Sendikal Aray\u0131\u015flar<\/i> i\u00e7inde (17-74). Ep\u00a0\u00a0\u00a0 os<\/p>\n<p>(3)Boratav, K. (2005). T\u00fcrkiye \u0130ktisat Tarihi (9. Bask\u0131). \u0130mge.<\/p>\n<p><b>\u00a0<\/b><\/p>\n<p>.<\/p>\n<p>&nbsp;<\/p>\n<p>&nbsp;<\/p>\n","protected":false},"excerpt":{"rendered":"<p>90&#8217;lar dosya konusuyla sizlerle bulu\u015fan Argasdimiz, 90&#8217;lar T\u00fcrkiye&#8217;sini ele alan yaz\u0131s\u0131yla sizleri ge\u00e7mi\u015fe do\u011fru bir yolculu\u011fa \u00e7\u0131kar\u0131yor. Celal \u00d6zk\u0131zan&#8217;\u0131n kaleme ald\u0131\u011f\u0131 makalede, o y\u0131llar\u0131n\u00a0 ekonomisine,<\/p>\n","protected":false},"author":7,"featured_media":7763,"comment_status":"open","ping_status":"open","sticky":false,"template":"","format":"standard","meta":{"jetpack_post_was_ever_published":false,"_jetpack_newsletter_access":"","_jetpack_newsletter_tier_id":0,"jetpack_publicize_message":"","jetpack_is_tweetstorm":false,"jetpack_publicize_feature_enabled":true,"jetpack_social_post_already_shared":true,"jetpack_social_options":{"image_generator_settings":{"template":"highway","enabled":false}}},"categories":[40,67,44,9,1,39],"tags":[],"jetpack_publicize_connections":[],"jetpack_featured_media_url":"https:\/\/baraka.cc\/wp-content\/uploads\/2020\/10\/2-1.jpg","jetpack_shortlink":"https:\/\/wp.me\/p4eHWX-21b","jetpack_sharing_enabled":true,"_links":{"self":[{"href":"https:\/\/baraka.cc\/index.php?rest_route=\/wp\/v2\/posts\/7761"}],"collection":[{"href":"https:\/\/baraka.cc\/index.php?rest_route=\/wp\/v2\/posts"}],"about":[{"href":"https:\/\/baraka.cc\/index.php?rest_route=\/wp\/v2\/types\/post"}],"author":[{"embeddable":true,"href":"https:\/\/baraka.cc\/index.php?rest_route=\/wp\/v2\/users\/7"}],"replies":[{"embeddable":true,"href":"https:\/\/baraka.cc\/index.php?rest_route=%2Fwp%2Fv2%2Fcomments&post=7761"}],"version-history":[{"count":2,"href":"https:\/\/baraka.cc\/index.php?rest_route=\/wp\/v2\/posts\/7761\/revisions"}],"predecessor-version":[{"id":7768,"href":"https:\/\/baraka.cc\/index.php?rest_route=\/wp\/v2\/posts\/7761\/revisions\/7768"}],"wp:featuredmedia":[{"embeddable":true,"href":"https:\/\/baraka.cc\/index.php?rest_route=\/wp\/v2\/media\/7763"}],"wp:attachment":[{"href":"https:\/\/baraka.cc\/index.php?rest_route=%2Fwp%2Fv2%2Fmedia&parent=7761"}],"wp:term":[{"taxonomy":"category","embeddable":true,"href":"https:\/\/baraka.cc\/index.php?rest_route=%2Fwp%2Fv2%2Fcategories&post=7761"},{"taxonomy":"post_tag","embeddable":true,"href":"https:\/\/baraka.cc\/index.php?rest_route=%2Fwp%2Fv2%2Ftags&post=7761"}],"curies":[{"name":"wp","href":"https:\/\/api.w.org\/{rel}","templated":true}]}}