{"id":7773,"date":"2020-11-06T14:14:07","date_gmt":"2020-11-06T12:14:07","guid":{"rendered":"https:\/\/baraka.cc\/?p=7773"},"modified":"2020-11-06T14:14:07","modified_gmt":"2020-11-06T12:14:07","slug":"izle-tartista-secilmis-the-giver-filmi-izlenecek","status":"publish","type":"post","link":"https:\/\/baraka.cc\/?p=7773","title":{"rendered":"\u0130zle-Tart\u0131\u015f\u2019ta SE\u00c7\u0130LM\u0130\u015e \/ The Giver Filmi \u0130zlenecek"},"content":{"rendered":"<p><a href=\"https:\/\/baraka.cc\/wp-content\/uploads\/2020\/11\/se\u00e7ilmi\u015f-the-giver.jpg\"><img decoding=\"async\" loading=\"lazy\" class=\"alignnone size-medium wp-image-7775\" alt=\"se\u00e7ilmi\u015f-the giver\" src=\"https:\/\/baraka.cc\/wp-content\/uploads\/2020\/11\/se\u00e7ilmi\u015f-the-giver-212x300.jpg\" width=\"212\" height=\"300\" srcset=\"https:\/\/baraka.cc\/wp-content\/uploads\/2020\/11\/se\u00e7ilmi\u015f-the-giver-212x300.jpg 212w, https:\/\/baraka.cc\/wp-content\/uploads\/2020\/11\/se\u00e7ilmi\u015f-the-giver-724x1024.jpg 724w, https:\/\/baraka.cc\/wp-content\/uploads\/2020\/11\/se\u00e7ilmi\u015f-the-giver.jpg 1448w\" sizes=\"(max-width: 212px) 100vw, 212px\" \/><\/a> Her ay\u0131n ilk Cumartesi ak\u015fam\u0131 \u00fccretsiz olarak ger\u00e7ekle\u015fen \u0130zle-Tart\u0131\u015f etkinli\u011fi kapsam\u0131nda 7 Kas\u0131m Cumartesi ak\u015fam\u0131 The Giver filmi izlenecek.<\/p>\n<p>Sava\u015flar nedeniyle yok olup yeniden kurulmu\u015f gelece\u011fin d\u00fcnyas\u0131nda m\u00fckemmel bir sistem kurulmas\u0131 ama\u00e7lanm\u0131\u015f ve sava\u015flar\u0131, insanlara ac\u0131 veren her olay\u0131 \u00f6nleyici \u00f6nlemler al\u0131narak toplum yeniden \u015fekillendirilmi\u015ftir. \u0130nsanlar aras\u0131ndaki farklar\u0131n kald\u0131r\u0131larak ayn\u0131l\u0131\u011f\u0131n (sameness) sa\u011fland\u0131\u011f\u0131, \u00f6zel hayat\u0131n ve se\u00e7imlerin engellendi\u011fi bu sistem Ya\u015fl\u0131lar ad\u0131 verilen bir grup insan taraf\u0131ndan y\u00f6netilmektedir. Bu d\u00fczenin insanl\u0131k i\u00e7in en iyi sistem oldu\u011funa inanan insanlar art\u0131k ac\u0131 \u00e7ekmeyecekler, sava\u015flar sonucunda yok olma tehlikesi ya\u015famayacaklard\u0131r. Bunun tabii ki b\u00fcy\u00fck bir bedeli de vard\u0131r.<\/p>\n<p>Ac\u0131n\u0131n, \u00f6fkenin, kederin ve di\u011fer duygular\u0131n olmad\u0131\u011f\u0131 topluluk halinde ya\u015fayan bir D\u00fcnya\u2019n\u0131n nas\u0131l olabilece\u011fini birlikte izlemek ve farkl\u0131l\u0131klar\u0131n renklili\u011fini ve gereklili\u011fini tart\u0131\u015fmak isteyen herkesi 7 Kas\u0131m ak\u015fam\u0131 19:00\u2019da Baraka lokaline bekleriz.<\/p>\n","protected":false},"excerpt":{"rendered":"<p>Her ay\u0131n ilk Cumartesi ak\u015fam\u0131 \u00fccretsiz olarak ger\u00e7ekle\u015fen \u0130zle-Tart\u0131\u015f etkinli\u011fi kapsam\u0131nda 7 Kas\u0131m Cumartesi ak\u015fam\u0131 The Giver filmi izlenecek. Sava\u015flar nedeniyle yok olup yeniden kurulmu\u015f<\/p>\n","protected":false},"author":8,"featured_media":7774,"comment_status":"open","ping_status":"open","sticky":false,"template":"","format":"standard","meta":{"jetpack_post_was_ever_published":false,"_jetpack_newsletter_access":"","_jetpack_newsletter_tier_id":0,"jetpack_publicize_message":"","jetpack_is_tweetstorm":false,"jetpack_publicize_feature_enabled":true,"jetpack_social_post_already_shared":true,"jetpack_social_options":{"image_generator_settings":{"template":"highway","enabled":false}}},"categories":[20,9,28,1],"tags":[],"jetpack_publicize_connections":[],"jetpack_featured_media_url":"https:\/\/baraka.cc\/wp-content\/uploads\/2020\/11\/se\u00e7ilmi\u015f2.jpg","jetpack_shortlink":"https:\/\/wp.me\/p4eHWX-21n","jetpack_sharing_enabled":true,"_links":{"self":[{"href":"https:\/\/baraka.cc\/index.php?rest_route=\/wp\/v2\/posts\/7773"}],"collection":[{"href":"https:\/\/baraka.cc\/index.php?rest_route=\/wp\/v2\/posts"}],"about":[{"href":"https:\/\/baraka.cc\/index.php?rest_route=\/wp\/v2\/types\/post"}],"author":[{"embeddable":true,"href":"https:\/\/baraka.cc\/index.php?rest_route=\/wp\/v2\/users\/8"}],"replies":[{"embeddable":true,"href":"https:\/\/baraka.cc\/index.php?rest_route=%2Fwp%2Fv2%2Fcomments&post=7773"}],"version-history":[{"count":1,"href":"https:\/\/baraka.cc\/index.php?rest_route=\/wp\/v2\/posts\/7773\/revisions"}],"predecessor-version":[{"id":7776,"href":"https:\/\/baraka.cc\/index.php?rest_route=\/wp\/v2\/posts\/7773\/revisions\/7776"}],"wp:featuredmedia":[{"embeddable":true,"href":"https:\/\/baraka.cc\/index.php?rest_route=\/wp\/v2\/media\/7774"}],"wp:attachment":[{"href":"https:\/\/baraka.cc\/index.php?rest_route=%2Fwp%2Fv2%2Fmedia&parent=7773"}],"wp:term":[{"taxonomy":"category","embeddable":true,"href":"https:\/\/baraka.cc\/index.php?rest_route=%2Fwp%2Fv2%2Fcategories&post=7773"},{"taxonomy":"post_tag","embeddable":true,"href":"https:\/\/baraka.cc\/index.php?rest_route=%2Fwp%2Fv2%2Ftags&post=7773"}],"curies":[{"name":"wp","href":"https:\/\/api.w.org\/{rel}","templated":true}]}}