{"id":7778,"date":"2020-11-11T14:31:51","date_gmt":"2020-11-11T12:31:51","guid":{"rendered":"https:\/\/baraka.cc\/?p=7778"},"modified":"2020-11-11T14:31:51","modified_gmt":"2020-11-11T12:31:51","slug":"baraka-piknik-sepetli-basin-aciklamasi-yapacak","status":"publish","type":"post","link":"https:\/\/baraka.cc\/?p=7778","title":{"rendered":"Baraka \u201cPiknik Sepetli\u201d Bas\u0131n A\u00e7\u0131klamas\u0131 Yapacak"},"content":{"rendered":"<p>Baraka K\u00fclt\u00fcr Merkezi 13 Kas\u0131m Cuma g\u00fcn\u00fc saat 13.00\u2019te Cumhurba\u015fkanl\u0131\u011f\u0131 \u00f6n\u00fcnde bir bas\u0131n a\u00e7\u0131klamas\u0131 yaparak Ersin Tatar\u2019a, Erdo\u011fan\u2019a vermesi i\u00e7in bir piknik sepeti b\u0131rakacak.<\/p>\n<p>Tayyip Erdo\u011fan\u2019\u0131n pazar g\u00fcn\u00fc adam\u0131z\u0131 ziyareti esnas\u0131nda Mara\u015f\u2019ta piknik yapmak istedi\u011fini ve Tatar\u2019\u0131n da \u201cin\u015fallah\u201d diye cevap verdi\u011fini bas\u0131ndan \u00f6\u011frenen Baraka aktivistleri, k\u00fclt\u00fcr\u00fcm\u00fcz\u00fc yans\u0131tan bir piknik sepeti ile Cumhurba\u015fkanl\u0131\u011f\u0131 \u00f6n\u00fcne giderek irademize m\u00fcdahale edilmesini, demokrasinin ayaklar alt\u0131na al\u0131nmas\u0131n\u0131, y\u0131llard\u0131r s\u00fcren asimilasyonu ve gittik\u00e7e artan muhafazak\u00e2r politikalar\u0131 protesto edecek.<\/p>\n<p>\u0130rademize sayg\u0131 duymayanlar\u0131, \u00f6zg\u00fcrl\u00fck ve demokrasi d\u00fc\u015fmanlar\u0131n\u0131 \u00fclkemizden \u201csepet\u201dlemek i\u00e7in 13 Kas\u0131m Cuma g\u00fcn\u00fc saat 13.00\u2019te Cumhurba\u015fkanl\u0131\u011f\u0131 \u00f6n\u00fcnde ger\u00e7ekle\u015fecek olan bas\u0131n a\u00e7\u0131klamas\u0131na, bas\u0131n emek\u00e7ilerinin ve halk\u0131m\u0131z\u0131n ilgisi \u00f6zlenir.<\/p>\n","protected":false},"excerpt":{"rendered":"<p>Baraka K\u00fclt\u00fcr Merkezi 13 Kas\u0131m Cuma g\u00fcn\u00fc saat 13.00\u2019te Cumhurba\u015fkanl\u0131\u011f\u0131 \u00f6n\u00fcnde bir bas\u0131n a\u00e7\u0131klamas\u0131 yaparak Ersin Tatar\u2019a, Erdo\u011fan\u2019a vermesi i\u00e7in bir piknik sepeti b\u0131rakacak. Tayyip<\/p>\n","protected":false},"author":13,"featured_media":7779,"comment_status":"open","ping_status":"open","sticky":false,"template":"","format":"standard","meta":{"jetpack_post_was_ever_published":false,"_jetpack_newsletter_access":"","_jetpack_newsletter_tier_id":0,"jetpack_publicize_message":"","jetpack_is_tweetstorm":false,"jetpack_publicize_feature_enabled":true,"jetpack_social_post_already_shared":true,"jetpack_social_options":{"image_generator_settings":{"template":"highway","enabled":false}}},"categories":[66,1],"tags":[],"jetpack_publicize_connections":[],"jetpack_featured_media_url":"https:\/\/baraka.cc\/wp-content\/uploads\/2020\/11\/123929243_386051816064805_592550779233928180_n.jpg","jetpack_shortlink":"https:\/\/wp.me\/p4eHWX-21s","jetpack_sharing_enabled":true,"_links":{"self":[{"href":"https:\/\/baraka.cc\/index.php?rest_route=\/wp\/v2\/posts\/7778"}],"collection":[{"href":"https:\/\/baraka.cc\/index.php?rest_route=\/wp\/v2\/posts"}],"about":[{"href":"https:\/\/baraka.cc\/index.php?rest_route=\/wp\/v2\/types\/post"}],"author":[{"embeddable":true,"href":"https:\/\/baraka.cc\/index.php?rest_route=\/wp\/v2\/users\/13"}],"replies":[{"embeddable":true,"href":"https:\/\/baraka.cc\/index.php?rest_route=%2Fwp%2Fv2%2Fcomments&post=7778"}],"version-history":[{"count":1,"href":"https:\/\/baraka.cc\/index.php?rest_route=\/wp\/v2\/posts\/7778\/revisions"}],"predecessor-version":[{"id":7780,"href":"https:\/\/baraka.cc\/index.php?rest_route=\/wp\/v2\/posts\/7778\/revisions\/7780"}],"wp:featuredmedia":[{"embeddable":true,"href":"https:\/\/baraka.cc\/index.php?rest_route=\/wp\/v2\/media\/7779"}],"wp:attachment":[{"href":"https:\/\/baraka.cc\/index.php?rest_route=%2Fwp%2Fv2%2Fmedia&parent=7778"}],"wp:term":[{"taxonomy":"category","embeddable":true,"href":"https:\/\/baraka.cc\/index.php?rest_route=%2Fwp%2Fv2%2Fcategories&post=7778"},{"taxonomy":"post_tag","embeddable":true,"href":"https:\/\/baraka.cc\/index.php?rest_route=%2Fwp%2Fv2%2Ftags&post=7778"}],"curies":[{"name":"wp","href":"https:\/\/api.w.org\/{rel}","templated":true}]}}