{"id":778,"date":"2012-12-27T15:53:11","date_gmt":"2012-12-27T12:53:11","guid":{"rendered":"https:\/\/baraka.cc\/?p=778"},"modified":"2014-01-02T15:53:46","modified_gmt":"2014-01-02T12:53:46","slug":"pezevenk-devlet-istemiyoruz-barakaya-mudahale","status":"publish","type":"post","link":"https:\/\/baraka.cc\/?p=778","title":{"rendered":"PEZEVENK DEVLET \u0130STEM\u0130YORUZ -Baraka\u2019ya m\u00fcdahale"},"content":{"rendered":"<p><!--[if gte mso 9]><xml>  <w:WordDocument>   <w:View>Normal<\/w:View>   <w:Zoom>0<\/w:Zoom>   <w:HyphenationZone>21<\/w:HyphenationZone>   <w:PunctuationKerning\/>   <w:ValidateAgainstSchemas\/>   <w:SaveIfXMLInvalid>false<\/w:SaveIfXMLInvalid>   <w:IgnoreMixedContent>false<\/w:IgnoreMixedContent>   <w:AlwaysShowPlaceholderText>false<\/w:AlwaysShowPlaceholderText>   <w:Compatibility>    <w:BreakWrappedTables\/>    <w:SnapToGridInCell\/>    <w:WrapTextWithPunct\/>    <w:UseAsianBreakRules\/>    <w:DontGrowAutofit\/>   <\/w:Compatibility>   <w:BrowserLevel>MicrosoftInternetExplorer4<\/w:BrowserLevel>  <\/w:WordDocument> <\/xml><![endif]--><\/p>\n<p class=\"MsoNormal\" style=\"text-align: justify; line-height: 200%;\">\n<p class=\"MsoNormal\" style=\"text-align: justify; line-height: 200%;\"><strong><span style=\"font-size: 11pt; line-height: 200%; font-family: 'Verdana','sans-serif';\">PEZEVENK DEVLET \u0130STEM\u0130YORUZ -Baraka\u2019ya m\u00fcdahale<\/span><\/strong><\/p>\n<p><a href=\"https:\/\/www.baraka.cc\/images\/stories\/pezevenkdevlet_1.jpg\" target=\"_blank\"><img decoding=\"async\" loading=\"lazy\" alt=\" \" src=\"https:\/\/www.baraka.cc\/images\/stories\/pezevenkdevlet_1.jpg\" width=\"200\" height=\"133\" align=\"left\" border=\"2\" \/><\/a> <span style=\"font-size: 11pt; line-height: 200%; font-family: 'Verdana','sans-serif';\">\u00d6nceki g\u00fcn bir gece kul\u00fcb\u00fcnde \u00e7al\u0131\u015fan seks i\u015f\u00e7isi bir kad\u0131n\u0131n \u00f6l\u00fcm\u00fcnden dolay\u0131 gece kul\u00fcplerinin kapat\u0131lmas\u0131 amac\u0131yla 27 Aral\u0131k 2012 tarihinde eylem yapan Barakac\u0131lar\u0131n<span>\u00a0 <\/span>\u2018Pezevenk Devlet \u0130stemiyoruz\u2019 yaz\u0131l\u0131 pankart\u0131na polis m\u00fcdahale etti. <\/span><\/p>\n<p class=\"MsoNormal\" style=\"text-align: justify; line-height: 200%;\"><span style=\"font-size: 11pt; line-height: 200%; font-family: 'Verdana','sans-serif';\">\u00a0<\/span><\/p>\n<p class=\"MsoNormal\" style=\"text-align: justify; line-height: 200%;\"><span style=\"font-size: 11pt; line-height: 200%; font-family: 'Verdana','sans-serif';\">Ba\u015fbakanl\u0131k trafik \u0131\u015f\u0131klar\u0131nda toplanan Baraka aktivistleri eylem \u00f6ncesinde Polis g\u00f6revlileri taraf\u0131ndan tehdit edildiler. Polis g\u00f6revlileri \u2018e\u011fer pankart\u0131 a\u00e7arsan\u0131z tutuklanacaks\u0131n\u0131z\u2019 diyerek, Barakac\u0131lara g\u00f6zda\u011f\u0131 verirken, b\u00f6lgeye de \u00e7ok say\u0131da polis ve tutuklama arac\u0131 geldi.<\/span><\/p>\n<p class=\"MsoNormal\" style=\"text-align: justify; line-height: 200%;\"><span style=\"font-size: 11pt; line-height: 200%; font-family: 'Verdana','sans-serif';\">\u00a0<\/span><\/p>\n<p class=\"MsoNormal\" style=\"text-align: justify; line-height: 200%;\"><strong><span style=\"font-size: 11pt; line-height: 200%; font-family: 'Verdana','sans-serif';\">Pankarta m\u00fcdahale&#8230;<\/span><\/strong><\/p>\n<p class=\"MsoNormal\" style=\"text-align: justify; line-height: 200%;\"><a href=\"https:\/\/www.baraka.cc\/images\/stories\/pezevenkdevlet_2.jpg\" target=\"_blank\"><img decoding=\"async\" alt=\" \" src=\"https:\/\/www.baraka.cc\/images\/stories\/pezevenkdevlet_2.jpg\" width=\"200\" align=\"left\" border=\"2\" \/><\/a> <span style=\"font-size: 11pt; line-height: 200%; font-family: 'Verdana','sans-serif';\">\u00dczerinde \u2018Pezevenk devlet istemiyoruz\u2019 yaz\u0131l\u0131 pankart\u0131 Ba\u015fbakanl\u0131k trafik \u0131\u015f\u0131klar\u0131nda a\u00e7maya \u00e7al\u0131\u015fan Baraka aktivistlerine, daha pankart a\u00e7\u0131lmadan polis m\u00fcdahale etti. Pankart\u0131 vermemekte \u0131srar eden Baraka aktivistlerinin elinden zorla \u00e7ekerek alan polis, olay yerinde protesto edildi. Tutuklama yapmas\u0131 beklenen polise, \u2018siz ancak pezevenkleri koruyorsunuz\u2019, \u2018pezevenk devlet istemiyoruz\u2019 \u015feklinde sloganlar at\u0131ld\u0131. Polis eylem \u00f6ncesinde \u2018tutuklama yap\u0131lacak\u2019 demesine ra\u011fmen tutuklama yapmad\u0131.<\/span><\/p>\n<p class=\"MsoNormal\" style=\"text-align: justify; line-height: 200%;\"><span style=\"font-size: 11pt; line-height: 200%; font-family: 'Verdana','sans-serif';\">\u00a0<\/span><\/p>\n<p class=\"MsoNormal\" style=\"text-align: justify; line-height: 200%;\"><strong><span style=\"font-size: 11pt; line-height: 200%; font-family: 'Verdana','sans-serif';\">Baraka Polis\u2019den randevu istedi:<\/span><\/strong><\/p>\n<p class=\"MsoNormal\" style=\"text-align: justify; line-height: 200%;\"><a href=\"https:\/\/www.baraka.cc\/images\/stories\/pezevenkdevlet_3.jpg\" target=\"_blank\"><img decoding=\"async\" loading=\"lazy\" alt=\" \" src=\"https:\/\/www.baraka.cc\/images\/stories\/pezevenkdevlet_3.jpg\" width=\"200\" height=\"133\" align=\"left\" border=\"2\" \/><\/a> <span style=\"font-size: 11pt; line-height: 200%; font-family: 'Verdana','sans-serif';\">Baraka aktivisti M\u00fcn\u00fcr Rahvanc\u0131o\u011flu\u2019ndan edinilen bilgiye g\u00f6re, Baraka K\u00fclt\u00fcr Merkezi Polis Genel M\u00fcd\u00fcrl\u00fc\u011f\u00fc\u2019n\u00fc arayarak, ya\u015fananlarla ilgili g\u00f6r\u00fc\u015fme talebinde bulundu. Rahvanc\u0131o\u011flu yapt\u0131\u011f\u0131 a\u00e7\u0131klamada d\u00fcn ya\u015fanan olayla ve genel olarak artan polis \u015fiddetini g\u00f6r\u00fc\u015fmek i\u00e7in Polis Genel M\u00fcd\u00fcrl\u00fc\u011f\u00fc\u2019nden randevu talebinde bulunduklar\u0131n\u0131 ifade etti. Polis\u2019ten<span>\u00a0 <\/span>\u2018size geri d\u00f6nece\u011fiz\u2019 cevab\u0131n\u0131 ald\u0131klar\u0131n\u0131 aktaran Rahvanc\u0131o\u011flu, polisin kendilerine cevap vermesini beklediklerini s\u00f6yledi. <\/span><\/p>\n<p class=\"MsoNormal\" style=\"text-align: justify; line-height: 200%;\"><span style=\"font-size: 11pt; line-height: 200%; font-family: 'Verdana','sans-serif';\">\u00a0<\/span><\/p>\n<p class=\"MsoNormal\" style=\"text-align: justify; line-height: 200%;\"><span style=\"font-size: 11pt; line-height: 200%; font-family: 'Verdana','sans-serif';\">\u00a0<\/span><\/p>\n<p class=\"MsoNormal\" style=\"text-align: justify; line-height: 200%;\"><span style=\"font-size: 11pt; line-height: 200%; font-family: 'Verdana','sans-serif';\"><span>\u00a0<\/span><span>\u00a0<\/span><\/span><\/p>\n<p class=\"MsoNormal\" style=\"text-align: justify; line-height: 200%;\">\n<p class=\"MsoNormal\" style=\"text-align: justify; line-height: 200%;\">\n<p><!--[if gte mso 9]><xml>  <w:LatentStyles DefLockedState=\"false\" LatentStyleCount=\"156\">  <\/w:LatentStyles> <\/xml><![endif]--><!--[if gte mso 10]>\n\n\n<style>  \/* Style Definitions *\/  table.MsoNormalTable \t{mso-style-name:\"Table Normal\"; \tmso-tstyle-rowband-size:0; \tmso-tstyle-colband-size:0; \tmso-style-noshow:yes; \tmso-style-parent:\"\"; \tmso-padding-alt:0cm 5.4pt 0cm 5.4pt; \tmso-para-margin:0cm; \tmso-para-margin-bottom:.0001pt; \tmso-pagination:widow-orphan; \tfont-size:10.0pt; \tfont-family:\"Times New Roman\"; \tmso-ansi-language:#0400; \tmso-fareast-language:#0400; \tmso-bidi-language:#0400;} <\/style>\n\n <![endif]--><\/p>\n","protected":false},"excerpt":{"rendered":"<p>PEZEVENK DEVLET \u0130STEM\u0130YORUZ -Baraka\u2019ya m\u00fcdahale \u00d6nceki g\u00fcn bir gece kul\u00fcb\u00fcnde \u00e7al\u0131\u015fan seks i\u015f\u00e7isi bir kad\u0131n\u0131n \u00f6l\u00fcm\u00fcnden dolay\u0131 gece kul\u00fcplerinin kapat\u0131lmas\u0131 amac\u0131yla 27 Aral\u0131k 2012 tarihinde<\/p>\n","protected":false},"author":1,"featured_media":0,"comment_status":"open","ping_status":"open","sticky":false,"template":"","format":"standard","meta":{"jetpack_post_was_ever_published":false,"_jetpack_newsletter_access":"","_jetpack_newsletter_tier_id":0,"jetpack_publicize_message":"","jetpack_is_tweetstorm":false,"jetpack_publicize_feature_enabled":true,"jetpack_social_post_already_shared":false,"jetpack_social_options":{"image_generator_settings":{"template":"highway","enabled":false}}},"categories":[66],"tags":[],"jetpack_publicize_connections":[],"jetpack_featured_media_url":"","jetpack_shortlink":"https:\/\/wp.me\/p4eHWX-cy","jetpack_sharing_enabled":true,"_links":{"self":[{"href":"https:\/\/baraka.cc\/index.php?rest_route=\/wp\/v2\/posts\/778"}],"collection":[{"href":"https:\/\/baraka.cc\/index.php?rest_route=\/wp\/v2\/posts"}],"about":[{"href":"https:\/\/baraka.cc\/index.php?rest_route=\/wp\/v2\/types\/post"}],"author":[{"embeddable":true,"href":"https:\/\/baraka.cc\/index.php?rest_route=\/wp\/v2\/users\/1"}],"replies":[{"embeddable":true,"href":"https:\/\/baraka.cc\/index.php?rest_route=%2Fwp%2Fv2%2Fcomments&post=778"}],"version-history":[{"count":0,"href":"https:\/\/baraka.cc\/index.php?rest_route=\/wp\/v2\/posts\/778\/revisions"}],"wp:attachment":[{"href":"https:\/\/baraka.cc\/index.php?rest_route=%2Fwp%2Fv2%2Fmedia&parent=778"}],"wp:term":[{"taxonomy":"category","embeddable":true,"href":"https:\/\/baraka.cc\/index.php?rest_route=%2Fwp%2Fv2%2Fcategories&post=778"},{"taxonomy":"post_tag","embeddable":true,"href":"https:\/\/baraka.cc\/index.php?rest_route=%2Fwp%2Fv2%2Ftags&post=778"}],"curies":[{"name":"wp","href":"https:\/\/api.w.org\/{rel}","templated":true}]}}