{"id":779,"date":"2012-11-23T15:54:09","date_gmt":"2012-11-23T12:54:09","guid":{"rendered":"https:\/\/baraka.cc\/?p=779"},"modified":"2014-01-02T15:54:49","modified_gmt":"2014-01-02T12:54:49","slug":"israil-elciligine-protesto-yuruyusu-gerceklestirildi","status":"publish","type":"post","link":"https:\/\/baraka.cc\/?p=779","title":{"rendered":"\u0130srail El\u00e7ili\u011fi\u2019ne Protesto Y\u00fcr\u00fcy\u00fc\u015f\u00fc Ger\u00e7ekle\u015ftirildi"},"content":{"rendered":"<p><!--[if gte mso 9]><xml>  <w:WordDocument>   <w:View>Normal<\/w:View>   <w:Zoom>0<\/w:Zoom>   <w:HyphenationZone>21<\/w:HyphenationZone>   <w:PunctuationKerning\/>   <w:ValidateAgainstSchemas\/>   <w:SaveIfXMLInvalid>false<\/w:SaveIfXMLInvalid>   <w:IgnoreMixedContent>false<\/w:IgnoreMixedContent>   <w:AlwaysShowPlaceholderText>false<\/w:AlwaysShowPlaceholderText>   <w:Compatibility>    <w:BreakWrappedTables\/>    <w:SnapToGridInCell\/>    <w:WrapTextWithPunct\/>    <w:UseAsianBreakRules\/>    <w:DontGrowAutofit\/>   <\/w:Compatibility>   <w:BrowserLevel>MicrosoftInternetExplorer4<\/w:BrowserLevel>  <\/w:WordDocument> <\/xml><![endif]--><\/p>\n<p class=\"MsoNormal\" style=\"margin-bottom: 0.0001pt; line-height: 200%;\"><strong><span style=\"font-size: 11.5pt; line-height: 200%; font-family: Verdana;\">\u0130srail El\u00e7ili\u011fi\u2019ne Protesto Y\u00fcr\u00fcy\u00fc\u015f\u00fc Ger\u00e7ekle\u015ftirildi<\/span><\/strong><\/p>\n<p class=\"MsoNormal\" style=\"margin-bottom: 0.0001pt; line-height: 200%;\">\n<p><a href=\"https:\/\/www.baraka.cc\/images\/stories\/24kasim2012_israil1.JPG\" target=\"_blank\"><img decoding=\"async\" alt=\" \" src=\"https:\/\/www.baraka.cc\/images\/stories\/24kasim2012_israil1.JPG\" width=\"200\" align=\"left\" border=\"2\" \/><\/a><\/p>\n<p class=\"MsoNormal\" style=\"margin-bottom: 0.0001pt; line-height: 200%;\"><span style=\"font-size: 11.5pt; line-height: 200%; font-family: Verdana;\">\u0130srail\u2019in Gazze\u2019ye y\u00f6nelik sald\u0131r\u0131lar\u0131 Lefko\u015fa\u2019n\u0131n g\u00fcneyindeki \u0130srail El\u00e7ili\u011fi\u2019ne yap\u0131lan y\u00fcr\u00fcy\u00fc\u015fle protesto edildi. K\u0131br\u0131s\u2019\u0131n kuzeyinden ve g\u00fcneyinden toplam<span>\u00a0 <\/span>19<span>\u00a0\u00a0 <\/span>\u00f6rg\u00fct\u00fcn kat\u0131l\u0131m\u0131yla ger\u00e7ekle\u015ftirilen y\u00fcr\u00fcy\u00fc\u015fte Filistin halk\u0131n\u0131n yaln\u0131z olmad\u0131\u011f\u0131 ve zalimlere kar\u015f\u0131 m\u00fccadelenin devam edece\u011fi mesaj\u0131 verildi. Ge\u00e7ti\u011fimiz g\u00fcnlerde imzalanan g\u00f6stermelik ate\u015fkes anla\u015fmas\u0131na g\u00fcvenilmeyece\u011finin vurguland\u0131\u011f\u0131 y\u00fcr\u00fcy\u00fc\u015fte \u201cViva Palestina\u201d, \u201cK\u0131br\u0131s\u2019ta bar\u0131\u015f, Filistin\u2019de hemen, Suriye\u2019de \u015fimdi, bar\u0131\u015f hemen \u015fimdi\u201d sloganlar\u0131 at\u0131ld\u0131. \u0130srail El\u00e7ili\u011fi\u2019nin \u00f6n\u00fcnde T\u00fcrk\u00e7e, Rumca ve<span>\u00a0 <\/span>Arap\u00e7a olmak \u00fczere \u00fc\u00e7 dilde okunan a\u00e7\u0131klaman\u0131n tam metni ise \u015f\u00f6yle:<\/span><\/p>\n<p class=\"MsoNormal\" style=\"margin-bottom: 0.0001pt; line-height: 200%;\"><span style=\"font-size: 11.5pt; line-height: 200%; font-family: Verdana;\">\u00a0<\/span><\/p>\n<p class=\"MsoNormal\" style=\"margin-bottom: 0.0001pt; line-height: 200%;\"><a href=\"https:\/\/www.baraka.cc\/images\/stories\/24kasim2012_israil2.JPG\" target=\"_blank\"><img decoding=\"async\" alt=\" \" src=\"https:\/\/www.baraka.cc\/images\/stories\/24kasim2012_israil2.JPG\" width=\"200\" align=\"left\" border=\"2\" \/><\/a> <span style=\"font-size: 11.5pt; line-height: 200%; font-family: Verdana;\">\u201cSon bir haftad\u0131r, \u0130srail ordusunun Gazze\u2019yi ac\u0131mas\u0131zca i\u015fgal edi\u015fine bir kez daha tan\u0131k oluyoruz. \u015eimdiye kadar bir\u00e7o\u011fu sivil ve 43\u2019\u00fc \u00e7ocuk 165 Filistinli \u00f6ld\u00fcr\u00fcld\u00fc, 1222 ki\u015fi yaraland\u0131. Ayr\u0131ca 3 \u0130srailli de hayat\u0131n\u0131 kaybetti.<\/span><\/p>\n<p class=\"MsoNormal\" style=\"margin-bottom: 0.0001pt; line-height: 200%;\"><span style=\"font-size: 11.5pt; line-height: 200%; font-family: Verdana;\">Var\u0131lan bu ate\u015fkes, bombalar\u0131n \u015fimdilik durmas\u0131 demek olsa bile \u0130srail ordusunun yar\u0131n yeniden Gazze\u2019yi bombalamaya ba\u015flamayaca\u011f\u0131na g\u00fcvenmiyoruz.<\/span><\/p>\n<p class=\"MsoNormal\" style=\"margin-bottom: 0.0001pt; line-height: 200%;\"><span style=\"font-size: 11.5pt; line-height: 200%; font-family: Verdana;\">\u0130srail sald\u0131r\u0131lar\u0131n\u0131 k\u0131n\u0131yoruz. Gazze\u2019deki katliam durmal\u0131, abluka sona ermeli!<\/span><\/p>\n<p class=\"MsoNormal\" style=\"margin-bottom: 0.0001pt; line-height: 200%;\"><span style=\"font-size: 11.5pt; line-height: 200%; font-family: Verdana;\">T\u00fcm d\u00fcnyada ve hatta Israil\u2019in i\u00e7inde ba\u015flayan sava\u015f kar\u015f\u0131t\u0131 harekete biz de kat\u0131l\u0131yoruz.<\/span><\/p>\n<p class=\"MsoNormal\" style=\"margin-bottom: 0.0001pt; line-height: 200%;\"><span style=\"font-size: 11.5pt; line-height: 200%; font-family: Verdana;\">K\u0131br\u0131s&#8217;\u0131n g\u00fcneyinden ve kuzeyinden \u00f6rg\u00fctler olarak \u0130srail El\u00e7ili\u011fi&#8217;ne y\u00fcr\u00fcyor ve Filistin halk\u0131n\u0131n yaln\u0131z olmad\u0131\u011f\u0131n\u0131 bir kez daha hayk\u0131r\u0131yoruz!<\/span><\/p>\n<p class=\"MsoNormal\" style=\"margin-bottom: 0.0001pt; line-height: 200%;\"><span style=\"font-size: 11.5pt; line-height: 200%; font-family: Verdana;\">Barikat<\/span><\/p>\n<p class=\"MsoNormal\" style=\"margin-bottom: 0.0001pt; line-height: 200%;\"><span style=\"font-size: 11.5pt; line-height: 200%; font-family: Verdana;\">Baraka K\u00fclt\u00fcr Merkezi<\/span><\/p>\n<p class=\"MsoNormal\" style=\"margin-bottom: 0.0001pt; line-height: 200%;\"><span style=\"font-size: 11.5pt; line-height: 200%; font-family: Verdana;\">Devrimci Kom\u00fcnist Birlik<\/span><\/p>\n<p class=\"MsoNormal\" style=\"margin-bottom: 0.0001pt; line-height: 200%;\"><span style=\"font-size: 11.5pt; line-height: 200%; font-family: Verdana;\">DA\u00dc-SEN<\/span><\/p>\n<p class=\"MsoNormal\" style=\"margin-bottom: 0.0001pt; line-height: 200%;\"><span style=\"font-size: 11.5pt; line-height: 200%; font-family: Verdana;\">DA\u00dc-Bir-Sen<\/span><\/p>\n<p class=\"MsoNormal\" style=\"margin-bottom: 0.0001pt; line-height: 200%;\"><span style=\"font-size: 11.5pt; line-height: 200%; font-family: Verdana;\">K\u0131br\u0131s T\u00fcrk \u00d6\u011fretmenler Sendikas\u0131<\/span><\/p>\n<p class=\"MsoNormal\" style=\"margin-bottom: 0.0001pt; line-height: 200%;\"><span style=\"font-size: 11.5pt; line-height: 200%; font-family: Verdana;\">K\u0131br\u0131s T\u00fcrk Orta E\u011fitim ve \u00d6\u011fretmenler Sendikas\u0131<\/span><\/p>\n<p class=\"MsoNormal\" style=\"margin-bottom: 0.0001pt; line-height: 200%;\"><span style=\"font-size: 11.5pt; line-height: 200%; font-family: Verdana;\">K\u0131br\u0131s Sosyalist Partisi<\/span><\/p>\n<p class=\"MsoNormal\" style=\"margin-bottom: 0.0001pt; line-height: 200%;\"><span style=\"font-size: 11.5pt; line-height: 200%; font-family: Verdana;\">\u00d6\u011frenci \u0130nisiyatifi<\/span><\/p>\n<p class=\"MsoNormal\" style=\"margin-bottom: 0.0001pt; line-height: 200%;\"><span style=\"font-size: 11.5pt; line-height: 200%; font-family: Verdana;\">YKP Gen\u00e7lik<\/span><\/p>\n<p class=\"MsoNormal\" style=\"margin-bottom: 0.0001pt; line-height: 200%;\"><span style=\"font-size: 11.5pt; line-height: 200%; font-family: Verdana;\">Palestinian Community in Cyprus<\/span><\/p>\n<p class=\"MsoNormal\" style=\"margin-bottom: 0.0001pt; line-height: 200%;\"><span style=\"font-size: 11.5pt; line-height: 200%; font-family: Verdana;\">Free Syrian Community of Cyprus<\/span><\/p>\n<p class=\"MsoNormal\" style=\"margin-bottom: 0.0001pt; line-height: 200%;\"><span style=\"font-size: 11.5pt; line-height: 200%; font-family: Verdana;\">Antartes<\/span><\/p>\n<p class=\"MsoNormal\" style=\"margin-bottom: 0.0001pt; line-height: 200%;\"><span style=\"font-size: 11.5pt; line-height: 200%; font-family: Verdana;\">\u0395.\u03a1.\u0391.\u03a3.<\/span><\/p>\n<p class=\"MsoNormal\" style=\"margin-bottom: 0.0001pt; line-height: 200%;\"><span style=\"font-size: 11.5pt; line-height: 200%; font-family: Verdana;\">\u039aISA<\/span><\/p>\n<p class=\"MsoNormal\" style=\"margin-bottom: 0.0001pt; line-height: 200%;\"><span style=\"font-size: 11.5pt; line-height: 200%; font-family: Verdana;\">New Internationalist Left<\/span><\/p>\n<p class=\"MsoNormal\" style=\"margin-bottom: 0.0001pt; line-height: 200%;\"><span style=\"font-size: 11.5pt; line-height: 200%; font-family: Verdana;\">Syspirosi Atakton<\/span><\/p>\n<p class=\"MsoNormal\" style=\"margin-bottom: 0.0001pt; line-height: 200%;\"><span style=\"font-size: 11.5pt; line-height: 200%; font-family: Verdana;\">Skapoula<\/span><\/p>\n<p class=\"MsoNormal\" style=\"margin-bottom: 0.0001pt; line-height: 200%;\"><span style=\"font-size: 11.5pt; line-height: 200%; font-family: Verdana;\">Workers Democracy\u201d<\/span><\/p>\n<p class=\"MsoNormal\" style=\"margin-bottom: 0.0001pt; line-height: 200%;\"><span style=\"font-size: 11.5pt; line-height: 200%; font-family: Verdana;\">\u00a0<\/span><\/p>\n<p><!--[if gte mso 9]><xml>  <w:LatentStyles DefLockedState=\"false\" LatentStyleCount=\"156\">  <\/w:LatentStyles> <\/xml><![endif]--><!--[if gte mso 10]>\n\n\n<style>  \/* Style Definitions *\/  table.MsoNormalTable \t{mso-style-name:\"Table Normal\"; \tmso-tstyle-rowband-size:0; \tmso-tstyle-colband-size:0; \tmso-style-noshow:yes; \tmso-style-parent:\"\"; \tmso-padding-alt:0cm 5.4pt 0cm 5.4pt; \tmso-para-margin:0cm; \tmso-para-margin-bottom:.0001pt; \tmso-pagination:widow-orphan; \tfont-size:10.0pt; \tfont-family:\"Times New Roman\"; \tmso-ansi-language:#0400; \tmso-fareast-language:#0400; \tmso-bidi-language:#0400;} <\/style>\n\n <![endif]--><\/p>\n","protected":false},"excerpt":{"rendered":"<p>\u0130srail El\u00e7ili\u011fi\u2019ne Protesto Y\u00fcr\u00fcy\u00fc\u015f\u00fc Ger\u00e7ekle\u015ftirildi \u0130srail\u2019in Gazze\u2019ye y\u00f6nelik sald\u0131r\u0131lar\u0131 Lefko\u015fa\u2019n\u0131n g\u00fcneyindeki \u0130srail El\u00e7ili\u011fi\u2019ne yap\u0131lan y\u00fcr\u00fcy\u00fc\u015fle protesto edildi. K\u0131br\u0131s\u2019\u0131n kuzeyinden ve g\u00fcneyinden toplam\u00a0 19\u00a0\u00a0 \u00f6rg\u00fct\u00fcn kat\u0131l\u0131m\u0131yla<\/p>\n","protected":false},"author":1,"featured_media":0,"comment_status":"open","ping_status":"open","sticky":false,"template":"","format":"standard","meta":{"jetpack_post_was_ever_published":false,"_jetpack_newsletter_access":"","_jetpack_newsletter_tier_id":0,"jetpack_publicize_message":"","jetpack_is_tweetstorm":false,"jetpack_publicize_feature_enabled":true,"jetpack_social_post_already_shared":false,"jetpack_social_options":{"image_generator_settings":{"template":"highway","enabled":false}}},"categories":[66],"tags":[],"jetpack_publicize_connections":[],"jetpack_featured_media_url":"","jetpack_shortlink":"https:\/\/wp.me\/p4eHWX-cz","jetpack_sharing_enabled":true,"_links":{"self":[{"href":"https:\/\/baraka.cc\/index.php?rest_route=\/wp\/v2\/posts\/779"}],"collection":[{"href":"https:\/\/baraka.cc\/index.php?rest_route=\/wp\/v2\/posts"}],"about":[{"href":"https:\/\/baraka.cc\/index.php?rest_route=\/wp\/v2\/types\/post"}],"author":[{"embeddable":true,"href":"https:\/\/baraka.cc\/index.php?rest_route=\/wp\/v2\/users\/1"}],"replies":[{"embeddable":true,"href":"https:\/\/baraka.cc\/index.php?rest_route=%2Fwp%2Fv2%2Fcomments&post=779"}],"version-history":[{"count":0,"href":"https:\/\/baraka.cc\/index.php?rest_route=\/wp\/v2\/posts\/779\/revisions"}],"wp:attachment":[{"href":"https:\/\/baraka.cc\/index.php?rest_route=%2Fwp%2Fv2%2Fmedia&parent=779"}],"wp:term":[{"taxonomy":"category","embeddable":true,"href":"https:\/\/baraka.cc\/index.php?rest_route=%2Fwp%2Fv2%2Fcategories&post=779"},{"taxonomy":"post_tag","embeddable":true,"href":"https:\/\/baraka.cc\/index.php?rest_route=%2Fwp%2Fv2%2Ftags&post=779"}],"curies":[{"name":"wp","href":"https:\/\/api.w.org\/{rel}","templated":true}]}}