{"id":780,"date":"2012-11-05T15:54:59","date_gmt":"2012-11-05T12:54:59","guid":{"rendered":"https:\/\/baraka.cc\/?p=780"},"modified":"2014-01-02T15:55:55","modified_gmt":"2014-01-02T12:55:55","slug":"780","status":"publish","type":"post","link":"https:\/\/baraka.cc\/?p=780","title":{"rendered":"\u2018\u00d6l\u00fcm de\u011fil \u00e7\u00f6z\u00fcm\u2019"},"content":{"rendered":"<p><!--[if gte mso 9]><xml>  <w:WordDocument>   <w:View>Normal<\/w:View>   <w:Zoom>0<\/w:Zoom>   <w:HyphenationZone>21<\/w:HyphenationZone>   <w:PunctuationKerning\/>   <w:ValidateAgainstSchemas\/>   <w:SaveIfXMLInvalid>false<\/w:SaveIfXMLInvalid>   <w:IgnoreMixedContent>false<\/w:IgnoreMixedContent>   <w:AlwaysShowPlaceholderText>false<\/w:AlwaysShowPlaceholderText>   <w:Compatibility>    <w:BreakWrappedTables\/>    <w:SnapToGridInCell\/>    <w:WrapTextWithPunct\/>    <w:UseAsianBreakRules\/>    <w:DontGrowAutofit\/>   <\/w:Compatibility>   <w:BrowserLevel>MicrosoftInternetExplorer4<\/w:BrowserLevel>  <\/w:WordDocument> <\/xml><![endif]--><\/p>\n<p class=\"MsoNormal\" style=\"text-align: justify; line-height: 200%;\"><strong><span style=\"font-size: 11pt; line-height: 200%; font-family: Verdana;\">\u2018\u00d6l\u00fcm de\u011fil \u00e7\u00f6z\u00fcm\u2019<\/span><\/strong><\/p>\n<p><a href=\"https:\/\/www.baraka.cc\/images\/stories\/4kasim2012_1.jpg\" target=\"_blank\"><img decoding=\"async\" loading=\"lazy\" alt=\" \" src=\"https:\/\/www.baraka.cc\/images\/stories\/4kasim2012_1.jpg\" width=\"200\" height=\"79\" align=\"left\" border=\"2\" \/><\/a> <span style=\"font-size: 11pt; line-height: 200%; font-family: Verdana;\">T\u00fcrkiye hapishanelerinde uygulanan tecridin kald\u0131r\u0131lmas\u0131 ve K\u00fcrt halk\u0131na \u00f6zg\u00fcrl\u00fck talebi ile T\u00fcrkiye\u2019de 55. g\u00fcn\u00fcne giren a\u00e7l\u0131k grevi eylemleriyle dayan\u0131\u015fma amac\u0131yla 4 Kas\u0131m 2012 tarihinde TC El\u00e7ili\u011fi \u00f6n\u00fcnde sendika, demokratik kitle \u00f6rg\u00fctleri ve K\u00fcrt \u00f6\u011frenciler dayan\u0131\u015fma eylemi ger\u00e7ekle\u015ftirdi. T\u00fcrkiye Cumhuriyeti\u2019nin \u015fiddet ve inkar politikalar\u0131n\u0131 protesto eden eylemciler TC El\u00e7ili\u011fi \u00f6n\u00fcnde \u2018Katil Erdo\u011fan\u2019 diye hayk\u0131rd\u0131.<\/span><\/p>\n<p class=\"MsoNormal\" style=\"text-align: justify; line-height: 200%;\"><span style=\"font-size: 11pt; line-height: 200%; font-family: Verdana;\">T\u00fcrkiye\u2019de hapishanelerdeki mahkumlar\u0131n ko\u015fullar\u0131n\u0131n iyile\u015ftirilmesi, tecridin kald\u0131r\u0131lmas\u0131 ve K\u00fcrt halk\u0131na \u00f6zg\u00fcrl\u00fck talebi ile siyasi tutuklular\u0131n ba\u015flatt\u0131\u011f\u0131 a\u00e7l\u0131k grevi 55. g\u00fcn\u00fcne girerken, d\u00fcn Lefko\u015fa\u2019da \u00fclkemizdeki demokratik kitle \u00f6rg\u00fctleri ve K\u00fcrt \u00f6\u011frenciler T.C. El\u00e7ili\u011fi \u00f6n\u00fcnde dayan\u0131\u015fma eylemi ger\u00e7ekle\u015ftirdi.<\/span><\/p>\n<p class=\"MsoNormal\" style=\"text-align: justify; line-height: 200%;\"><span style=\"font-size: 11pt; line-height: 200%; font-family: Verdana;\">T\u00fcrkiye\u2019deki hapishanelerde s\u00fcren a\u00e7l\u0131k grevinin 54. g\u00fcn\u00fcnde, a\u00e7l\u0131k greviyle dayan\u0131\u015fmalar\u0131n\u0131 sergilemek ve AKP ile T\u00fcrkiye ba\u015fbakan\u0131 Recep T. Erdo\u011fan\u2019\u0131 protesto etmek i\u00e7in 500\u2019e a\u015fk\u0131n ki\u015fi Ku\u011fulu Pakta toplanarak TC El\u00e7ili\u011fi \u00f6n\u00fcne y\u00fcr\u00fcd\u00fc. Eylemde s\u0131k s\u0131k \u2018Katil Erdo\u011fan\u2019, \u2018K\u00fcrdistan fa\u015fizme mezar olacak\u2019, \u2018Vur vur inlesin Erdo\u011fan dinlesin\u2019, \u2018Fa\u015fizme kar\u015f\u0131 omuz omuza\u2019, \u2018Tecridi kald\u0131r \u00f6l\u00fcmleri durdur\u2019, \u2018Ya\u015fas\u0131n halklar\u0131n karde\u015fli\u011fi\u2019, \u2018Devrimci tutsaklar onurumuzdur\u2019 gibi sloganlar at\u0131ld\u0131. <\/span><\/p>\n<p class=\"MsoNormal\" style=\"text-align: justify; line-height: 200%;\"><span style=\"font-size: 11pt; line-height: 200%; font-family: Verdana;\">\u2018\u00d6l\u00fcm de\u011fil \u00e7\u00f6z\u00fcm\u2019 ve \u2018\u00d6zg\u00fcr ya\u015fam\u0131 u\u011fruna \u00f6lecek kadar sevenlerin direni\u015fini sahipleniyoruz\u2019 yaz\u0131l\u0131 pankartlar ta\u015f\u0131yan eylemciler bir saat boyunca TC El\u00e7ili\u011fi \u00f6n\u00fcnde oturma eylemi yapt\u0131.<\/span><\/p>\n<p class=\"MsoNormal\" style=\"text-align: justify; line-height: 200%;\"><a href=\"https:\/\/www.baraka.cc\/images\/stories\/4kasim2012_2.jpg\" target=\"_blank\"><img decoding=\"async\" alt=\" \" src=\"https:\/\/www.baraka.cc\/images\/stories\/4kasim2012_2.jpg\" width=\"200\" align=\"left\" border=\"2\" \/><\/a> <span style=\"font-size: 11pt; line-height: 200%; font-family: Verdana;\">K\u00fcrt \u00f6\u011frenciler ile Yeni K\u0131br\u0131s Partisi (YKP), Birle\u015fik K\u0131br\u0131s Partisi (BKP), K\u0131br\u0131s Sosyalist Partisi (KSP), K\u0131br\u0131s T\u00fcrk \u00d6\u011fretmenler Sendikas\u0131 (KT\u00d6S), K\u0131br\u0131s T\u00fcrk Orta E\u011fitim \u00d6\u011fretmenler Sendikas\u0131 (KTOE\u00d6S), K\u0131br\u0131s T\u00fcrk Amme Memurlar\u0131 Sendikas\u0131 (KTAMS), Do\u011fu Akdeniz \u00dcniversitesi Personel Sendikas\u0131 (DA\u00dc-SEN), Do\u011fu Akdeniz \u00dcniversitesi Birlik ve Dayan\u0131\u015fma Sendikas\u0131 (DA\u00dc-B\u0130R-SEN), Bas\u0131n Emek\u00e7ileri Sendikas\u0131 (Bas\u0131n-Sen), K\u0131br\u0131s T\u00fcrk Hekimler Sendikas\u0131\u2019na (T\u0131p-i\u015f), K\u0131br\u0131s T\u00fcrk Devlet \u00c7al\u0131\u015fanlar\u0131 Sendikas\u0131 (\u00c7A\u011e-SEN), Devrimci Kom\u00fcnist Birlik (DKB), K\u0131br\u0131s Pir Sultan K\u00fclt\u00fcr Derne\u011fi, \u00d6\u011frenci \u0130nisiyatifi, Baraka K\u00fclt\u00fcr Merkezi, Barikat Gazetesi\u2019nin kat\u0131ld\u0131\u011f\u0131 eylem TC El\u00e7ili \u00f6n\u00fcndeki oturma eyleminin ard\u0131ndan sonland\u0131r\u0131ld\u0131.<span>\u00a0 <\/span><\/span><\/p>\n<p class=\"MsoNormal\" style=\"text-align: justify; line-height: 200%;\"><span style=\"font-size: 11pt; line-height: 200%; font-family: Verdana;\">\u00a0<\/span><\/p>\n<p><!--[if gte mso 9]><xml>  <w:LatentStyles DefLockedState=\"false\" LatentStyleCount=\"156\">  <\/w:LatentStyles> <\/xml><![endif]--><!--[if gte mso 10]>\n\n\n<style>  \/* Style Definitions *\/  table.MsoNormalTable \t{mso-style-name:\"Table Normal\"; \tmso-tstyle-rowband-size:0; \tmso-tstyle-colband-size:0; \tmso-style-noshow:yes; \tmso-style-parent:\"\"; \tmso-padding-alt:0cm 5.4pt 0cm 5.4pt; \tmso-para-margin:0cm; \tmso-para-margin-bottom:.0001pt; \tmso-pagination:widow-orphan; \tfont-size:10.0pt; \tfont-family:\"Times New Roman\"; \tmso-ansi-language:#0400; \tmso-fareast-language:#0400; \tmso-bidi-language:#0400;} <\/style>\n\n <![endif]--><\/p>\n","protected":false},"excerpt":{"rendered":"<p>\u2018\u00d6l\u00fcm de\u011fil \u00e7\u00f6z\u00fcm\u2019 T\u00fcrkiye hapishanelerinde uygulanan tecridin kald\u0131r\u0131lmas\u0131 ve K\u00fcrt halk\u0131na \u00f6zg\u00fcrl\u00fck talebi ile T\u00fcrkiye\u2019de 55. g\u00fcn\u00fcne giren a\u00e7l\u0131k grevi eylemleriyle dayan\u0131\u015fma amac\u0131yla 4 Kas\u0131m<\/p>\n","protected":false},"author":1,"featured_media":0,"comment_status":"open","ping_status":"open","sticky":false,"template":"","format":"standard","meta":{"jetpack_post_was_ever_published":false,"_jetpack_newsletter_access":"","_jetpack_newsletter_tier_id":0,"jetpack_publicize_message":"","jetpack_is_tweetstorm":false,"jetpack_publicize_feature_enabled":true,"jetpack_social_post_already_shared":false,"jetpack_social_options":{"image_generator_settings":{"template":"highway","enabled":false}}},"categories":[66],"tags":[],"jetpack_publicize_connections":[],"jetpack_featured_media_url":"","jetpack_shortlink":"https:\/\/wp.me\/s4eHWX-780","jetpack_sharing_enabled":true,"_links":{"self":[{"href":"https:\/\/baraka.cc\/index.php?rest_route=\/wp\/v2\/posts\/780"}],"collection":[{"href":"https:\/\/baraka.cc\/index.php?rest_route=\/wp\/v2\/posts"}],"about":[{"href":"https:\/\/baraka.cc\/index.php?rest_route=\/wp\/v2\/types\/post"}],"author":[{"embeddable":true,"href":"https:\/\/baraka.cc\/index.php?rest_route=\/wp\/v2\/users\/1"}],"replies":[{"embeddable":true,"href":"https:\/\/baraka.cc\/index.php?rest_route=%2Fwp%2Fv2%2Fcomments&post=780"}],"version-history":[{"count":1,"href":"https:\/\/baraka.cc\/index.php?rest_route=\/wp\/v2\/posts\/780\/revisions"}],"predecessor-version":[{"id":781,"href":"https:\/\/baraka.cc\/index.php?rest_route=\/wp\/v2\/posts\/780\/revisions\/781"}],"wp:attachment":[{"href":"https:\/\/baraka.cc\/index.php?rest_route=%2Fwp%2Fv2%2Fmedia&parent=780"}],"wp:term":[{"taxonomy":"category","embeddable":true,"href":"https:\/\/baraka.cc\/index.php?rest_route=%2Fwp%2Fv2%2Fcategories&post=780"},{"taxonomy":"post_tag","embeddable":true,"href":"https:\/\/baraka.cc\/index.php?rest_route=%2Fwp%2Fv2%2Ftags&post=780"}],"curies":[{"name":"wp","href":"https:\/\/api.w.org\/{rel}","templated":true}]}}