{"id":782,"date":"2012-11-10T15:56:08","date_gmt":"2012-11-10T12:56:08","guid":{"rendered":"https:\/\/baraka.cc\/?p=782"},"modified":"2014-01-02T15:57:04","modified_gmt":"2014-01-02T12:57:04","slug":"fasizme-karsi-tek-yumruk","status":"publish","type":"post","link":"https:\/\/baraka.cc\/?p=782","title":{"rendered":"FA\u015e\u0130ZME KAR\u015eI TEK YUMRUK"},"content":{"rendered":"<p><!--[if gte mso 9]><xml>  <o:OfficeDocumentSettings>   <o:AllowPNG\/>  <\/o:OfficeDocumentSettings> <\/xml><![endif]--><\/p>\n<p class=\"MsoNormal\" style=\"margin-bottom: 0.0001pt; text-align: justify; line-height: 200%;\"><strong><span style=\"font-size: 11.5pt; line-height: 200%; font-family: 'Verdana','sans-serif';\">FA\u015e\u0130ZME KAR\u015eI TEK YUMRUK<\/span><\/strong><\/p>\n<p><span style=\"font-size: 11.5pt; line-height: 200%; font-family: 'Verdana','sans-serif';\">\u00a0<\/span><\/p>\n<p class=\"MsoNormal\" style=\"margin-bottom: 0.0001pt; text-align: justify; line-height: 200%;\"><a href=\"https:\/\/www.baraka.cc\/images\/stories\/10kasim2012_sesbombasinakarsi_1.jpg\" target=\"_blank\"><img decoding=\"async\" loading=\"lazy\" alt=\" \" src=\"https:\/\/www.baraka.cc\/images\/stories\/10kasim2012_sesbombasinakarsi_1.jpg\" width=\"200\" height=\"133\" align=\"left\" border=\"2\" \/><\/a> <span style=\"font-size: 11.5pt; line-height: 200%; font-family: 'Verdana','sans-serif';\">Baraka K\u00fclt\u00fcr Merkezi\u2019ne y\u00f6nelik d\u00fcn ak\u015fam saatlerinde ger\u00e7ekle\u015fen fa\u015fist sald\u0131r\u0131ya, \u00f6rg\u00fctler ger\u00e7ekle\u015ftirdikleri dayan\u0131\u015fma y\u00fcr\u00fcy\u00fc\u015fle cevap verdiler.<span>\u00a0 <\/span><\/span><\/p>\n<p class=\"MsoNormal\" style=\"margin-bottom: 0.0001pt; text-align: justify; line-height: 200%;\"><span style=\"font-size: 11.5pt; line-height: 200%; font-family: 'Verdana','sans-serif';\">Bir\u00e7ok demokratik kitle \u00f6rg\u00fct\u00fc, sendika ve partinin bir araya gelmesiyle ger\u00e7ekle\u015fen me\u015faleli y\u00fcr\u00fcy\u00fc\u015f 18:30\u2019da ba\u015flad\u0131. <\/span><\/p>\n<p class=\"MsoNormal\" style=\"margin-bottom: 0.0001pt; text-align: justify; line-height: 200%;\"><span style=\"font-size: 11.5pt; line-height: 200%; font-family: 'Verdana','sans-serif';\">Kermiya\u2019daki Sivil Savunma binas\u0131n\u0131n \u00f6n\u00fcnde toplanan \u00f6rg\u00fctler, \u0130\u015f\u00e7i Filmleri festivalinin ger\u00e7ekle\u015ftirildi\u011fi G\u00f6nyeli Belediyesi\u2019ne kadar y\u00fcr\u00fcd\u00fc. Y\u00fcr\u00fcy\u00fc\u015f G\u00f6nyeli Belediyesi \u00f6n\u00fcnde Baraka K\u00fclt\u00fcr Merkezi aktivisti Nazen \u015eansal\u2019\u0131n okudu\u011fu bas\u0131n a\u00e7\u0131klamas\u0131yla sonland\u0131.<\/span><\/p>\n<p class=\"MsoNormal\" style=\"margin-bottom: 0.0001pt; text-align: justify; line-height: 200%;\"><span style=\"font-size: 11.5pt; line-height: 200%; font-family: 'Verdana','sans-serif';\">Farkl\u0131 \u00f6rg\u00fct ve derneklerden yakla\u015f\u0131k 150\u2019ye yak\u0131n ki\u015finin kat\u0131ld\u0131\u011f\u0131 y\u00fcr\u00fcy\u00fc\u015fte me\u015faleler yak\u0131larak fa\u015fizme kar\u015f\u0131 ortak bir irade sergilendi. <\/span><span style=\"font-size: 11.5pt; line-height: 200%; font-family: 'Verdana','sans-serif';\">K\u0131br\u0131s T\u00fcrk \u00d6\u011fretmenler Sendikas\u0131, K\u0131br\u0131s T\u00fcrk Orta E\u011fitim \u00d6\u011fretmenler Sendikas\u0131, KTAMS, Belediye Emek\u00e7ileri Sendikas\u0131, TIP-\u0130\u015e, EL-SEN, TEL-SEN, DA\u00dc SEN, DA\u00dc B\u0130R SEN, BASIN-SEN, G\u00dc\u00c7-SEN, YKP, TDP, KSP, CTP Gen\u00e7lik \u00d6rg\u00fct\u00fc, Pir Sultan Abdal K\u00fclt\u00fcr Derne\u011fi, \u00d6\u011frenci \u0130nisiyatifi, Barikat, HAS-DER Gen\u00e7lik Kul\u00fcb\u00fc, M\u00fclteci Haklar\u0131 Derne\u011fi ve K\u0131br\u0131s\u2019\u0131n g\u00fcneyinden Sol Kanat (Left Wing) gibi \u00f6rg\u00fctlerin destek verdi\u011fi<\/span><span style=\"font-size: 11.5pt; line-height: 200%; font-family: 'Verdana','sans-serif';\"> y\u00fcr\u00fcy\u00fc\u015fte s\u0131k s\u0131k \u2018Fa\u015fizme inat ya\u015fas\u0131n hayat\u2019, \u2018Fa\u015fizme kar\u015f\u0131 omuz omuza\u2019, \u2018Bask\u0131lar bizi y\u0131ld\u0131ramaz\u2019, \u2018Ankara elini yakam\u0131zdan \u00e7ek\u2019 ve \u2018Umutlar\u0131n ku\u015fat\u0131lmas\u0131n bu abluka da\u011f\u0131t\u0131lacak\u2019 gibi slogan atan eylemciler, fa\u015fist sald\u0131r\u0131lar\u0131n K\u0131br\u0131sl\u0131 T\u00fcrk halk\u0131n\u0131n ba\u011f\u0131ms\u0131zl\u0131k ve varolu\u015f m\u00fccadelesin zarar veremeyece\u011fi mesaj\u0131n\u0131 verdi. <\/span><\/p>\n<p class=\"MsoNormal\" style=\"margin-bottom: 0.0001pt; text-align: justify; line-height: 200%;\"><span style=\"font-size: 11.5pt; line-height: 200%; font-family: 'Verdana','sans-serif';\">G\u00f6nyeli Belediyesi\u2019nin \u00f6n\u00fcne gelinmesiyle Baraka Aktivisti Nazen \u015eansal taraf\u0131ndan bas\u0131n a\u00e7\u0131klamas\u0131 okundu. \u015eansal, Baraka K\u00fclt\u00fcr Merkezi\u2019ne d\u00fczenlenen fa\u015fist sald\u0131r\u0131n\u0131n bu \u00fclkenin t\u00fcm ilerici ve demokrat kesimlerine y\u00f6nelik ger\u00e7ekle\u015fen bir sald\u0131r\u0131 oldu\u011funu vurgulayarak, kendilerini y\u0131ld\u0131ramayaca\u011f\u0131n, hi\u00e7bir ko\u015fulda geri ad\u0131m atmayacaklar\u0131n\u0131 belirtti. \u00dclkemizdeki karanl\u0131k g\u00fc\u00e7lerin varl\u0131\u011f\u0131na dikkat \u00e7eken \u015eansal a\u00e7\u0131klamas\u0131nda, \u201c<\/span><span style=\"font-size: 11.5pt; line-height: 200%; font-family: 'Verdana','sans-serif';\">Ancak bu olay g\u00f6stermektedir ki halk\u0131m\u0131z\u0131n ayd\u0131nl\u0131k g\u00fcnleri i\u00e7in m\u00fccadele eden bizlerin kar\u015f\u0131s\u0131nda, \u00e7irkin<span>\u00a0 <\/span>sald\u0131r\u0131lar yapmaktan \u00e7ekinmeyen karanl\u0131k g\u00fc\u00e7ler bulunmaktad\u0131r. Bilinmesi gerekir ki hi\u00e7bir sald\u0131r\u0131 bizleri yolumuzdan d\u00f6nd\u00fcremeyecek, emekten ve \u00f6zg\u00fcrl\u00fckten yana m\u00fccadelemizi geriletemeyecektir. Bizler, bug\u00fcn kap\u0131m\u0131z\u0131n \u00f6n\u00fcn\u00fc s\u00fcp\u00fcrd\u00fc\u011f\u00fcm\u00fcz gibi yar\u0131n\u0131n ayd\u0131nl\u0131\u011f\u0131nda, gerici, fa\u015fist, karanl\u0131k g\u00fc\u00e7leri de \u00fclkemizden s\u00fcp\u00fcrece\u011fiz\u201d ifadelerine yer verdi. <\/span><\/p>\n<p class=\"MsoNormal\" style=\"margin-bottom: 0.0001pt; text-align: justify; line-height: 200%;\"><span style=\"font-size: 11.5pt; line-height: 200%; font-family: 'Verdana','sans-serif';\">Baraka aktivisti \u015eansal, iki ayd\u0131r Belediye emek\u00e7ilerinin s\u00fcrd\u00fcrd\u00fckleri m\u00fccadeleye vurgu yaparak \u015funlar\u0131 s\u00f6yledi: \u201cBelediye Emek\u00e7ileri Sendikas\u0131 \u00f6nc\u00fcl\u00fc\u011f\u00fcnde, belediye emek\u00e7ileri taraf\u0131ndan aylard\u0131r s\u00fcrd\u00fcr\u00fclen m\u00fccadele, g\u00fcn ge\u00e7tik\u00e7e K\u0131br\u0131sl\u0131 T\u00fcrk halk\u0131n\u0131n b\u00fct\u00fcn\u00fc taraf\u0131ndan sahiplenilmektedir. Gerek sendikalar gerekse de demokratik kitle \u00f6rg\u00fctleri taraf\u0131ndan sahiplenilerek geni\u015fletilen belediye emek\u00e7ilerinin emek m\u00fccadelesi, yeni ve b\u00fcy\u00fck m\u00fccadelelerin habercisi olmakta.\u201d <\/span><\/p>\n<p class=\"MsoNormal\" style=\"margin-bottom: 0.0001pt; text-align: justify; line-height: 200%;\"><span style=\"font-size: 11.5pt; line-height: 200%; font-family: 'Verdana','sans-serif';\">Ge\u00e7ti\u011fimiz y\u0131llarda da baz\u0131 parti ve gazetelere de benzer sald\u0131r\u0131lar\u0131n d\u00fczenlendi\u011fini hat\u0131rlatan \u015eansal, \u201cd\u00fcn ya\u015fanan olayda, ge\u00e7mi\u015fte oldu\u011fu gibi bug\u00fcn de toplumsal muhalefetin b\u00fcy\u00fcmeye ba\u015flad\u0131\u011f\u0131, egemenler kat\u0131nda tehdit olu\u015fturdu\u011fu her d\u00f6nemde faili \u201cme\u015fhur\u201d ki\u015filerin, egemenlerin g\u00f6lgesinde ortaya \u00e7\u0131kt\u0131\u011f\u0131na \u015fahit olduk. Baraka K\u00fclt\u00fcr Merkezi olarak, daha \u00f6nceki y\u0131llarda gerek CTP, gerek YKP, gerekse de Afrika gazetesinden olu\u015fan kervana biz de kat\u0131ld\u0131k.\u201d diye konu\u015ftu.<\/span><\/p>\n<p class=\"MsoNormal\" style=\"margin-bottom: 0.0001pt; text-align: justify; line-height: 200%;\"><span style=\"font-size: 11.5pt; line-height: 200%; font-family: 'Verdana','sans-serif';\">Bas\u0131n a\u00e7\u0131klamas\u0131n\u0131 okunmas\u0131yla y\u00fcr\u00fcy\u00fc\u015f sona erdi. <\/span><\/p>\n<p class=\"MsoNormal\" style=\"margin-bottom: 0.0001pt; text-align: justify; line-height: 200%;\"><span style=\"font-size: 11.5pt; line-height: 200%; font-family: 'Verdana','sans-serif';\">\u00a0<\/span><\/p>\n<p class=\"MsoNormal\" style=\"margin-bottom: 0.0001pt; text-align: justify; line-height: 200%;\"><span style=\"font-size: 11.5pt; line-height: 200%; font-family: 'Verdana','sans-serif';\">Bas\u0131n a\u00e7\u0131klamas\u0131n\u0131 tam metnini:<\/span><\/p>\n<p class=\"MsoNormal\" style=\"margin-bottom: 0.0001pt; text-align: justify; line-height: 200%;\"><span style=\"font-size: 11.5pt; line-height: 200%; font-family: 'Verdana','sans-serif';\">\u00a0<\/span><\/p>\n<p class=\"MsoNormal\" style=\"margin-bottom: 0.0001pt; text-align: justify; line-height: 200%;\"><span style=\"font-size: 11.5pt; line-height: 200%; font-family: 'Verdana','sans-serif';\">De\u011ferli bas\u0131n emek\u00e7ileri, de\u011ferli halk\u0131m\u0131z<\/span><\/p>\n<p class=\"MsoNormal\" style=\"margin-bottom: 0.0001pt; text-align: justify; line-height: 200%;\"><span style=\"font-size: 11.5pt; line-height: 200%; font-family: 'Verdana','sans-serif';\">Bug\u00fcn burada, d\u00fcn ak\u015fam Baraka K\u00fclt\u00fcr Merkezi\u2019ne yap\u0131lan \u00e7irkin sald\u0131r\u0131y\u0131 halk\u0131m\u0131za duyurmak ve k\u0131namak i\u00e7in toplanm\u0131\u015f bulunuyoruz. <\/span><\/p>\n<p class=\"MsoNormal\" style=\"margin-bottom: 0.0001pt; text-align: justify; line-height: 200%;\"><span style=\"font-size: 11.5pt; line-height: 200%; font-family: 'Verdana','sans-serif';\">D\u00fcn ak\u015fam 7.30 s\u0131ralar\u0131nda, dernek aktivistlerimizin toplant\u0131 amac\u0131yla i\u00e7eride bulundu\u011fu esnada,<span>\u00a0 <\/span>dernek binam\u0131z\u0131n kap\u0131s\u0131n\u0131n \u00f6n\u00fcne, kimli\u011fi bilinmeyen ki\u015fi veya ki\u015filer taraf\u0131ndan y\u00fcksek ses ve duman \u00e7\u0131karan bir patlay\u0131c\u0131 at\u0131lm\u0131\u015ft\u0131r. Patlay\u0131c\u0131y\u0131 atan ki\u015filerin kimli\u011fini bilmemekle birlikte, fikir de\u011fil \u015fiddet \u00fcreten ve kendinden farkl\u0131s\u0131na tahamm\u00fcl\u00fc olmayan bu zihniyeti gayet iyi tan\u0131yor, biliyoruz. Olay s\u0131ras\u0131nda kap\u0131n\u0131n yak\u0131n\u0131nda birinin bulunmamas\u0131 sebebiyle, \u015fans eseri ciddi zarar meydana gelmemi\u015ftir. Ancak bu olay g\u00f6stermektedir ki halk\u0131m\u0131z\u0131n ayd\u0131nl\u0131k g\u00fcnleri i\u00e7in m\u00fccadele eden bizlerin kar\u015f\u0131s\u0131nda, \u00e7irkin<span>\u00a0 <\/span>sald\u0131r\u0131lar yapmaktan \u00e7ekinmeyen karanl\u0131k g\u00fc\u00e7ler bulunmaktad\u0131r. Bilinmesi gerekir ki hi\u00e7bir sald\u0131r\u0131 bizleri yolumuzdan d\u00f6nd\u00fcremeyecek, emekten ve \u00f6zg\u00fcrl\u00fckten yana m\u00fccadelemizi geriletemeyecektir. Bizler, bug\u00fcn kap\u0131m\u0131z\u0131n \u00f6n\u00fcn\u00fc s\u00fcp\u00fcrd\u00fc\u011f\u00fcm\u00fcz gibi yar\u0131n\u0131n ayd\u0131nl\u0131\u011f\u0131nda, gerici, fa\u015fist, karanl\u0131k g\u00fc\u00e7leri de \u00fclkemizden s\u00fcp\u00fcrece\u011fiz. <\/span><\/p>\n<p class=\"MsoNormal\" style=\"margin-bottom: 0.0001pt; text-align: justify; line-height: 200%;\"><span style=\"font-size: 11.5pt; line-height: 200%; font-family: 'Verdana','sans-serif';\">\u00dclkemizdeki toplumsal, k\u00fclt\u00fcrel ve yap\u0131sal krizin derinle\u015fti\u011fi bir d\u00f6nemden ge\u00e7mekteyiz. Sendikalar ve demokratik kitle \u00f6rg\u00fctleri taraf\u0131ndan ge\u00e7ti\u011fimiz y\u0131llarda ger\u00e7ekle\u015ftirilen toplumsal varolu\u015f eylemlerinde dile getirilen talep ve \u00f6nerilere h\u00fck\u00fcmetin kulak t\u0131kamas\u0131 bir yana; bug\u00fcn toplum olarak gerek siyasi gerekse de ekonomik olarak ge\u00e7ti\u011fimiz y\u0131llardan daha da k\u00f6t\u00fc bir durumday\u0131z. UBP h\u00fck\u00fcmeti bir yandan K\u0131br\u0131sl\u0131 T\u00fcrk halk\u0131n\u0131n iradesini g\u00f6rmezden gelirken di\u011fer yandan kendi kedini rezil edercesine AKP\u2019den ald\u0131\u011f\u0131 talimatlar\u0131, kimlerin daha iyi uygulayaca\u011f\u0131 kavgas\u0131nda. Bunun yan\u0131nda ge\u00e7ti\u011fimiz senelerde oldu\u011fu gibi toplumsal muhalefet cephesinde tekrardan bir hareketlenme s\u00f6z konusu. Belediye Emek\u00e7ileri Sendikas\u0131 \u00f6nc\u00fcl\u00fc\u011f\u00fcnde, belediye emek\u00e7ileri taraf\u0131ndan aylard\u0131r s\u00fcrd\u00fcr\u00fclen m\u00fccadele, g\u00fcn ge\u00e7tik\u00e7e K\u0131br\u0131sl\u0131 T\u00fcrk halk\u0131n\u0131n b\u00fct\u00fcn\u00fc taraf\u0131ndan sahiplenilmektedir. Gerek sendikalar gerekse de demokratik kitle \u00f6rg\u00fctleri taraf\u0131ndan sahiplenilerek geni\u015fletilen belediye emek\u00e7ilerinin emek m\u00fccadelesi, yeni ve b\u00fcy\u00fck m\u00fccadelelerin habercisi olmakta. <\/span><\/p>\n<p class=\"MsoNormal\" style=\"margin-bottom: 0.0001pt; text-align: justify; line-height: 200%;\"><span style=\"font-size: 11.5pt; line-height: 200%; font-family: 'Verdana','sans-serif';\">D\u00fcn ya\u015fanan olayda, ge\u00e7mi\u015fte oldu\u011fu gibi bug\u00fcn de toplumsal muhalefetin b\u00fcy\u00fcmeye ba\u015flad\u0131\u011f\u0131, egemenler kat\u0131nda tehdit olu\u015fturdu\u011fu her d\u00f6nemde faili \u201cme\u015fhur\u201d ki\u015filerin, egemenlerin g\u00f6lgesinde ortaya \u00e7\u0131kt\u0131\u011f\u0131na \u015fahit olduk. Baraka K\u00fclt\u00fcr Merkezi olarak, daha \u00f6nceki y\u0131llarda gerek CTP, gerek YKP, gerekse de Afrika gazetesinden olu\u015fan kervana biz de kat\u0131ld\u0131k. Baraka olarak ge\u00e7ti\u011fimiz y\u0131llardan bug\u00fcne nas\u0131l hem s\u00f6z\u00fcm\u00fczle hem de prati\u011fimizle b\u00fcy\u00fcyerek ve g\u00fc\u00e7lenerek geldiysek, bug\u00fcnden yar\u0131na da daha fazla tutku ve inan\u00e7la, bu \u00fclkenin topraklar\u0131na daha da yay\u0131larak ve geli\u015ferek ilerleyece\u011fiz.<span>\u00a0\u00a0\u00a0 <\/span><\/span><\/p>\n<p class=\"MsoNormal\" style=\"margin-bottom: 0.0001pt; text-align: justify; line-height: 200%;\"><span style=\"font-size: 11.5pt; line-height: 200%; font-family: 'Verdana','sans-serif';\">\u00a0<\/span><\/p>\n<p class=\"MsoNormal\" style=\"margin-bottom: 0.0001pt; text-align: justify; line-height: 200%;\"><span style=\"font-size: 11.5pt; line-height: 200%; font-family: 'Verdana','sans-serif';\">Bizler, halklar\u0131 karde\u015f ba\u011f\u0131ms\u0131z bir K\u0131br\u0131s diyoruz, halk\u0131m\u0131z i\u00e7in bar\u0131\u015f dolu, \u00f6zg\u00fcr ve e\u015fit bir gelecek istiyoruz, \u00f6zelle\u015ftirmelere kar\u015f\u0131 duruyoruz, sa\u011fl\u0131kta e\u011fitimde ya\u015fanan piyasala\u015ft\u0131rmaya hay\u0131r diyoruz, g\u00fczelim sahillerimizde petrol dolum tesisi istemiyoruz, gerici kurslara kar\u015f\u0131 mahallemizin \u00e7ocuklar\u0131na bilim ve sanat \u00fcretecekleri kurslar d\u00fczenliyoruz, kad\u0131nlar\u0131n ayr\u0131mc\u0131l\u0131\u011fa, \u015fiddete u\u011framas\u0131na kar\u015f\u0131 \u00e7\u0131k\u0131yoruz, T\u00fcrkiye\u2019deki hapishanelerde sesini duyurmak i\u00e7in kendini feda eden a\u00e7l\u0131k grevcileriyle dayan\u0131\u015f\u0131yoruz, aylard\u0131r sokakta m\u00fccadele eden Belediye emek\u00e7ilerinin yan\u0131nda yer al\u0131yoruz&#8230; T\u00fcm bunlar, bu \u00fclkeyi karanl\u0131\u011fa s\u00fcr\u00fcklemek isteyen gerici, sa\u011f ve fa\u015fist kesimleri elbette ki rahats\u0131z edecektir. Ancak halk\u0131m\u0131z\u0131n yan\u0131m\u0131zda oldu\u011funa ve g\u00fcn\u00fc geldi\u011finde bu kesimleri fazlas\u0131yla rahats\u0131z edece\u011fine inanc\u0131m\u0131z tamd\u0131r.<\/span><\/p>\n<p class=\"MsoNormal\" style=\"margin-bottom: 0.0001pt; text-align: justify; line-height: 200%;\"><span style=\"font-size: 11.5pt; line-height: 200%; font-family: 'Verdana','sans-serif';\">Bug\u00fcn Sivil Savunma te\u015fkilat\u0131 \u00f6n\u00fcnde toplanmam\u0131z\u0131n sebebi, bu te\u015fkilat\u0131n \u00fclkemizdeki milliyet\u00e7i ve fa\u015fist odaklarla ve onlar\u0131 besleyip b\u00fcy\u00fcten Ankara h\u00fck\u00fcmetleriyle kurdu\u011fu ili\u015fkidir. Ayn\u0131 \u015fekilde polis te\u015fkilat\u0131 da bu tarz sald\u0131r\u0131lar\u0131 hafife almakta, hak arayan vatanda\u015f\u0131n kar\u015f\u0131s\u0131na dikilmeyi g\u00f6rev bilirken fa\u015fist sald\u0131r\u0131lar\u0131n faillerini \u0131srarla bulmamaktad\u0131r. <\/span><\/p>\n<p class=\"MsoNormal\" style=\"margin-bottom: 0.0001pt; text-align: justify; line-height: 200%;\"><span style=\"font-size: 11.5pt; line-height: 200%; font-family: 'Verdana','sans-serif';\">Bu \u00fclkenin ilerici ve m\u00fccadeleci sendikalar\u0131n\u0131n, partilerinin ve derneklerinin temsilcileri, duyarl\u0131 dostlar\u0131m\u0131z ve mahalle kom\u015fular\u0131m\u0131z olay\u0131 duyar duymaz dernek binam\u0131za gelerek veya destek mesajlar\u0131 yay\u0131nlayarak bizlere deste\u011fini belirtmi\u015f ve ge\u00e7mi\u015f olsun dileklerini iletmi\u015ftir. Bizlere onur ve gurur veren ve yolumuzun do\u011frulu\u011fundan bir kez daha emin olmam\u0131z\u0131 sa\u011flayan bu dayan\u0131\u015fma i\u00e7in hepsine ayr\u0131 ayr\u0131 te\u015fekk\u00fcr\u00fc bir bor\u00e7 biliriz. <\/span><\/p>\n<p class=\"MsoNormal\" style=\"margin-bottom: 0.0001pt; text-align: justify; line-height: 200%;\"><span style=\"font-size: 11.5pt; line-height: 200%; font-family: 'Verdana','sans-serif';\">Bizleri yaln\u0131z b\u0131rakmayan, bu sald\u0131r\u0131y\u0131 k\u0131nayan ve bug\u00fcnk\u00fc eyleme bizlerle birlikte imza atan \u00f6rg\u00fctler: K\u0131br\u0131s T\u00fcrk \u00d6\u011fretmenler Sendikas\u0131, K\u0131br\u0131s T\u00fcrk Orta E\u011fitim \u00d6\u011fretmenler Sendikas\u0131, KTAMS, Belediye Emek\u00e7ileri Sendikas\u0131, TIP-\u0130\u015e, EL-SEN, TEL-SEN, DA\u00dc SEN, DA\u00dc B\u0130R SEN, BASIN-SEN, G\u00dc\u00c7-SEN, YKP, TDP, KSP, CTP Gen\u00e7lik \u00d6rg\u00fct\u00fc, Pir Sultan Abdal K\u00fclt\u00fcr Derne\u011fi, \u00d6\u011frenci \u0130nisiyatifi, Barikat, HAS-DER Gen\u00e7lik Kul\u00fcb\u00fc, M\u00fclteci Haklar\u0131 Derne\u011fi ve K\u0131br\u0131s\u2019\u0131n g\u00fcneyinden Sol Kanat (Left Wing)<\/span><\/p>\n<p class=\"MsoNormal\" style=\"margin-bottom: 0.0001pt; text-align: justify; line-height: 200%;\"><span style=\"font-size: 11.5pt; line-height: 200%; font-family: 'Verdana','sans-serif';\">Bug\u00fcn buradan, 21 \u00f6rg\u00fct\u00fcn birlikte d\u00fczenledi\u011fi ve \u00fclkemizde be\u015finci kez perdelerini a\u00e7an \u0130\u015f\u00e7i Filmleri Festivali\u2019ne kat\u0131lmak \u00fczere G\u00f6nyeli Belediyesi binas\u0131na y\u00fcr\u00fcyoruz. Sokaklar bizimdir ve y\u00fcr\u00fcmeye devam edece\u011fiz. Festivalimizin bu y\u0131lki slogan\u0131 \u201c\u00f6zg\u00fcrl\u00fck emek ister\u201d. Bizler birlik ve dayan\u0131\u015fmam\u0131zla eme\u011fin \u00f6zg\u00fcrl\u00fc\u011f\u00fc i\u00e7in emek vermeye, fikir ve sanat \u00fcretmeye, m\u00fccadele etmeye devam edece\u011fiz.<\/span><\/p>\n<p class=\"MsoNormal\" style=\"margin-bottom: 0.0001pt; text-align: justify; line-height: 200%;\"><span style=\"font-size: 11.5pt; line-height: 200%; font-family: 'Verdana','sans-serif';\">Fa\u015fizme inat ya\u015fas\u0131n hayat!<\/span><\/p>\n<p class=\"MsoNormal\" style=\"margin-bottom: 0.0001pt; text-align: justify; line-height: 200%;\"><span style=\"font-size: 11.5pt; line-height: 200%; font-family: 'Verdana','sans-serif';\">Fa\u015fizme inat ya\u015fas\u0131n sanat!<\/span><\/p>\n<p class=\"MsoNormal\" style=\"margin-bottom: 0.0001pt; text-align: justify; line-height: 200%;\"><span style=\"font-size: 11.5pt; line-height: 200%; font-family: 'Verdana','sans-serif';\">BARAKA K\u00dcLT\u00dcR MERKEZ\u0130<\/span><\/p>\n<p class=\"MsoNormal\" style=\"margin-bottom: 0.0001pt; text-align: justify; line-height: 200%;\"><span style=\"font-size: 11.5pt; line-height: 200%; font-family: 'Verdana','sans-serif';\">10.11.2012<\/span><\/p>\n<p class=\"MsoNormal\" style=\"margin-bottom: 0.0001pt; text-align: justify; line-height: 200%;\">\n<hr \/>\n<p><!--[if gte mso 9]><xml>  <o:OfficeDocumentSettings>   <o:AllowPNG\/>  <\/o:OfficeDocumentSettings> <\/xml><![endif]--><\/p>\n<p class=\"MsoNormal\" style=\"line-height: normal;\"><strong><span style=\"font-size: 11.5pt; font-family: 'Verdana','sans-serif';\">BARAKA K\u00dcLT\u00dcR MERKEZ\u0130&#8217;NE SES BOMBASI ATILDI<\/span><\/strong><\/p>\n<p class=\"MsoNormal\" style=\"line-height: normal;\"><span style=\"font-size: 11.5pt; font-family: 'Times New Roman','serif';\">\u00a0<\/span><\/p>\n<p class=\"MsoNormal\" style=\"margin-bottom: 0.0001pt; text-align: justify; line-height: 200%;\"><a href=\"https:\/\/www.baraka.cc\/images\/stories\/9kasim2012_sesbombasi_1.JPG\" target=\"_blank\"><img decoding=\"async\" alt=\" \" src=\"https:\/\/www.baraka.cc\/images\/stories\/9kasim2012_sesbombasi_1.JPG\" width=\"200\" align=\"left\" border=\"2\" \/><\/a> <span style=\"font-size: 11.5pt; line-height: 200%; font-family: 'Verdana','sans-serif';\">9 Kas\u0131m 2012 Cuma ak\u015fam saat 19:30 s\u0131ralar\u0131nda Baraka K\u00fclt\u00fcr Merkezi\u2019nin K\u0131z\u0131lba\u015f\u2019taki lokalinin \u00f6n\u00fcne, kimli\u011fi bilinmeyen \u015fah\u0131slar taraf\u0131ndan ses bombas\u0131 at\u0131ld\u0131. Dernek \u00fcyelerinin toplant\u0131 i\u00e7in i\u00e7eride bulundu\u011fu esnada ger\u00e7ekle\u015fen sald\u0131r\u0131da herhangi bir zarar olu\u015fmazken, olaydan hemen sonra pek \u00e7ok sendika, parti ve \u00f6rg\u00fct temsilcisi Baraka lokaline dayan\u0131\u015fma ziyveretinde bulundu. KT\u00d6S, KTOE\u00d6S, KTAMS, TDP, YKP, Afrika Gazetesi, Yenid\u00fczen Gazetesi, K\u0131br\u0131sl\u0131 Gazetesi , Havadis Gazetesi ve Star K\u0131br\u0131s Gazetesi temsilcileri Baraka \u00f6n\u00fcne geldiler. Dernek yetkililerinden yap\u0131lan a\u00e7\u0131klama \u015f\u00f6yle:<\/span><\/p>\n<p class=\"MsoNormal\" style=\"margin-bottom: 0.0001pt; line-height: normal;\"><span style=\"font-size: 11.5pt; font-family: 'Times New Roman','serif';\">\u00a0 <\/span><\/p>\n<p class=\"MsoNormal\" style=\"margin-bottom: 0.0001pt; text-align: justify; line-height: 200%;\"><strong><span style=\"font-size: 11.5pt; line-height: 200%; font-family: 'Verdana','sans-serif';\">Fa\u015fist Sald\u0131r\u0131lar Bizi Y\u0131ld\u0131ramaz<\/span><\/strong><\/p>\n<p class=\"MsoNormal\" style=\"margin-bottom: 0.0001pt; text-align: justify; line-height: 200%;\"><span style=\"font-size: 11.5pt; line-height: 200%; font-family: 'Verdana','sans-serif';\">Bizler bu \u00fclkenin ba\u011f\u0131ms\u0131zl\u0131\u011f\u0131 ve halk\u0131m\u0131z\u0131n daha ayd\u0131nl\u0131k yar\u0131nlara ula\u015fmas\u0131 i\u00e7in m\u00fccadele eden ve her t\u00fcrl\u00fc bask\u0131 ve \u015fiddete g\u00f6\u011f\u00fcs geren bir \u00f6rg\u00fct\u00fcz. Bar\u0131\u015f, dayan\u0131\u015fma ve halklar\u0131n karde\u015fli\u011fi temelinde verdi\u011fimiz m\u00fccadele elbette ki baz\u0131 gerici ve fa\u015fist \u00e7evreleri rahats\u0131z etmektedir. Daha \u00f6nce de gerek bizim derne\u011fimize gerekse ilerici, demokrat ba\u015fka \u00f6rg\u00fctlere b\u00f6ylesi sald\u0131r\u0131lar ger\u00e7ekle\u015ftiridi. Ancak ne bizi ne de sol de\u011ferlere inanan ba\u015fka \u00f6rg\u00fctleri b\u00f6yle sald\u0131r\u0131lar y\u0131ld\u0131ramaz. Bilakis m\u00fccadelemize daha da g\u00fc\u00e7lenerek devam edece\u011fiz. \u015eunu da belirtmek isteriz ki, en demokratik ve yasal haklar\u0131m\u0131z\u0131 aramak i\u00e7in yapt\u0131\u011f\u0131m\u0131z eylemlere gelen ve eylemcileri taciz etmekten, hatta 19 Temmuz\u2019da oldu\u011fu gibi \u015fiddet uygulamaktan geri durmayan polis te\u015fkilat\u0131, kendisini aramam\u0131zdan saatler sonra derne\u011fimize gelmi\u015ftir. Hak arayan vatanda\u015f\u0131n kar\u015f\u0131s\u0131na dikilen polis, fa\u015fist sald\u0131r\u0131lar kar\u015f\u0131s\u0131nda her zamanki gibi sessiz kalm\u0131\u015ft\u0131r.<\/span><\/p>\n<hr \/>\n<p>&nbsp;<\/p>\n<p><!--[if gte mso 9]><xml>  <w:WordDocument>   <w:View>Normal<\/w:View>   <w:Zoom>0<\/w:Zoom>   <w:HyphenationZone>21<\/w:HyphenationZone>   <w:PunctuationKerning\/>   <w:ValidateAgainstSchemas\/>   <w:SaveIfXMLInvalid>false<\/w:SaveIfXMLInvalid>   <w:IgnoreMixedContent>false<\/w:IgnoreMixedContent>   <w:AlwaysShowPlaceholderText>false<\/w:AlwaysShowPlaceholderText>   <w:Compatibility>    <w:BreakWrappedTables\/>    <w:SnapToGridInCell\/>    <w:WrapTextWithPunct\/>    <w:UseAsianBreakRules\/>    <w:DontGrowAutofit\/>   <\/w:Compatibility>   <w:BrowserLevel>MicrosoftInternetExplorer4<\/w:BrowserLevel>  <\/w:WordDocument> <\/xml><![endif]--><\/p>\n<p><!--[if gte mso 9]><xml>  <w:LatentStyles DefLockedState=\"false\" LatentStyleCount=\"156\">  <\/w:LatentStyles> <\/xml><![endif]--><!--[if gte mso 10]>\n\n\n<style>  \/* Style Definitions *\/  table.MsoNormalTable \t{mso-style-name:\"Table Normal\"; \tmso-tstyle-rowband-size:0; \tmso-tstyle-colband-size:0; \tmso-style-noshow:yes; \tmso-style-parent:\"\"; \tmso-padding-alt:0cm 5.4pt 0cm 5.4pt; \tmso-para-margin:0cm; \tmso-para-margin-bottom:.0001pt; \tmso-pagination:widow-orphan; \tfont-size:10.0pt; \tfont-family:\"Times New Roman\"; \tmso-ansi-language:#0400; \tmso-fareast-language:#0400; \tmso-bidi-language:#0400;} <\/style>\n\n <![endif]--><\/p>\n<p class=\"MsoNormal\" style=\"text-align: justify; line-height: 200%;\"><strong><span style=\"font-size: 11pt; line-height: 200%; font-family: Verdana;\">Baraka\u2019ya 9 Kas\u0131m 2012 tarihinde d\u00fczenlenen fa\u015fist sald\u0131r\u0131n\u0131n ard\u0131ndan K\u0131br\u0131s\u2019\u0131n kuzeyinden, g\u00fcneyinden ve T\u00fcrkiye\u2019den \u00e7e\u015fitli parti, sendika ve demokratik kitle \u00f6rg\u00fct\u00fcn\u00fcn yay\u0131nlad\u0131\u011f\u0131 destek mesajlar\u0131:<\/span><\/strong><\/p>\n<p class=\"MsoNormal\" style=\"text-align: justify; line-height: 200%;\"><strong><span style=\"font-size: 11pt; line-height: 200%; font-family: Verdana;\">Partiler<\/span><\/strong><\/p>\n<p class=\"MsoNormal\" style=\"text-align: justify; line-height: 200%;\"><strong><span style=\"font-size: 11pt; line-height: 200%; font-family: Verdana;\">YEN\u0130 KIBRIS PART\u0130S\u0130<\/span><\/strong><\/p>\n<p class=\"MsoNormal\" style=\"text-align: justify; line-height: 200%;\"><span style=\"font-size: 11pt; line-height: 200%; font-family: Verdana;\">Haftasonu Baraka K\u00fclt\u00fcr Merkezi \u00f6n\u00fcnde ya\u015fanan olay dikkat \u00e7ekicidir. Polis olay\u0131n de\u011ferini d\u00fc\u015f\u00fcrmek, politik bir y\u00f6n\u00fc olmad\u0131\u011f\u0131n\u0131 s\u00f6ylemek i\u00e7in \u00e7ok h\u0131zl\u0131 davrand\u0131. Olay\u0131 \u00e7ar\u00e7abuk 3 liseli gencin \u00fczerine atarak, bireysel bir \u2018e\u011flence\u2019 i\u015fi oldu\u011funa y\u00f6nelik a\u00e7\u0131klama yapmas\u0131, her\u015feyin \u00f6tesinde soru\u015fturma daha tamamlanmadan kamuoyunu y\u00f6nlendirme giri\u015fimi olarak alg\u0131lanabilir.<\/span><\/p>\n<p class=\"MsoNormal\" style=\"text-align: justify; line-height: 200%;\"><span style=\"font-size: 11pt; line-height: 200%; font-family: Verdana;\">Polis a\u00e7\u0131klamas\u0131ndaki \u201cyap\u0131lan incelemelerde patlat\u0131lan maddenin \u015fenlik fi\u015fengi oldu\u011fu tespit edildi\u201d denmesi, polisin bu y\u00f6ndeki \u00e7abas\u0131n\u0131 ortaya koyar.<\/span><\/p>\n<p class=\"MsoNormal\" style=\"text-align: justify; line-height: 200%;\"><span style=\"font-size: 11pt; line-height: 200%; font-family: Verdana;\">Kullan\u0131lan ifadenin \u201c\u015fenlik fi\u015fengi\u201d olmas\u0131 dikkat \u00e7ekicidir, daha \u00f6nce \u2018havai fi\u015fek\u2019 ya da maytap denilmesine ra\u011fmen polis bu kez at\u0131lan\u0131 \u2018\u015fenlik\u2019li buldu! Ayr\u0131ca unutulmamal\u0131d\u0131r ki Hrant\u2019\u0131 vurdu\u011funda Og\u00fcn Samast da 17 ya\u015f\u0131ndayd\u0131 ve \u00e7ocuk olarak yarg\u0131land\u0131!<\/span><\/p>\n<p class=\"MsoNormal\" style=\"text-align: justify; line-height: 200%;\"><span style=\"font-size: 11pt; line-height: 200%; font-family: Verdana;\">K\u0131br\u0131s\u2019\u0131n kuzeyinde yap\u0131lan bu tip sald\u0131r\u0131lar\u0131n amac\u0131 \u00e7o\u011fu kez maddi hasardan \u00e7ok psikolojik etki yaratmakt\u0131r, korku imparatorlu\u011funu beslemektir.<\/span><\/p>\n<p class=\"MsoNormal\" style=\"text-align: justify; line-height: 200%;\"><span style=\"font-size: 11pt; line-height: 200%; font-family: Verdana;\">T\u00fcm bu y\u00f6nleri ile d\u00fc\u015f\u00fcn\u00fcld\u00fc\u011f\u00fcnde psikolojik \u015fiddet i\u00e7in bu olay\u0131n yarat\u0131lm\u0131\u015f olmas\u0131 y\u00fcksek ihtimaldir. Daha \u00f6nce de oldu\u011fu gibi bunun da faili me\u00e7hul kalmas\u0131 ya da \u00f6nemsiz bir dava gibi kapat\u0131lmas\u0131 i\u00e7in zemin yarat\u0131lmaya \u00e7al\u0131\u015f\u0131ld\u0131\u011f\u0131 da anla\u015f\u0131lmaktad\u0131r.<\/span><\/p>\n<p class=\"MsoNormal\" style=\"text-align: justify; line-height: 200%;\"><span style=\"font-size: 11pt; line-height: 200%; font-family: Verdana;\">YKP, bu olay\u0131n kimler taraf\u0131nda ve neyle yap\u0131lm\u0131\u015f olursa olsun, bunun siyasi y\u00f6n\u00fc oldu\u011funu, polisin a\u00e7\u0131klamalar\u0131 ile anla\u015f\u0131ld\u0131\u011f\u0131 gibi derin devlet ba\u011flant\u0131s\u0131n\u0131n varl\u0131\u011f\u0131n\u0131 da ciddi \u015fekilde hissetmektedir.<\/span><\/p>\n<p class=\"MsoNormal\" style=\"text-align: justify; line-height: 200%;\"><span style=\"font-size: 11pt; line-height: 200%; font-family: Verdana;\">Bu nedenlerle YKP, Baraka K\u00fclt\u00fcr Merkezi ile dayan\u0131\u015fmas\u0131n\u0131 ortaya koyar, bu y\u0131ld\u0131rma, bask\u0131, fiziki ve psikolojik \u015fiddet faaliyetlerine kar\u015f\u0131 direnmeye, direnenlerle birlikte olmaya devam edece\u011fini bir kez daha vurgular.<\/span><\/p>\n<p class=\"MsoNormal\" style=\"text-align: justify; line-height: 200%;\"><span style=\"font-size: 11pt; line-height: 200%; font-family: Verdana;\">Bask\u0131 ve susturma giri\u015fimi her alanda devam etmektedir. Belediye Emek\u00e7ileri Sendikas\u0131na kar\u015f\u0131, yetkililerin a\u00e7\u0131klamas\u0131 bir tehdittir, zorbal\u0131kt\u0131r. Kimi Belediye Meclisi karar\u0131 olmaks\u0131z\u0131n, \u00e7o\u011fu kez Bakanlar Kurulu\u2019nun ald\u0131\u011f\u0131 hamilik kararlar\u0131 ile yasal olmayan yollarla Lefko\u015fa Belediyesi bor\u00e7land\u0131r\u0131lm\u0131\u015f, bu bor\u00e7lanma art\u0131k s\u00fcrd\u00fcr\u00fclemez hale gelmi\u015ftir. Bir\u00e7ok kez sorunun \u00e7\u00f6z\u00fclmesi i\u00e7in protokoller imzalanm\u0131\u015f ama sorunun oldu\u011fu gibi kalmas\u0131na ra\u011fmen, fatura emek\u00e7ilere \u00e7\u0131kar\u0131larak, sorunun \u00e7\u00f6z\u00fclmesi \u00f6nerisini reddeden BES\u2019e kar\u015f\u0131 \u00f6zellikle h\u00fck\u00fcmet temsilcilerinin tehditleri kabul edilemez.<\/span><\/p>\n<p class=\"MsoNormal\" style=\"text-align: justify; line-height: 200%;\"><span style=\"font-size: 11pt; line-height: 200%; font-family: Verdana;\">Sendika ve \u00f6rg\u00fctler \u00fczerindeki bask\u0131ya bir \u00f6rnek de DA\u00dc-SEN\u2019dir. DA\u00dc\u2019de ya\u015fanan sorunlarla ve sonras\u0131nda idarenin uygulamalar\u0131na kar\u015f\u0131 yap\u0131lan eylemlerle ilgili, disiplin soru\u015fturmalar\u0131, mahkeme s\u00fcre\u00e7leri devam etmektedir, DA\u00dc-SEN y\u00f6neticileri okuldan uzakla\u015ft\u0131r\u0131lmakla tehdit edilmektedir.<\/span><\/p>\n<p class=\"MsoNormal\" style=\"text-align: justify; line-height: 200%;\"><span style=\"font-size: 11pt; line-height: 200%; font-family: Verdana;\">\u2018\u0130nsan ve Yurtta\u015f Haklar\u0131 Bildirisi\u2019, Frans\u0131z Devrimi&#8217;nin temelini olu\u015fturan, 26 A\u011fustos 1789\u2019da demokrasi ve \u00f6zg\u00fcrl\u00fck sebep g\u00f6sterilerek yay\u0131mlanan temel metinlerden birisi olmu\u015ftur.<\/span><\/p>\n<p class=\"MsoNormal\" style=\"text-align: justify; line-height: 200%;\"><span style=\"font-size: 11pt; line-height: 200%; font-family: Verdana;\">Bu bildirgenin 2. maddesi \u00e7ok a\u00e7\u0131kt\u0131r; \u201cHer bir politik birle\u015fmenin amac\u0131; do\u011fal ve dokunulamaz insan haklar\u0131n\u0131 korumakt\u0131r. Bunlar; \u00f6zg\u00fcrl\u00fck hakk\u0131, m\u00fclkiyet hakk\u0131, g\u00fcvenlik hakk\u0131 ve bask\u0131ya kar\u015f\u0131 direnme hakk\u0131d\u0131r\u201d<\/span><\/p>\n<p class=\"MsoNormal\" style=\"text-align: justify; line-height: 200%;\"><span style=\"font-size: 11pt; line-height: 200%; font-family: Verdana;\">Toplant\u0131, g\u00f6steri ve ifade \u00f6zg\u00fcrl\u00fc\u011f\u00fc hakk\u0131 K\u0131br\u0131s\u2019\u0131n kuzeyinde ciddi \u015fekilde tehdit alt\u0131ndad\u0131r. Polis te\u015fkilat\u0131 keyfi \u015fekilde d\u00fc\u015f\u00fcnce \u00f6zg\u00fcrl\u00fc\u011f\u00fcn\u00fc \u00e7i\u011fneyerek pankartlar\u0131 toplamaktad\u0131r. Toplant\u0131 ve g\u00f6steri \u00f6zg\u00fcrl\u00fc\u011f\u00fc hakk\u0131n\u0131 da polis te\u015fkilat\u0131 gene keyfi \u015fekilde eylem alanlar\u0131na kurdu\u011fu anlams\u0131z barikatlarla ciddi \u015fekilde k\u0131s\u0131tlamaktad\u0131r. Bu hak ihlalleri kar\u015f\u0131s\u0131nda insan hak ve \u00f6zg\u00fcrl\u00fcklerini korumak, \u2018bask\u0131ya kar\u015f\u0131 direnme hakk\u0131n\u0131\u2019 kullanmak isteyenlerin kar\u015f\u0131s\u0131na ise mahkemeler \u00e7\u0131kmaktad\u0131r.<\/span><\/p>\n<p class=\"MsoNormal\" style=\"text-align: justify; line-height: 200%;\"><span style=\"font-size: 11pt; line-height: 200%; font-family: Verdana;\">Bizler, YKP olarak Ma\u011fusa\u2019da mahkemede davalar\u0131 g\u00f6r\u00fclecek DA\u00dc-SEN ve KTOE\u00d6S ile dayan\u0131\u015fmak, insan hak ve \u00f6zg\u00fcrl\u00fcklerine sahip \u00e7\u0131kmak, \u2018bask\u0131ya kar\u015f\u0131 direnme hakk\u0131\u2019n\u0131 sahiplenmek i\u00e7in yar\u0131n, 13 Kas\u0131m, Sal\u0131 g\u00fcn\u00fc saat 10\u2019da Ma\u011fusa\u2019da Mahkemeler \u00f6n\u00fcnde olaca\u011f\u0131z. T\u00fcm halk\u0131m\u0131z davetlidir!<\/span><\/p>\n<p class=\"MsoNormal\" style=\"text-align: justify; line-height: 200%;\"><span style=\"font-size: 11pt; line-height: 200%; font-family: Verdana;\">YKP, bir kez daha bask\u0131lar kar\u015f\u0131s\u0131nda susmad\u0131\u011f\u0131n\u0131 ve susmayaca\u011f\u0131n\u0131 vurgular, direnmeye devam edece\u011fini, direnenlerle birlikte, dayan\u0131\u015fma i\u00e7inde olaca\u011f\u0131n\u0131n alt\u0131n\u0131 \u00e7izer.<\/span><\/p>\n<p class=\"MsoNormal\" style=\"text-align: justify; line-height: 200%;\"><span style=\"font-size: 11pt; line-height: 200%; font-family: Verdana;\">\u00a0<\/span><\/p>\n<p class=\"MsoNormal\" style=\"text-align: justify; line-height: 200%;\"><span style=\"font-size: 11pt; line-height: 200%; font-family: Verdana;\">\u00a0<\/span><\/p>\n<p class=\"MsoNormal\" style=\"text-align: justify; line-height: 200%;\"><span style=\"font-size: 11pt; line-height: 200%; font-family: Verdana;\">\u00a0<\/span><\/p>\n<p class=\"MsoNormal\" style=\"text-align: justify; line-height: 200%;\"><span style=\"font-size: 11pt; line-height: 200%; font-family: Verdana;\">\u00a0<\/span><\/p>\n<p class=\"MsoNormal\" style=\"text-align: justify; line-height: 200%;\"><strong><span style=\"font-size: 11pt; line-height: 200%; font-family: Verdana;\">CTP &#8211; BG Gen\u00e7lik<\/span><\/strong><\/p>\n<p class=\"MsoNormal\" style=\"text-align: justify; line-height: 200%;\"><span style=\"font-size: 11pt; line-height: 200%; font-family: Verdana;\">Baraka K\u00fclt\u00fcr Merkezi\u2019ne kar\u015f\u0131 yap\u0131lan sald\u0131r\u0131n\u0131 kabul edilemez. \u00dclkemizde, varolu\u015f m\u00fccadelesinde ve demokratik ya\u015famda \u00f6nemli bir rol\u00fc bulunan Baraka K\u00fclt\u00fcr Merkezi\u2019ne yap\u0131lan bu \u00e7irkin sald\u0131r\u0131y\u0131 bizlere ve K\u0131br\u0131s\u2019ta bulunan t\u00fcm ilerici gen\u00e7lere yap\u0131lan bir sald\u0131r\u0131 olarak nitelendirmekteyiz.<\/span><\/p>\n<p class=\"MsoNormal\" style=\"text-align: justify; line-height: 200%;\"><span style=\"font-size: 11pt; line-height: 200%; font-family: Verdana;\">\u00dclkemizin i\u00e7inde bulundu\u011fu kaos halinde ve h\u00fck\u00fcmetin insan\u0131n\u0131 umursamad\u0131\u011f\u0131 bir ortamda, K\u0131br\u0131s T\u00fcrk Toplumunun y\u00fckselen sesini c\u0131l\u0131zla\u015ft\u0131rmaya, sokaktaki kavgas\u0131n\u0131 bu tip \u015fiddet olaylar\u0131 ile korku salarak y\u0131ld\u0131rmaya \u00e7al\u0131\u015fan bir tak\u0131m odaklara ge\u00e7it vermeyece\u011fiz. S\u00f6z konusu olay\u0131n ayd\u0131nlat\u0131lmas\u0131na y\u00f6nelik Polis \u00d6rg\u00fct\u00fc\u2019ne d\u00fc\u015fen g\u00f6revi \u00fclke gen\u00e7li\u011fi ad\u0131na bir kez daha hat\u0131rlat\u0131r\u0131z. Polisin tarafs\u0131z ve s\u00fcratli bir \u015fekilde bu olay\u0131n \u00fczerine y\u00fcr\u00fcmesi gerekti\u011fini vurgular\u0131z. Polis demokrasinin kar\u015f\u0131s\u0131nda de\u011fil, demokrasinin savunucusu olmal\u0131d\u0131r. Bu olay\u0131n faillerinin derhal bulunup yarg\u0131ya teslim edilmesinin takip\u00e7isi olaca\u011f\u0131m\u0131z\u0131 da bildiririz.<\/span><\/p>\n<p class=\"MsoNormal\" style=\"text-align: justify; line-height: 200%;\"><span style=\"font-size: 11pt; line-height: 200%; font-family: Verdana;\">CTP Gen\u00e7lik \u00d6rg\u00fct\u00fc bug\u00fcne kadar oldu\u011fu gibi bundan sonra da sol, sosyalist, ilerici, demokrat, K\u0131br\u0131s Sorunu\u2019nun \u00e7\u00f6z\u00fcm\u00fcn\u00fc isteyen ve bar\u0131\u015f\u00e7\u0131 gen\u00e7lik \u00f6rg\u00fctleriyle dayan\u0131\u015fmaya ve m\u00fccadeleyi ortak zeminde s\u00fcrd\u00fcrmeye devam edecektir. <\/span><\/p>\n<p class=\"MsoNormal\" style=\"text-align: justify; line-height: 200%;\"><span style=\"font-size: 11pt; line-height: 200%; font-family: Verdana;\">Birlik, M\u00fccadele, Dayan\u0131\u015fma!<\/span><\/p>\n<p class=\"MsoNormal\" style=\"text-align: justify; line-height: 200%;\"><span style=\"font-size: 11pt; line-height: 200%; font-family: Verdana;\">CTP Gen\u00e7lik \u00d6rg\u00fct\u00fc<\/span><\/p>\n<p class=\"MsoNormal\" style=\"text-align: justify; line-height: 200%;\"><span style=\"font-size: 11pt; line-height: 200%; font-family: Verdana;\">\u00a0<\/span><\/p>\n<p class=\"MsoNormal\" style=\"text-align: justify; line-height: 200%;\"><span style=\"font-size: 11pt; line-height: 200%; font-family: Verdana;\">\u00a0<\/span><\/p>\n<p class=\"MsoNormal\" style=\"text-align: justify; line-height: 200%;\"><span style=\"font-size: 11pt; line-height: 200%; font-family: Verdana;\">\u00a0<\/span><\/p>\n<p class=\"MsoNormal\" style=\"text-align: justify; line-height: 200%;\"><span style=\"font-size: 11pt; line-height: 200%; font-family: Verdana;\">\u00a0<\/span><\/p>\n<p class=\"MsoNormal\" style=\"text-align: justify; line-height: 200%;\"><strong><span style=\"font-size: 11pt; line-height: 200%; font-family: Verdana;\">Toplumcu Demokrasi Partisi <\/span><\/strong><\/p>\n<p class=\"MsoNormal\" style=\"text-align: justify; line-height: 200%;\"><span style=\"font-size: 11pt; line-height: 200%; font-family: Verdana;\">Toplumcu Demokrasi Partisi (TDP) Genel Sekreter Yard\u0131mc\u0131s\u0131 \u00d6zmen Birinci, K\u0131br\u0131s T\u00fcrk halk\u0131n\u0131n toplumsal varolu\u015f m\u00fccadelesini y\u00fckseltti\u011fi bir d\u00f6nemde, karanl\u0131k g\u00fc\u00e7lerin her zaman oldu\u011fu gibi yine devreye girmeye \u00e7al\u0131\u015ft\u0131\u011f\u0131n\u0131 belirterek, \u201cHalk\u0131n kar\u015f\u0131s\u0131nda kimse duramaz . Karanl\u0131k g\u00fc\u00e7ler kaybetmeye mahkumdur\u201d dedi.<\/span><\/p>\n<p class=\"MsoNormal\" style=\"text-align: justify; line-height: 200%;\"><span style=\"font-size: 11pt; line-height: 200%; font-family: Verdana;\">Birinci yapt\u0131\u011f\u0131 yaz\u0131l\u0131 a\u00e7\u0131klamada, \u00fclkedeki k\u00f6t\u00fc gidi\u015fe, \u00e7arp\u0131k d\u00fczene ve Lefko\u015fa\u2019da ya\u015fanan kaosa kar\u015f\u0131n toplumsal tepkilerin yeniden y\u00fckselmeye ba\u015flad\u0131\u011f\u0131 bir d\u00f6nemde bu m\u00fccadelenin i\u00e7inde yer alan Baraka\u2019ya y\u00f6nelik sald\u0131r\u0131n\u0131n ayn\u0131 zamanda halka kar\u015f\u0131 yap\u0131ld\u0131\u011f\u0131 g\u00f6r\u00fc\u015f\u00fcn\u00fc savundu.<\/span><\/p>\n<p class=\"MsoNormal\" style=\"text-align: justify; line-height: 200%;\"><span style=\"font-size: 11pt; line-height: 200%; font-family: Verdana;\">Baraka\u2019ya sald\u0131r\u0131n\u0131n d\u00fc\u015f\u00fcnceye sald\u0131r\u0131 oldu\u011funu da kaydeden Birinci, polis ve emniyet g\u00fc\u00e7lerini g\u00f6reve \u00e7a\u011f\u0131rd\u0131 ve faillerin tespit edilerek gerekenin yap\u0131lmas\u0131n\u0131 istedi.<\/span><\/p>\n<p class=\"MsoNormal\" style=\"text-align: justify; line-height: 200%;\"><span style=\"font-size: 11pt; line-height: 200%; font-family: Verdana;\">T\u00fcrkiye\u2019de \u201cErgenekon\u201du soru\u015fturanlar\u0131n K\u0131br\u0131s\u2019ta bu konudan \u0131srarla ka\u00e7t\u0131klar\u0131n\u0131 iddia eden Birinci, \u201cBelirli odaklar taraf\u0131ndan K\u0131br\u0131s\u2019ta \u00e7\u00f6z\u00fcms\u00fczl\u00fc\u011f\u00fcn s\u00fcrmesinin istenmesinin temel nedeni bu mudur\u2026 Ama\u00e7 i\u00e7 hesapla\u015fmalar\u0131n\u0131 burada yapmak m\u0131\u2026\u201d ifadelerini kulland\u0131.<\/span><\/p>\n<p class=\"MsoNormal\" style=\"text-align: justify; line-height: 200%;\"><span style=\"font-size: 11pt; line-height: 200%; font-family: Verdana;\">\u201cBask\u0131yla, \u015fiddetle, silahla bizi y\u0131ld\u0131rmaya \u00e7al\u0131\u015fanlar bu emellerine asla ula\u015famayacak\u201d diyen Birinci, \u201cBu odaklar \u00e7ok iyi bilsinler ki, bu m\u00fccadele sonu\u00e7 verene dek kararl\u0131l\u0131kla ve inan\u00e7la s\u00fcrecektir. Bu g\u00fcc\u00fcn kar\u015f\u0131s\u0131nda kimse duramayacak\u201d dedi.<\/span><\/p>\n<p class=\"MsoNormal\" style=\"text-align: justify; line-height: 200%;\"><span style=\"font-size: 11pt; line-height: 200%; font-family: Verdana;\">\u00a0<\/span><\/p>\n<p class=\"MsoNormal\" style=\"text-align: justify; line-height: 200%;\"><span style=\"font-size: 11pt; line-height: 200%; font-family: Verdana;\">\u00a0<\/span><\/p>\n<p class=\"MsoNormal\" style=\"text-align: justify; line-height: 200%;\"><span style=\"font-size: 11pt; line-height: 200%; font-family: Verdana;\">\u00a0<\/span><\/p>\n<p class=\"MsoNormal\" style=\"text-align: justify; line-height: 200%;\"><strong><span style=\"font-size: 11pt; line-height: 200%; font-family: Verdana;\">K\u0131br\u0131s Sosyalist Partisi<\/span><\/strong><\/p>\n<p class=\"MsoNormal\" style=\"text-align: justify; line-height: 200%;\"><span style=\"font-size: 11pt; line-height: 200%; font-family: Verdana;\">9 Kas\u0131m Cuma ak\u015fam\u0131 Baraka K\u00fclt\u00fcr Merkezi&#8217;nin Yeni\u015fehirdeki binas\u0131na ses bombal\u0131 sald\u0131r\u0131 d\u00fczenlenmi\u015ftir. <\/span><\/p>\n<p class=\"MsoNormal\" style=\"text-align: justify; line-height: 200%;\"><span style=\"font-size: 11pt; line-height: 200%; font-family: Verdana;\">Bu gibi sald\u0131r\u0131lar rejimin k\u00f6\u015feye s\u0131k\u0131\u015ft\u0131\u011f\u0131n\u0131 ve \u00e7\u0131k\u0131\u015f yolu olarak provokasyon y\u00f6ntemlerine ba\u015f vurmaya ba\u015flad\u0131\u011f\u0131n\u0131 g\u00f6stermektedir. <\/span><\/p>\n<p class=\"MsoNormal\" style=\"text-align: justify; line-height: 200%;\"><span style=\"font-size: 11pt; line-height: 200%; font-family: Verdana;\">Bu gibi sald\u0131r\u0131 y\u00f6ntemleri yeni de\u011fildir. <\/span><span style=\"font-size: 11pt; line-height: 200%; font-family: Verdana;\">\u0130\u015fgalin ve de emperyalizmin bek\u00e7ileri bu gibi provokasyonlarla bir yere varamayacaklar\u0131n\u0131 iyi bilmelidirler. <\/span><\/p>\n<p class=\"MsoNormal\" style=\"text-align: justify; line-height: 200%;\"><span style=\"font-size: 11pt; line-height: 200%; font-family: Verdana;\">K\u0131br\u0131s Sosyalist Partisi Baraka K\u00fclt\u00fcr Merkezi&#8217;ne yap\u0131lan bu sald\u0131r\u0131y\u0131 k\u0131nar bu gibi sald\u0131r\u0131lara kar\u015f\u0131 susmayaca\u011f\u0131m\u0131z\u0131 bir kez daha duyururuz.\u00a0 <\/span><\/p>\n<p class=\"MsoNormal\" style=\"text-align: justify; line-height: 200%;\"><strong><span style=\"font-size: 11pt; line-height: 200%; font-family: Verdana;\">K\u0131br\u0131s Sosyalist Partisi <\/span><\/strong><span style=\"font-size: 11pt; line-height: 200%; font-family: Verdana;\">\u00a0<\/span><\/p>\n<p class=\"MsoNormal\" style=\"text-align: justify; line-height: 200%;\"><strong><span style=\"font-size: 11pt; line-height: 200%; font-family: Verdana;\">Merkez Komitesi (a)<\/span><\/strong><\/p>\n<p class=\"MsoNormal\" style=\"text-align: justify; line-height: 200%;\"><strong><span style=\"font-size: 11pt; line-height: 200%; font-family: Verdana;\">Genel Sekreter<\/span><\/strong><span style=\"font-size: 11pt; line-height: 200%; font-family: Verdana;\">\u00a0 <\/span><\/p>\n<p class=\"MsoNormal\" style=\"text-align: justify; line-height: 200%;\"><strong><span style=\"font-size: 11pt; line-height: 200%; font-family: Verdana;\">Mehmet Birinci<\/span><\/strong><span style=\"font-size: 11pt; line-height: 200%; font-family: Verdana;\">\u00a0 <\/span><\/p>\n<p class=\"MsoNormal\" style=\"text-align: justify; line-height: 200%;\"><strong><span style=\"font-size: 11pt; line-height: 200%; font-family: Verdana;\">10 Kas\u0131m 2012<\/span><\/strong><\/p>\n<p class=\"MsoNormal\" style=\"text-align: justify; line-height: 200%;\"><span style=\"font-size: 11pt; line-height: 200%; font-family: Verdana;\">\u00a0<\/span><\/p>\n<p class=\"MsoNormal\" style=\"text-align: justify; line-height: 200%;\"><span style=\"font-size: 11pt; line-height: 200%; font-family: Verdana;\">\u00a0<\/span><\/p>\n<p class=\"MsoNormal\" style=\"text-align: justify; line-height: 200%;\"><strong><span style=\"font-size: 11pt; line-height: 200%; font-family: Verdana;\">Birle\u015fik K\u0131br\u0131s Partisi<\/span><\/strong><\/p>\n<p class=\"MsoNormal\" style=\"text-align: justify; line-height: 200%;\"><span style=\"font-size: 11pt; line-height: 200%; font-family: Verdana;\">BKP \u00d6rg\u00fct Sekreteri Abdullah Korkmazhan, yapt\u0131\u011f\u0131 a\u00e7\u0131klamada, sald\u0131r\u0131y\u0131 \u015fiddetle protesto ettiklerini ve Baraka ile dayan\u0131\u015fma i\u00e7erinde olmaya devam edeceklerini s\u00f6yledi.<\/span><\/p>\n<p class=\"MsoNormal\" style=\"text-align: justify; line-height: 200%;\"><span style=\"font-size: 11pt; line-height: 200%; font-family: Verdana;\">Ulusal Birlik Partisi\u2019nin (UBP), \u201c\u00fclkedeki b\u00f6l\u00fcnm\u00fc\u015fl\u00fc\u011f\u00fc kal\u0131c\u0131la\u015ft\u0131rmaya\u201d ve K\u0131br\u0131s\u2019\u0131n kuzeyini kolinize etmeye \u00e7al\u0131\u015ft\u0131\u011f\u0131n\u0131, m\u00fczakere masas\u0131n\u0131 \u00e7\u00f6kertti\u011fini, n\u00fcfus aktar\u0131m\u0131 ile demografik yap\u0131y\u0131 de\u011fi\u015ftirdi\u011fini, ve K\u0131br\u0131sl\u0131 T\u00fcrklerin kamusal de\u011ferlerin ye\u015fil sermayeye pe\u015fke\u015f \u00e7ekti\u011fini ileri s\u00fcren Korkmazhan \u201c\u0130\u015fte t\u00fcm bu politikalara kar\u015f\u0131 direnen, kararl\u0131l\u0131kla m\u00fccadele eden ilerici g\u00fc\u00e7ler, korkutulmaya, sindirilmeye ve diren\u00e7leri k\u0131r\u0131lmaya \u00e7al\u0131\u015f\u0131lmaktad\u0131r\u201d dedi.<\/span><\/p>\n<p class=\"MsoNormal\" style=\"text-align: justify; line-height: 200%;\"><span style=\"font-size: 11pt; line-height: 200%; font-family: Verdana;\">\u00a0<\/span><\/p>\n<p class=\"MsoNormal\" style=\"text-align: justify; line-height: 200%;\"><span style=\"font-size: 11pt; line-height: 200%; font-family: Verdana;\">\u00a0<\/span><\/p>\n<p class=\"MsoNormal\" style=\"text-align: justify; line-height: 200%;\"><strong><span style=\"font-size: 11pt; line-height: 200%; font-family: Verdana;\">Sendikalar<\/span><\/strong><\/p>\n<p class=\"MsoNormal\" style=\"text-align: justify; line-height: 200%;\"><strong><span style=\"font-size: 11pt; line-height: 200%; font-family: Verdana;\">K\u0131br\u0131s T\u00fcrk Orta E\u011fitim \u00d6\u011fretmenler Sendikas\u0131<\/span><\/strong><\/p>\n<p class=\"MsoNormal\" style=\"text-align: justify; line-height: 200%;\"><span style=\"font-size: 11pt; line-height: 200%; font-family: Verdana;\">K\u0131br\u0131s\u2019\u0131n Kuzeyine i\u015fgal rejimini dayatan, K\u0131br\u0131sl\u0131 T\u00fcrkleri a\u00e7\u0131k hava hapishanesine mahkum eden siyasi rejim daha da ileri gidebilme provalar\u0131 m\u0131 yap\u0131yor? Kurulan kumurhane, ya\u011fma, mafia, uy\u015fturucu d\u00fczeni \u00fczerine monte edilen adaletsiz, partizan, adamc\u0131 y\u00f6netim anlay\u0131\u015f\u0131 K\u0131br\u0131s T\u00fcrk Halk\u0131na kan kusturmu\u015f , gen\u00e7leri i\u015fsiz, a\u015fs\u0131z b\u0131rakarak, bask\u0131, tehdit alt\u0131nda tutarak g\u00f6\u00e7 yollar\u0131na yollam\u0131\u015ft\u0131r. <\/span><\/p>\n<p class=\"MsoNormal\" style=\"text-align: justify; line-height: 200%;\"><span style=\"font-size: 11pt; line-height: 200%; font-family: Verdana;\">Demokrasi i\u00e7erisinde normal bir yakla\u015f\u0131m bi\u00e7imi olmayan, demokratik hi\u00e7 bir \u00fclkede g\u00f6r\u00fclmeyen bu yap\u0131 zaman zaman can almaktan da geri durmam\u0131\u015ft\u0131r. Asl\u0131nda Ankara H\u00fck\u00fcmetleri ile \u0130\u015fbirlik\u00e7i H\u00fck\u00fcmetlerin birlikte olu\u015fturduklar\u0131 bu rejim kendi insan\u0131n\u0131 harcarken ayr\u0131cal\u0131kl\u0131 bir y\u00f6neten s\u0131n\u0131f\u0131 yaratm\u0131\u015f bir ya\u011fma, talan d\u00fczeni kurmu\u015ftur. Bu d\u00fczene \u00e7omak sokan , ele\u015ftiren, muhalefet olan kim varsa ya milli duygular \u00fczerinden vatan haini ilan edilmi\u015f ya tehdit edilmi\u015f ya da hunharca \u00f6ld\u00fcr\u00fclm\u00fc\u015ft\u00fcr.<\/span><\/p>\n<p class=\"MsoNormal\" style=\"text-align: justify; line-height: 200%;\"><span style=\"font-size: 11pt; line-height: 200%; font-family: Verdana;\">Barakaya at\u0131lan bomba ile ilgili sonu\u00e7lar hen\u00fcz a\u00e7\u0131klanmam\u0131\u015ft\u0131r. At\u0131lan bomba \u00f6nemsizdir veya m\u00fcnferit ki\u015filer taraf\u0131ndan da at\u0131lm\u0131\u015f oldu\u011fu a\u00e7\u0131klamas\u0131 yap\u0131labilir. \u015eu anda bilemiyoruz ama bilinen bir\u015fey var ki bir\u00e7ok medya, derin kurumlar, ki\u015filer s\u00fcrekli Baraka ve Baraka gibi ses veren demokratik unsurlar\u0131 hedef g\u00f6stermekte ve\u00a0 asl\u0131nda sonucun \u00e7ok daha vahim olmas\u0131n\u0131 tetiklemektedirler.Bu rejimden nemalananlar gerekirse kan da d\u00f6keriz mesaj\u0131 vermektedirler. Emniyet te\u015fkilat\u0131 daha \u00f6nceki sald\u0131r\u0131larda da bu kesimlerin \u00fczerine gitmekte isteksiz davrand\u0131\u011f\u0131n\u0131 g\u00f6stermi\u015ftir.<\/span><\/p>\n<p class=\"MsoNormal\" style=\"text-align: justify; line-height: 200%;\"><span style=\"font-size: 11pt; line-height: 200%; font-family: Verdana;\">Bu ve benzer sald\u0131r\u0131lar\u0131n ne anlama geldi\u011fini bilen KTOE\u00d6S \u015fiddetle bu hain sald\u0131r\u0131lar\u0131 k\u0131n\u0131yor, demokrasiyi, adaleti, muhalif sesleri k\u0131smaya y\u00f6nelik bu sald\u0131r\u0131lar kar\u015f\u0131s\u0131nda her zaman tek yumruk olaca\u011f\u0131m\u0131z\u0131 kamuoyuna duyuruyoruz.<\/span><\/p>\n<p class=\"MsoNormal\" style=\"text-align: justify; line-height: 200%;\"><span style=\"font-size: 11pt; line-height: 200%; font-family: Verdana;\">Tahir G\u00d6K\u00c7EBEL<\/span><\/p>\n<p class=\"MsoNormal\" style=\"text-align: justify; line-height: 200%;\"><span style=\"font-size: 11pt; line-height: 200%; font-family: Verdana;\">Ba\u015fkan<br \/>\nY\u00f6netim Kurulu a.<\/span><\/p>\n<p class=\"MsoNormal\" style=\"text-align: justify; line-height: 200%;\"><span style=\"font-size: 11pt; line-height: 200%; font-family: Verdana;\">\u00a0<\/span><\/p>\n<p class=\"MsoNormal\" style=\"text-align: justify; line-height: 200%;\"><span style=\"font-size: 11pt; line-height: 200%; font-family: Verdana;\">\u00a0<\/span><\/p>\n<p class=\"MsoNormal\" style=\"text-align: justify; line-height: 200%;\"><span style=\"font-size: 11pt; line-height: 200%; font-family: Verdana;\">\u00a0<\/span><\/p>\n<p class=\"MsoNormal\" style=\"text-align: justify; line-height: 200%;\"><span style=\"font-size: 11pt; line-height: 200%; font-family: Verdana;\">\u00a0<\/span><\/p>\n<p class=\"MsoNormal\" style=\"text-align: justify; line-height: 200%;\"><strong><span style=\"font-size: 11pt; line-height: 200%; font-family: Verdana;\">DA\u00dc-SEN<\/span><\/strong><span style=\"font-size: 11pt; line-height: 200%; font-family: Verdana;\"> ile <strong>DA\u00dc-Bir-Sen<\/strong> <\/span><\/p>\n<p class=\"MsoNormal\" style=\"text-align: justify; line-height: 200%;\"><span style=\"font-size: 11pt; line-height: 200%; font-family: Verdana;\">Ortak bas\u0131n a\u00e7\u0131klamas\u0131nda, \u201cBaraka\u2019y\u0131 veya ilerici K\u0131br\u0131sl\u0131 T\u00fcrk \u00f6rg\u00fctleri ile ayd\u0131nlar\u0131n\u0131 korkutmaya, sindirmeye \u00e7al\u0131\u015fmak bo\u015fa u\u011fra\u015ft\u0131r\u201d denilerek, \u201cFikirlerimizden ve kalemimizden ba\u015fka bir silah\u0131m\u0131z olmayan bizlere yap\u0131lan bu sald\u0131r\u0131lar korkutaca\u011f\u0131na, verdi\u011fimiz m\u00fccadelede bizleri daha fazla motive etmektedir\u201d denildi.<\/span><\/p>\n<p class=\"MsoNormal\" style=\"text-align: justify; line-height: 200%;\"><span style=\"font-size: 11pt; line-height: 200%; font-family: Verdana;\">A\u00e7\u0131klamada, \u201cBa\u015fbakan \u0130rsen K\u00fc\u00e7\u00fck ile bakanlar\u0131n koltuk derdine d\u00fc\u015ft\u00fc\u011f\u00fc, d\u00fcnya yansa umurlar\u0131nda olmad\u0131\u011f\u0131 bir d\u00f6nemde h\u00fck\u00fcmet edenlerden sald\u0131r\u0131n\u0131n faillerinin bulunmas\u0131 y\u00f6n\u00fcnde bir ad\u0131m atmalar\u0131n\u0131 beklemenin anlams\u0131z oldu\u011fu\u201d da savunuldu.<\/span><\/p>\n<p class=\"MsoNormal\" style=\"text-align: justify; line-height: 200%;\"><span style=\"font-size: 11pt; line-height: 200%; font-family: Verdana;\">Yaz\u0131l\u0131 ortak a\u00e7\u0131klamada, \u201cesas g\u00f6revi \u00e7al\u0131\u015fanlar\u0131 coplamak oldu\u011funu ispat eden polis te\u015fkilat\u0131n\u0131n bu i\u015fi \u00e7\u00f6zmesinin beklenmedi\u011fi\u201d g\u00f6r\u00fc\u015f\u00fcne de yer verildi.<\/span><\/p>\n<p class=\"MsoNormal\" style=\"text-align: justify; line-height: 200%;\"><span style=\"font-size: 11pt; line-height: 200%; font-family: Verdana;\">\u00a0<\/span><\/p>\n<p class=\"MsoNormal\" style=\"text-align: justify; line-height: 200%;\"><span style=\"font-size: 11pt; line-height: 200%; font-family: Verdana;\">\u00a0<\/span><\/p>\n<p class=\"MsoNormal\" style=\"text-align: justify; line-height: 200%;\"><span style=\"font-size: 11pt; line-height: 200%; font-family: Verdana;\">\u00a0<\/span><\/p>\n<p class=\"MsoNormal\" style=\"text-align: justify; line-height: 200%;\"><span style=\"font-size: 11pt; line-height: 200%; font-family: Verdana;\">\u00a0<\/span><\/p>\n<p class=\"MsoNormal\" style=\"text-align: justify; line-height: 200%;\"><strong><span style=\"font-size: 11pt; line-height: 200%; font-family: Verdana;\">BASIN-SEN<\/span><\/strong><\/p>\n<p class=\"MsoNormal\" style=\"text-align: justify; line-height: 200%;\"><span style=\"font-size: 11pt; line-height: 200%; font-family: Verdana;\">Bas\u0131n-Sen Genel Ba\u015fkan\u0131 Kemal Darbaz taraf\u0131ndan yap\u0131lan yaz\u0131l\u0131 a\u00e7\u0131klamada, \u201cd\u00fc\u015f\u00fcnceye kar\u015f\u0131 \u015fiddeti, sevgiye kar\u015f\u0131 d\u00fc\u015fmanl\u0131\u011f\u0131, s\u0131n\u0131f karde\u015fli\u011fine kar\u015f\u0131 \u0131rk\u00e7\u0131l\u0131\u011f\u0131 savunanlar d\u00fcn ak\u015fam bir kez daha Baraka K\u00fclt\u00fcr Merkezi\u2019ne bombal\u0131 sald\u0131r\u0131da bulundu\u201d denildi.<\/span><\/p>\n<p class=\"MsoNormal\" style=\"text-align: justify; line-height: 200%;\"><span style=\"font-size: 11pt; line-height: 200%; font-family: Verdana;\">\u201cK\u0131br\u0131s T\u00fcrk halk\u0131n\u0131n evlatlar\u0131 taraf\u0131ndan kurulan sevgi, karde\u015flik ve emek eksenli Baraka K\u00fclt\u00fcr Merkezi\u2019ne y\u00f6nelik sald\u0131r\u0131n\u0131n hedefinin K\u0131br\u0131s T\u00fcrk halk\u0131n\u0131n emek\u00e7ileri oldu\u011fu\u201d savunulan a\u00e7\u0131klamada, \u201cFaili malum sald\u0131r\u0131n\u0131n failleri bug\u00fcn de\u011filse bir g\u00fcn mutlaka halka hesap verecektir\u201d denildi.<\/span><\/p>\n<p class=\"MsoNormal\" style=\"text-align: justify; line-height: 200%;\"><span style=\"font-size: 11pt; line-height: 200%; font-family: Verdana;\">Baraka K\u00fclt\u00fcr Merkezi\u2019ni \u201cemek bile\u015fenlerinin \u00f6nemli bir unsuru\u201d olarak niteleyen Darbaz, Bas\u0131n-Sen\u2019in her ko\u015fulda Baraka ile \u201ckarde\u015f, yolda\u015f ve devrimci duygularla\u201d dayan\u0131\u015fma i\u00e7inde olaca\u011f\u0131n\u0131 ekledi.<\/span><\/p>\n<p class=\"MsoNormal\" style=\"text-align: justify; line-height: 200%;\"><span style=\"font-size: 11pt; line-height: 200%; font-family: Verdana;\">\u00a0<\/span><\/p>\n<p class=\"MsoNormal\" style=\"text-align: justify; line-height: 200%;\"><span style=\"font-size: 11pt; line-height: 200%; font-family: Verdana;\">\u00a0<\/span><\/p>\n<p class=\"MsoNormal\" style=\"text-align: justify; line-height: 200%;\"><span style=\"font-size: 11pt; line-height: 200%; font-family: Verdana;\">\u00a0<\/span><\/p>\n<p class=\"MsoNormal\" style=\"text-align: justify; line-height: 200%;\"><span style=\"font-size: 11pt; line-height: 200%; font-family: Verdana;\">\u00a0<\/span><\/p>\n<p class=\"MsoNormal\" style=\"text-align: justify; line-height: 200%;\"><span style=\"font-size: 11pt; line-height: 200%; font-family: Verdana;\">\u00a0<\/span><\/p>\n<p class=\"MsoNormal\" style=\"text-align: justify; line-height: 200%;\"><strong><span style=\"font-size: 11pt; line-height: 200%; font-family: Verdana;\">G\u00dc\u00c7-SEN<\/span><\/strong><\/p>\n<p class=\"MsoNormal\" style=\"text-align: justify; line-height: 200%;\"><span style=\"font-size: 11pt; line-height: 200%; font-family: Verdana;\">G\u00fc\u00e7-Sen Ba\u015fkan\u0131 Erol Emin ise, Baraka K\u00fclt\u00fcr Merkezi\u2019nin KKTC\u2019nin demokratik ya\u015fam\u0131nda \u00e7ok \u00f6nemli bir unsurdur oldu\u011funu kaydetti ve \u201cToplumsal olaylarda her zaman halk\u0131n yan\u0131nda tav\u0131r koyan, nerede m\u00fccadele varsa, Baraka orada, nerede mazlum varsa, Baraka yan\u0131nda olan yurtsever bir gen\u00e7lik \u00f6rg\u00fct\u00fcm\u00fczd\u00fcr\u201d dedi.<\/span><\/p>\n<p class=\"MsoNormal\" style=\"text-align: justify; line-height: 200%;\"><span style=\"font-size: 11pt; line-height: 200%; font-family: Verdana;\">Sald\u0131r\u0131y\u0131 d\u00fczenleyenlerin demokrasinin en b\u00fcy\u00fck engeli ve halk\u0131n d\u00fc\u015fman\u0131 oldu\u011funu kaydeden Emin,\u00a0 faillerin en erken zamanda yakalanmas\u0131n\u0131 istedi.<\/span><\/p>\n<p class=\"MsoNormal\" style=\"text-align: justify; line-height: 200%;\"><span style=\"font-size: 11pt; line-height: 200%; font-family: Verdana;\">\u00a0<\/span><\/p>\n<p class=\"MsoNormal\" style=\"text-align: justify; line-height: 200%;\"><span style=\"font-size: 11pt; line-height: 200%; font-family: Verdana;\">\u00a0<\/span><\/p>\n<p class=\"MsoNormal\" style=\"text-align: justify; line-height: 200%;\"><span style=\"font-size: 11pt; line-height: 200%; font-family: Verdana;\">\u00a0<\/span><\/p>\n<p class=\"MsoNormal\" style=\"text-align: justify; line-height: 200%;\"><span style=\"font-size: 11pt; line-height: 200%; font-family: Verdana;\">\u00a0<\/span><\/p>\n<p class=\"MsoNormal\" style=\"text-align: justify; line-height: 200%;\"><strong><span style=\"font-size: 11pt; line-height: 200%; font-family: Verdana;\">Dernekler<\/span><\/strong><\/p>\n<p class=\"MsoNormal\" style=\"text-align: justify; line-height: 200%;\"><strong><span style=\"font-size: 11pt; line-height: 200%; font-family: Verdana;\">Selver Kaya (Pir Sultan Abdal K\u00fclt\u00fcr Derne\u011fi)<\/span><\/strong><\/p>\n<p class=\"MsoNormal\" style=\"text-align: justify; line-height: 200%;\"><span style=\"font-size: 11pt; line-height: 200%; font-family: Verdana;\">Bu fa\u015fit sald\u0131r\u0131lar bizlerin g\u00f6r\u00fc\u015f ve \u00f6zg\u00fcrl\u00fcklerimizden y\u0131ld\u0131ramaz, tam tersine tek yumruk olup yolumuza devam edece\u011fiz. Kahrolsun fa\u015fizim, ya\u015fas\u0131n halklar\u0131n karde\u015fli\u011fi..<\/span><\/p>\n<p class=\"MsoNormal\" style=\"text-align: justify; line-height: 200%;\"><strong><span style=\"font-size: 11pt; line-height: 200%; font-family: Verdana;\">\u00a0<\/span><\/strong><\/p>\n<p class=\"MsoNormal\" style=\"text-align: justify; line-height: 200%;\"><strong><span style=\"font-size: 11pt; line-height: 200%; font-family: Verdana;\">\u00a0<\/span><\/strong><\/p>\n<p class=\"MsoNormal\" style=\"text-align: justify; line-height: 200%;\"><strong><span style=\"font-size: 11pt; line-height: 200%; font-family: Verdana;\">\u00a0<\/span><\/strong><\/p>\n<p class=\"MsoNormal\" style=\"text-align: justify; line-height: 200%;\"><strong><span style=\"font-size: 11pt; line-height: 200%; font-family: Verdana;\">\u00a0<\/span><\/strong><\/p>\n<p class=\"MsoNormal\" style=\"text-align: justify; line-height: 200%;\"><strong><span style=\"font-size: 11pt; line-height: 200%; font-family: Verdana;\">HAS-DER Gen\u00e7lik Kul\u00fcb\u00fc<\/span><\/strong><\/p>\n<p class=\"MsoNormal\" style=\"text-align: justify; line-height: 200%;\"><span style=\"font-size: 11pt; line-height: 200%; font-family: Verdana;\">Baraka K\u00fclt\u00fcr e yap\u0131lan hain sald\u0131r\u0131y\u0131 lanetliyor ve nefretle k\u0131n\u0131yoruz..!! <\/span><\/p>\n<p class=\"MsoNormal\" style=\"text-align: justify; line-height: 200%;\"><span style=\"font-size: 11pt; line-height: 200%; font-family: Verdana;\">\u00a0<\/span><\/p>\n<p class=\"MsoNormal\" style=\"text-align: justify; line-height: 200%;\"><span style=\"font-size: 11pt; line-height: 200%; font-family: Verdana;\">\u00a0<\/span><\/p>\n<p class=\"MsoNormal\" style=\"text-align: justify; line-height: 200%;\"><span style=\"font-size: 11pt; line-height: 200%; font-family: Verdana;\">\u00a0<\/span><\/p>\n<p class=\"MsoNormal\" style=\"text-align: justify; line-height: 200%;\"><span style=\"font-size: 11pt; line-height: 200%; font-family: Verdana;\">\u00a0<\/span><\/p>\n<p class=\"MsoNormal\" style=\"text-align: justify; line-height: 200%;\"><strong><span style=\"font-size: 11pt; line-height: 200%; font-family: Verdana;\">Marksist Barikat<\/span><\/strong><\/p>\n<p class=\"MsoNormal\" style=\"text-align: justify; line-height: 200%;\"><span style=\"font-size: 11pt; line-height: 200%; font-family: Verdana;\">Baraka K\u00fclt\u00fcr&#8217;e yap\u0131lan sald\u0131r\u0131y\u0131 \u015fiddetle k\u0131n\u0131yoruz. KAHROLSUN FA\u015e\u0130ZM..! <\/span><\/p>\n<p class=\"MsoNormal\" style=\"text-align: justify; line-height: 200%;\"><span style=\"font-size: 11pt; line-height: 200%; font-family: Verdana;\">\u00a0<\/span><\/p>\n<p class=\"MsoNormal\" style=\"text-align: justify; line-height: 200%;\"><span style=\"font-size: 11pt; line-height: 200%; font-family: Verdana;\">\u00a0<\/span><\/p>\n<p class=\"MsoNormal\" style=\"text-align: justify; line-height: 200%;\"><span style=\"font-size: 11pt; line-height: 200%; font-family: Verdana;\">\u00a0<\/span><\/p>\n<p class=\"MsoNormal\" style=\"text-align: justify; line-height: 200%;\"><span style=\"font-size: 11pt; line-height: 200%; font-family: Verdana;\">\u00a0<\/span><\/p>\n<p class=\"MsoNormal\" style=\"text-align: justify; line-height: 200%;\"><strong><span style=\"font-size: 11pt; line-height: 200%; font-family: Verdana;\">Fikrin ve Hukukuk \u00dcst\u00fcnl\u00fc\u011f\u00fc Hareketi<\/span><\/strong><\/p>\n<p class=\"MsoNormal\" style=\"text-align: justify; line-height: 200%;\"><span style=\"font-size: 11pt; line-height: 200%; font-family: Verdana;\">Baraka K\u00fclt\u00fcr Merkezi\u2019ne y\u00f6nelik yap\u0131lan bombal\u0131 sald\u0131r\u0131 \u00e7a\u011fda\u015f demokratik de\u011ferlere, Anayasal D\u00fc\u015f\u00fcnce \u00d6zg\u00fcrl\u00fc\u011f\u00fc\u2019ne ve yurtseverli\u011fe kar\u015f\u0131 yap\u0131lm\u0131\u015f anti-demokratik, kirli ellerin yaratt\u0131\u011f\u0131 bir eylemdir. Bu nedenle yap\u0131lan bu tehditvari ve sindirme ama\u00e7l\u0131 bu sald\u0131r\u0131y\u0131 \u015fiddetle k\u0131namaktay\u0131z. <\/span><\/p>\n<p class=\"MsoNormal\" style=\"text-align: justify; line-height: 200%;\"><span style=\"font-size: 11pt; line-height: 200%; font-family: Verdana;\">\u00dclkemizde yuvalanm\u0131\u015f kara ellerin eseri olan bu sald\u0131r\u0131lar \u00f6zellikle toplumsal varolu\u015f anlam\u0131nda silkindi\u011fimiz d\u00f6nemlerde ortaya \u00e7\u0131karak biz yurtseverleri korkutmay\u0131 ama\u00e7lamaktad\u0131r. \u00dclkemizde zaman zaman g\u00f6r\u00fclen Bu t\u00fcr yeralt\u0131 hareketlerinin hep faili me\u00e7hul kald\u0131\u011f\u0131n\u0131 ve bunlar\u0131 yapt\u0131rtan ger\u00e7ek g\u00fc\u00e7lerin\u00a0 ortaya \u00e7\u0131kart\u0131lmad\u0131\u011f\u0131n\u0131 da hat\u0131rlatmak isteriz. <\/span><\/p>\n<p class=\"MsoNormal\" style=\"text-align: justify; line-height: 200%;\"><span style=\"font-size: 11pt; line-height: 200%; font-family: Verdana;\">\u00dclke insan\u0131m\u0131z\u0131n bu failleri asl\u0131nda \u00e7ok iyi bildi\u011fi veya tahmin etti\u011fi ancak emniyet g\u00fc\u00e7lerince bir t\u00fcrl\u00fc yakalan\u0131p yarg\u0131 \u00f6n\u00fcne \u00e7\u0131kart\u0131lmayan bu derin yap\u0131lanmalar\u0131n art\u0131k ortaya \u00e7\u0131kart\u0131lma zaman\u0131 gelmi\u015ftir. Ancak mevcut siyasi ve idari yap\u0131m\u0131z de\u011fi\u015fmedik\u00e7e, kurumlar\u0131m\u0131z daha demokratik ve denetlenebilir hale getirilmedik\u00e7e bu t\u00fcr hareketleri yapt\u0131ran g\u00fc\u00e7lerin meydana \u00e7\u0131kart\u0131lamayaca\u011f\u0131na inanmaktay\u0131z. <\/span><\/p>\n<p class=\"MsoNormal\" style=\"text-align: justify; line-height: 200%;\"><span style=\"font-size: 11pt; line-height: 200%; font-family: Verdana;\">Unutmayal\u0131m ki, bu t\u00fcr tehdit ve korku i\u00e7erikli hareketler, buradaki yurtseverli\u011fin palazlanmas\u0131n\u0131 istemeyen, bizlerin kendi topraklar\u0131n\u0131n efendisi olmam\u0131z\u0131 asla arzulamayan ve kurulan bu stat\u00fckodan beslenen damarlar\u0131n kesilmemesi i\u00e7in var g\u00fc\u00e7leriyle m\u00fccadele edenlerin eseridir.\u00a0 <\/span><\/p>\n<p class=\"MsoNormal\" style=\"text-align: justify; line-height: 200%;\"><span style=\"font-size: 11pt; line-height: 200%; font-family: Verdana;\">Bu a\u00e7\u0131dan, Baraka K\u00fclt\u00fcr Merkezi\u2019ne at\u0131lan bomban\u0131n esasta t\u00fcm yurtseverlere y\u00f6nelik bir sald\u0131r\u0131 oldu\u011funu iyice idrak etmemiz gerekir.<\/span><\/p>\n<p class=\"MsoNormal\" style=\"text-align: justify; line-height: 200%;\"><span style=\"font-size: 11pt; line-height: 200%; font-family: Verdana;\">F\u0130KR\u0130N VE HUKUKUN \u00dcST\u00dcNL\u00dc\u011e\u00dc HAREKET\u0130<\/span><\/p>\n<p class=\"MsoNormal\" style=\"text-align: justify; line-height: 200%;\"><span style=\"font-size: 11pt; line-height: 200%; font-family: Verdana;\">(a). Av. Bar\u0131\u015f Mamal\u0131 &#8211; Ba\u015fkan<\/span><\/p>\n<p class=\"MsoNormal\" style=\"text-align: justify; line-height: 200%;\"><span style=\"font-size: 11pt; line-height: 200%; font-family: Verdana;\">\u00a0<\/span><\/p>\n<p class=\"MsoNormal\" style=\"text-align: justify; line-height: 200%;\"><span style=\"font-size: 11pt; line-height: 200%; font-family: Verdana;\">\u00a0<\/span><\/p>\n<p class=\"MsoNormal\" style=\"text-align: justify; line-height: 200%;\"><span style=\"font-size: 11pt; line-height: 200%; font-family: Verdana;\">\u00a0<\/span><\/p>\n<p class=\"MsoNormal\" style=\"text-align: justify; line-height: 200%;\"><span style=\"font-size: 11pt; line-height: 200%; font-family: Verdana;\">\u00a0<\/span><\/p>\n<p class=\"MsoNormal\" style=\"text-align: justify; line-height: 200%;\"><strong><span style=\"font-size: 11pt; line-height: 200%; font-family: Verdana;\">K\u0131br\u0131s \u0130nsan Hak ve \u00d6zg\u00fcrl\u00fckleri Derne\u011fi<\/span><\/strong><\/p>\n<p class=\"MsoNormal\" style=\"text-align: justify; line-height: 200%;\"><span style=\"font-size: 11pt; line-height: 200%; font-family: Verdana;\">\u00dclkemizde h\u0131zla geli\u015fen Hukuk tan\u0131maz ve yasalar\u0131n \u00e7i\u011fnenerek ba\u015f\u0131na buyruk hareketlerin h\u0131zla geli\u015fti\u011fini g\u00f6rmek bizleri derinden \u00fczmektedir. <\/span><\/p>\n<p class=\"MsoNormal\" style=\"text-align: justify; line-height: 200%;\"><span style=\"font-size: 11pt; line-height: 200%; font-family: Verdana;\">\u00dclkede sorunlar \u00e7\u0131\u011f b\u00fcy\u00fcmekte ve bu sorunlar kaosa d\u00f6n\u00fc\u015fmektedir. Aylard\u0131r Lefko\u015fa Belediyesinde ya\u015fanan sorunlara \u00e7\u00f6z\u00fcm bulamayanlar, her g\u00fcn yeni bir sorun yaratmaktalar. Halk\u0131n sa\u011fl\u0131\u011f\u0131 tehdit alt\u0131nda, \u00dclke kaosa s\u00fcr\u00fckleniyor, bunu f\u0131rsat bilen d\u0131\u015f ve i\u00e7 mihraklar,\u00a0 halk\u0131 tahrik etmekteler. <\/span><\/p>\n<p class=\"MsoNormal\" style=\"text-align: justify; line-height: 200%;\"><span style=\"font-size: 11pt; line-height: 200%; font-family: Verdana;\">Baraka K\u00fclt\u00fcr Evine yap\u0131lan sald\u0131r\u0131 toplumun huzurunu bozmaya y\u00f6nelik bir sald\u0131r\u0131d\u0131r. Bunun sebebi \u00fclkede var olan iktidar bo\u015flu\u011fundan kaynaklanmaktad\u0131r. Ba\u015fta Cumhurba\u015fkan\u0131 ve yasalarla kurulmu\u015f kurumlar\u0131n ve ba\u011f\u0131ms\u0131z yarg\u0131n\u0131n \u00fczerine d\u00fc\u015feni ivedilikle yerine getirmeleri gerekmektedir. \u00dclkede iktidar bo\u015flu\u011funun ve d\u0131\u015ftan\u00a0 m\u00fcdahalelerin verdi\u011fi zararlar\u0131n telafisi m\u00fcmk\u00fcn olmayan bir yerlere gitti\u011fi herkes\u00e7e malum iken birileri hala bu konuda \u0131srar etmektedir.Herkesin sa\u011fduyulu olmas\u0131 ve H\u00fck\u00fcmetinde kendi i\u00e7ine d\u00fc\u015ft\u00fc\u011f\u00fc \u00e7\u0131kmaz dan derhal kurtulmas\u0131 gerekmektedir.<\/span><\/p>\n<p class=\"MsoNormal\" style=\"text-align: justify; line-height: 200%;\"><span style=\"font-size: 11pt; line-height: 200%; font-family: Verdana;\">Aksi halde \u00dclkede var olan iktidar bo\u015flu\u011funu ajite etmek isteyen d\u0131\u015f ba\u011flant\u0131l\u0131 olan yerli i\u015fbirlik\u00e7iler \u00dclkede anar\u015fik olaylara h\u0131z verecektir. Her kurum ve ki\u015fi \u00fczerine d\u00fc\u015fen g\u00f6revi yaparak menfur olay\u0131n failleri yakalay\u0131p derhal adalete teslim etmeleri gerekmektedir.<\/span><\/p>\n<p class=\"MsoNormal\" style=\"text-align: justify; line-height: 200%;\"><span style=\"font-size: 11pt; line-height: 200%; font-family: Verdana;\">Bu vesile ile Baraka K\u00fclt\u00fcr Evi \u00fcyelerine ve dostlar\u0131na ge\u00e7mi\u015f olsun dileklerimizi iletiriz.<\/span><\/p>\n<p class=\"MsoNormal\" style=\"text-align: justify; line-height: 200%;\"><span style=\"font-size: 11pt; line-height: 200%; font-family: Verdana;\">Hasan Dede TARHAN<\/span><\/p>\n<p class=\"MsoNormal\" style=\"text-align: justify; line-height: 200%;\"><span style=\"font-size: 11pt; line-height: 200%; font-family: Verdana;\">Ba\u015fkan<\/span><\/p>\n<p class=\"MsoNormal\" style=\"text-align: justify; line-height: 200%;\"><span style=\"font-size: 11pt; line-height: 200%; font-family: Verdana;\">K\u0131br\u0131s \u0130nsan Hak ve \u00d6zg\u00fcrl\u00fckleri Derne\u011fi<\/span><\/p>\n<p class=\"MsoNormal\" style=\"text-align: justify; line-height: 200%;\"><span style=\"font-size: 11pt; line-height: 200%; font-family: Verdana;\">\u00a0<\/span><\/p>\n<p class=\"MsoNormal\" style=\"text-align: justify; line-height: 200%;\"><span style=\"font-size: 11pt; line-height: 200%; font-family: Verdana;\">\u00a0<\/span><\/p>\n<p class=\"MsoNormal\" style=\"text-align: justify; line-height: 200%;\"><span style=\"font-size: 11pt; line-height: 200%; font-family: Verdana;\">\u00a0<\/span><\/p>\n<p class=\"MsoNormal\" style=\"text-align: justify; line-height: 200%;\"><span style=\"font-size: 11pt; line-height: 200%; font-family: Verdana;\">\u00a0<\/span><\/p>\n<p class=\"MsoNormal\" style=\"text-align: justify; line-height: 200%;\"><strong><span style=\"font-size: 11pt; line-height: 200%; font-family: Verdana;\">G\u00fcney K\u0131br\u0131s<\/span><\/strong><\/p>\n<p class=\"MsoNormal\" style=\"text-align: justify; line-height: 200%;\"><strong><span style=\"font-size: 11pt; line-height: 200%; font-family: Verdana;\">LEFT WING<\/span><\/strong><\/p>\n<p class=\"MsoNormal\" style=\"text-align: justify; line-height: 200%;\"><span style=\"font-size: 11pt; line-height: 200%; font-family: Verdana;\">A bomb was placed at the offices of the Turkish Cypriot youth organization BARAKA on Friday the 9th of November, a sign of escalating political tension in the Turkish Cypriot community.\u00a0<\/span><\/p>\n<p class=\"MsoNormal\" style=\"text-align: justify; line-height: 200%;\"><span style=\"font-size: 11pt; line-height: 200%; font-family: Verdana;\">\u00a0<\/span><\/p>\n<p class=\"MsoNormal\" style=\"text-align: justify; line-height: 200%;\"><span style=\"font-size: 11pt; line-height: 200%; font-family: Verdana;\">The\u00a0event comes about in the midst of a developing economic and social crisis, during which BARAKA has been engaged in a number of political events. With actions ranging from the support of the municipal workers strike, that has lasted for months, to a number of continuous protests against the austerity economic package imposed by Turkey, BARAKA has exhibited a will for resistance that has annoyed reactionary forces in the community.<\/span><\/p>\n<p class=\"MsoNormal\" style=\"text-align: justify; line-height: 200%;\"><span style=\"font-size: 11pt; line-height: 200%; font-family: Verdana;\">\u00a0<\/span><\/p>\n<p class=\"MsoNormal\" style=\"text-align: justify; line-height: 200%;\"><span style=\"font-size: 11pt; line-height: 200%; font-family: Verdana;\">BARAKA is an organization with a long history in the struggle for the reunification of Cyprus, having a clear and consistent stance against nationalism and for the need of a common struggle of Turkish and Greek Cypriots against all forms of nationalism on both sides of the dividing line.<\/span><\/p>\n<p class=\"MsoNormal\" style=\"text-align: justify; line-height: 200%;\"><span style=\"font-size: 11pt; line-height: 200%; font-family: Verdana;\">\u00a0<\/span><\/p>\n<p class=\"MsoNormal\" style=\"text-align: justify; line-height: 200%;\"><span style=\"font-size: 11pt; line-height: 200%; font-family: Verdana;\">The Turkish Cypriot community has a long history of violent and deadly attacks by reactionary, nationalist forces against leftist parties, organizations and individuals. These methods have been almost completely eliminated by the mobilization of the Turkish Cypriot community in the previous period. Today, in a period of a general retreat in the movement, the old methods come to the surface.<\/span><\/p>\n<p class=\"MsoNormal\" style=\"text-align: justify; line-height: 200%;\"><span style=\"font-size: 11pt; line-height: 200%; font-family: Verdana;\">\u00a0<\/span><\/p>\n<p class=\"MsoNormal\" style=\"text-align: justify; line-height: 200%;\"><span style=\"font-size: 11pt; line-height: 200%; font-family: Verdana;\">The event must be a warning not only for the Turkish but for the Greek Cypriot movement as well. Chauvinists in both communities will become increasingly dangerous as the movement retreats and the solution to the Cyprus problem is seen to move further into the future.<\/span><\/p>\n<p class=\"MsoNormal\" style=\"text-align: justify; line-height: 200%;\"><span style=\"font-size: 11pt; line-height: 200%; font-family: Verdana;\">\u00a0<\/span><\/p>\n<p class=\"MsoNormal\" style=\"text-align: justify; line-height: 200%;\"><span style=\"font-size: 11pt; line-height: 200%; font-family: Verdana;\">BARAKA has all our support. This attack, however minor may be considered today, is probably the prelude of what is coming in a period of a deepening crisis at all levels of society. We strongly believe that the Turkish Cypriot movement, which has a history of united, mass resistance against the system, will find ways of a united response to this provocation and make clear that will not tolerate this form of criminal action.\u00a0<\/span><\/p>\n<p class=\"MsoNormal\" style=\"text-align: justify; line-height: 200%;\"><span style=\"font-size: 11pt; line-height: 200%; font-family: Verdana;\">Left Wing\u00a0<\/span><\/p>\n<p class=\"MsoNormal\" style=\"text-align: justify; line-height: 200%;\"><span style=\"font-size: 11pt; line-height: 200%; font-family: Verdana;\">Nicosia<\/span><\/p>\n<p class=\"MsoNormal\" style=\"text-align: justify; line-height: 200%;\"><span style=\"font-size: 11pt; line-height: 200%; font-family: Verdana;\">12 November, 2012<\/span><\/p>\n<p class=\"MsoNormal\" style=\"text-align: justify; line-height: 200%;\"><span style=\"font-size: 11pt; line-height: 200%; font-family: Verdana;\">\u00a0<\/span><\/p>\n<p class=\"MsoNormal\" style=\"text-align: justify; line-height: 200%;\"><span style=\"font-size: 11pt; line-height: 200%; font-family: Verdana;\">\u00a0<\/span><\/p>\n<p class=\"MsoNormal\" style=\"text-align: justify; line-height: 200%;\"><span style=\"font-size: 11pt; line-height: 200%; font-family: Verdana;\">\u00a0<\/span><\/p>\n<p class=\"MsoNormal\" style=\"text-align: justify; line-height: 200%;\"><span style=\"font-size: 11pt; line-height: 200%; font-family: Verdana;\">\u00a0<\/span><\/p>\n<p class=\"MsoNormal\" style=\"text-align: justify; line-height: 200%;\"><strong><span style=\"font-size: 11pt; line-height: 200%; font-family: Verdana;\">T\u00fcrkiye<\/span><\/strong><\/p>\n<p class=\"MsoNormal\" style=\"text-align: justify; line-height: 200%;\"><strong><span style=\"font-size: 11pt; line-height: 200%; font-family: Verdana;\">HALKEVLER\u0130<\/span><\/strong><\/p>\n<p class=\"MsoNormal\" style=\"text-align: justify; line-height: 200%;\"><span style=\"font-size: 11pt; line-height: 200%; font-family: Verdana;\">Ge\u00e7ti\u011fimiz Cuma ak\u015fam\u0131 K\u0131br\u0131s\u2019\u0131n ilerici ve demokrat y\u00fczlerinden bir tanesi olan Baraka K\u00fclt\u00fcr Merkezi\u2019ne yap\u0131lan sald\u0131r\u0131y\u0131 k\u0131n\u0131yoruz. Baraka K\u00fclt\u00fcr Merkezi\u2019ne ses bombas\u0131 at\u0131lmak suretiyle yap\u0131lan sald\u0131r\u0131, K\u0131br\u0131s halk\u0131n\u0131n ayd\u0131nl\u0131k ve ba\u011f\u0131ms\u0131z geleceklerine kar\u015f\u0131 yap\u0131lan \u00e7irkin bir sald\u0131r\u0131d\u0131r. K\u0131br\u0131s\u2019ta emek ve demokrasi m\u00fccadelesini en \u00f6nde y\u00fcr\u00fcten \u00f6rg\u00fctlerden bir tanesi olan Baraka K\u00fclt\u00fcr Merkezi\u2019nin t\u00fcm aktivistlerine ge\u00e7mi\u015f olsun diyor ve her zaman yanlar\u0131nda oldu\u011fumuzu bildiriyoruz.<\/span><\/p>\n<p class=\"MsoNormal\" style=\"text-align: justify; line-height: 200%;\"><strong><span style=\"font-size: 11pt; line-height: 200%; font-family: Verdana;\">Oya Ersoy<\/span><\/strong><\/p>\n<p class=\"MsoNormal\" style=\"text-align: justify; line-height: 200%;\"><strong><span style=\"font-size: 11pt; line-height: 200%; font-family: Verdana;\">Halkevleri Genel Ba\u015fkan\u0131<\/span><\/strong><\/p>\n<p class=\"MsoNormal\" style=\"text-align: justify; line-height: 200%;\"><span style=\"font-size: 11pt; line-height: 200%; font-family: Verdana;\">\u00a0<\/span><\/p>\n<p class=\"MsoNormal\" style=\"text-align: justify; line-height: 200%;\"><span style=\"font-size: 11pt; line-height: 200%; font-family: Verdana;\">\u00a0<\/span><\/p>\n<p class=\"MsoNormal\" style=\"text-align: justify; line-height: 200%;\"><span style=\"font-size: 11pt; line-height: 200%; font-family: Verdana;\">\u00a0<\/span><\/p>\n<p class=\"MsoNormal\" style=\"text-align: justify; line-height: 200%;\"><span style=\"font-size: 11pt; line-height: 200%; font-family: Verdana;\">\u00a0<\/span><\/p>\n<p class=\"MsoNormal\" style=\"text-align: justify; line-height: 200%;\"><strong><span style=\"font-size: 11pt; line-height: 200%; font-family: Verdana;\">\u00d6zg\u00fcrl\u00fck ve Dayan\u0131\u015fma Partisi<\/span><\/strong><\/p>\n<p class=\"MsoNormal\" style=\"line-height: 200%;\"><span style=\"font-size: 11pt; line-height: 200%; font-family: Verdana;\">KIBRISLI DEVR\u0130MC\u0130LERE YAPILAN SALDIRIYI KINIYORUZ<br \/>\nK\u0131br\u0131s&#8217;ta bulunan Baraka K\u00fclt\u00fcr Merkezi&#8217;nin K\u0131z\u0131lba\u015f&#8217;taki lokalinin \u00f6n\u00fcne, kimli\u011fi bilinmeyen \u015fah\u0131slar taraf\u0131ndan ses bombas\u0131 at\u0131ld\u0131. K\u0131br\u0131sl\u0131 devrimcilerin m\u00fccadelesinde \u00f6nemli bir yeri olan Baraka K\u00fclt\u00fcr Merkezi&#8217;ne yap\u0131lan sald\u0131r\u0131y\u0131 k\u0131n\u0131yoruz. Ge\u00e7mi\u015ften bug\u00fcne devletin karanl\u0131k g\u00fc\u00e7lerinin cirit atma alan\u0131 olan<br \/>\nK\u0131br\u0131s&#8217;ta bu sald\u0131r\u0131 ne ilk ne de sondur. Bizler biliyoruz ki bu sald\u0131r\u0131lar toplumsal muhalefeti sindiremeyecek tam aksine m\u00fccadele azmimizi y\u00fckseltecektir.<\/span><\/p>\n<p>\u00d6zg\u00fcrl\u00fck ve Dayan\u0131\u015fma Partisi, &#8220;S\u00f6z Yetki Karar ve \u0130ktidar\u0131n K\u0131br\u0131s<br \/>\nhalk\u0131nda&#8221; olmas\u0131n\u0131 savunan K\u0131br\u0131sl\u0131 devrimcilere y\u00f6nelik bu sald\u0131r\u0131y\u0131 bir<br \/>\nkez daha k\u0131namakta ve Baraka K\u00fclt\u00fcr Merkezi ile dayan\u0131\u015fma duygular\u0131n\u0131<br \/>\niletmektedir.<\/p>\n<p>Alper TA\u015e\u00a0\u00a0\u00a0 \u00a0\u00a0\u00a0 \u00a0\u00a0\u00a0 \u00a0\u00a0\u00a0 \u00a0\u00a0\u00a0 Bilge Se\u00e7kin \u00c7ET\u0130NKAYA<br \/>\nE\u015f Genel Ba\u015fkan\u00a0\u00a0\u00a0 \u00a0\u00a0\u00a0 \u00a0\u00a0\u00a0 \u00a0\u00a0\u00a0 \u00a0\u00a0\u00a0 E\u015f Genel Ba\u015fkan<\/p>\n<p class=\"MsoNormal\" style=\"text-align: justify; line-height: 200%;\"><span style=\"font-size: 11pt; line-height: 200%; font-family: Verdana;\">\u00a0<\/span><\/p>\n<p class=\"MsoNormal\" style=\"text-align: justify; line-height: 200%;\"><span style=\"font-size: 11pt; line-height: 200%; font-family: Verdana;\">\u00a0<\/span><\/p>\n<p class=\"MsoNormal\" style=\"text-align: justify; line-height: 200%;\"><span style=\"font-size: 11pt; line-height: 200%; font-family: Verdana;\">\u00a0<\/span><\/p>\n<p class=\"MsoNormal\" style=\"text-align: justify; line-height: 200%;\"><span style=\"font-size: 11pt; line-height: 200%; font-family: Verdana;\">\u00a0<\/span><\/p>\n<p class=\"MsoNormal\" style=\"text-align: justify; line-height: 200%;\"><span style=\"font-size: 11pt; line-height: 200%; font-family: Verdana;\">\u00a0<\/span><\/p>\n<p class=\"MsoNormal\" style=\"text-align: justify; line-height: 200%;\"><strong><span style=\"font-size: 11pt; line-height: 200%; font-family: Verdana;\">ODT\u00dc \u00d6\u011frenci Kolektifi <\/span><\/strong><\/p>\n<p class=\"MsoNormal\" style=\"text-align: justify; line-height: 200%;\"><span style=\"font-size: 11pt; line-height: 200%; font-family: Verdana;\">Merhaba Arkada\u015flar,<\/span><\/p>\n<p class=\"MsoNormal\" style=\"text-align: justify; line-height: 200%;\"><span style=\"font-size: 11pt; line-height: 200%; font-family: Verdana;\">9 Kas\u0131m Cuma ak\u015fam\u0131 u\u011fram\u0131\u015f oldu\u011funuz fa\u015fist sald\u0131r\u0131dan dolay\u0131<br \/>\nhepinize ge\u00e7mi\u015f olsun dileklerimizi sunar ve ODT\u00dc \u00d6\u011frenci Kolektifi<br \/>\nolarak, aram\u0131zdaki mesafe ne kadar uzun olsa da, fa\u015fizme kar\u015f\u0131<br \/>\ny\u00fcr\u00fctt\u00fc\u011f\u00fcn\u00fcz emek ve demokrasi m\u00fccadelesinde sonuna kadar yan\u0131n\u0131zda<br \/>\noldu\u011fumuzu bildirmek isteriz.<\/span><\/p>\n<p class=\"MsoNormal\" style=\"text-align: justify; line-height: 200%;\"><span style=\"font-size: 11pt; line-height: 200%; font-family: Verdana;\">\u00a0<\/span><\/p>\n<p class=\"MsoNormal\" style=\"text-align: justify; line-height: 200%;\"><span style=\"font-size: 11pt; line-height: 200%; font-family: Verdana;\">\u00a0<\/span><\/p>\n<p class=\"MsoNormal\" style=\"text-align: justify; line-height: 200%;\"><span style=\"font-size: 11pt; line-height: 200%; font-family: Verdana;\">\u00a0<\/span><\/p>\n<p class=\"MsoNormal\" style=\"text-align: justify; line-height: 200%;\"><span style=\"font-size: 11pt; line-height: 200%; font-family: Verdana;\">\u00a0<\/span><\/p>\n<p class=\"MsoNormal\" style=\"text-align: justify; line-height: 200%;\"><strong><span style=\"font-size: 11pt; line-height: 200%; font-family: Verdana;\">May\u0131sta Ya\u015fam E\u011fitim ve Dayan\u0131\u015fma Kooperatifi<\/span><\/strong><\/p>\n<p class=\"MsoNormal\" style=\"text-align: justify; line-height: 200%;\"><span style=\"font-size: 11pt; line-height: 200%; font-family: Verdana;\">De\u011ferli Baraka Dostlar\u0131,<\/span><\/p>\n<p class=\"MsoNormal\" style=\"text-align: justify; line-height: 200%;\"><span style=\"font-size: 11pt; line-height: 200%; font-family: Verdana;\">Cuma g\u00fcn\u00fc Baraka K\u00fclt\u00fcr Merkezi&#8217;ne d\u00fczenlenen fa\u015fist sald\u0131r\u0131y\u0131 \u00fcz\u00fcnt\u00fcyle \u00f6\u011frenmi\u015f bulunuyoruz. Halk\u0131n ayd\u0131nl\u0131k g\u00fcnleri i\u00e7in m\u00fccadele edenlerin kar\u015f\u0131s\u0131na gerici, karanl\u0131k g\u00fc\u00e7ler her zaman \u00e7\u0131km\u0131\u015f ancak m\u00fccadelenin daha da g\u00fc\u00e7lenmesinden ba\u015fka hi\u00e7bir sonu\u00e7 alamam\u0131\u015flard\u0131r. Bu vesile ile ge\u00e7mi\u015f olsun dileklerimizi iletir ve t\u00fcm Baraka dostlar\u0131n\u0131 selamlar\u0131z.<\/span><\/p>\n<p class=\"MsoNormal\" style=\"text-align: justify; line-height: 200%;\"><span style=\"font-size: 11pt; line-height: 200%; font-family: Verdana;\">May\u0131sta Ya\u015fam E\u011fitim ve Dayan\u0131\u015fma Kooperatifi<\/span><\/p>\n<p>&nbsp;<\/p>\n","protected":false},"excerpt":{"rendered":"<p>FA\u015e\u0130ZME KAR\u015eI TEK YUMRUK \u00a0 Baraka K\u00fclt\u00fcr Merkezi\u2019ne y\u00f6nelik d\u00fcn ak\u015fam saatlerinde ger\u00e7ekle\u015fen fa\u015fist sald\u0131r\u0131ya, \u00f6rg\u00fctler ger\u00e7ekle\u015ftirdikleri dayan\u0131\u015fma y\u00fcr\u00fcy\u00fc\u015fle cevap verdiler.\u00a0 Bir\u00e7ok demokratik kitle \u00f6rg\u00fct\u00fc,<\/p>\n","protected":false},"author":1,"featured_media":0,"comment_status":"open","ping_status":"open","sticky":false,"template":"","format":"standard","meta":{"jetpack_post_was_ever_published":false,"_jetpack_newsletter_access":"","_jetpack_newsletter_tier_id":0,"jetpack_publicize_message":"","jetpack_is_tweetstorm":false,"jetpack_publicize_feature_enabled":true,"jetpack_social_post_already_shared":false,"jetpack_social_options":{"image_generator_settings":{"template":"highway","enabled":false}}},"categories":[66],"tags":[],"jetpack_publicize_connections":[],"jetpack_featured_media_url":"","jetpack_shortlink":"https:\/\/wp.me\/p4eHWX-cC","jetpack_sharing_enabled":true,"_links":{"self":[{"href":"https:\/\/baraka.cc\/index.php?rest_route=\/wp\/v2\/posts\/782"}],"collection":[{"href":"https:\/\/baraka.cc\/index.php?rest_route=\/wp\/v2\/posts"}],"about":[{"href":"https:\/\/baraka.cc\/index.php?rest_route=\/wp\/v2\/types\/post"}],"author":[{"embeddable":true,"href":"https:\/\/baraka.cc\/index.php?rest_route=\/wp\/v2\/users\/1"}],"replies":[{"embeddable":true,"href":"https:\/\/baraka.cc\/index.php?rest_route=%2Fwp%2Fv2%2Fcomments&post=782"}],"version-history":[{"count":1,"href":"https:\/\/baraka.cc\/index.php?rest_route=\/wp\/v2\/posts\/782\/revisions"}],"predecessor-version":[{"id":783,"href":"https:\/\/baraka.cc\/index.php?rest_route=\/wp\/v2\/posts\/782\/revisions\/783"}],"wp:attachment":[{"href":"https:\/\/baraka.cc\/index.php?rest_route=%2Fwp%2Fv2%2Fmedia&parent=782"}],"wp:term":[{"taxonomy":"category","embeddable":true,"href":"https:\/\/baraka.cc\/index.php?rest_route=%2Fwp%2Fv2%2Fcategories&post=782"},{"taxonomy":"post_tag","embeddable":true,"href":"https:\/\/baraka.cc\/index.php?rest_route=%2Fwp%2Fv2%2Ftags&post=782"}],"curies":[{"name":"wp","href":"https:\/\/api.w.org\/{rel}","templated":true}]}}