{"id":784,"date":"2012-11-30T15:57:11","date_gmt":"2012-11-30T12:57:11","guid":{"rendered":"https:\/\/baraka.cc\/?p=784"},"modified":"2014-01-02T15:57:46","modified_gmt":"2014-01-02T12:57:46","slug":"barakadan-aclik-grevcilerine-mektuplu-dayanisma","status":"publish","type":"post","link":"https:\/\/baraka.cc\/?p=784","title":{"rendered":"BARAKADAN A\u00c7LIK GREVC\u0130LER\u0130NE MEKTUPLU DAYANI\u015eMA"},"content":{"rendered":"<p><!--[if gte mso 9]><xml>  <w:WordDocument>   <w:View>Normal<\/w:View>   <w:Zoom>0<\/w:Zoom>   <w:HyphenationZone>21<\/w:HyphenationZone>   <w:PunctuationKerning\/>   <w:ValidateAgainstSchemas\/>   <w:SaveIfXMLInvalid>false<\/w:SaveIfXMLInvalid>   <w:IgnoreMixedContent>false<\/w:IgnoreMixedContent>   <w:AlwaysShowPlaceholderText>false<\/w:AlwaysShowPlaceholderText>   <w:Compatibility>    <w:BreakWrappedTables\/>    <w:SnapToGridInCell\/>    <w:WrapTextWithPunct\/>    <w:UseAsianBreakRules\/>    <w:DontGrowAutofit\/>   <\/w:Compatibility>   <w:BrowserLevel>MicrosoftInternetExplorer4<\/w:BrowserLevel>  <\/w:WordDocument> <\/xml><![endif]--><\/p>\n<p class=\"MsoNormal\" style=\"text-align: justify; line-height: 200%;\"><strong><span style=\"font-size: 11.5pt; line-height: 200%; font-family: Verdana;\">BARAKADAN A\u00c7LIK GREVC\u0130LER\u0130NE MEKTUPLU DAYANI\u015eMA<\/span><\/strong><\/p>\n<p class=\"MsoNormal\" style=\"text-align: justify; line-height: 200%;\"><span style=\"font-size: 11.5pt; line-height: 200%; font-family: Verdana;\">\u00a0<\/span><\/p>\n<p class=\"MsoNormal\" style=\"text-align: justify; line-height: 200%;\"><a href=\"https:\/\/www.baraka.cc\/images\/stories\/30ekim2012_aclikgrevi_1.JPG\" target=\"_blank\"><img decoding=\"async\" loading=\"lazy\" alt=\" \" src=\"https:\/\/www.baraka.cc\/images\/stories\/30ekim2012_aclikgrevi_1.JPG\" width=\"200\" height=\"150\" align=\"left\" border=\"2\" \/><\/a> <span style=\"font-size: 11.5pt; line-height: 200%; font-family: Verdana;\">Baraka K\u00fclt\u00fcr Merkezi aktivistleri, duyarl\u0131 ki\u015filerin ve K\u0131br\u0131s\u2019ta okuyan baz\u0131 K\u00fcrt \u00f6\u011frencilerin de kat\u0131l\u0131m\u0131 ile bug\u00fcn (30 Ekim Sal\u0131 g\u00fcn\u00fc) \u00f6\u011flen saatlerinde Lefko\u015fa Merkez Postanesi\u2019nde bir eylem ve bas\u0131n a\u00e7\u0131klamas\u0131 ger\u00e7ekle\u015ftirdi. Eylemde, T\u00fcrkiye\u2019deki hapishanelerde a\u00e7l\u0131k grevi yapan ki\u015filere mektuplar g\u00f6nderilerek K\u00fcrt halk\u0131n\u0131n kimlik ve var olu\u015f m\u00fccadelesi selamland\u0131. A\u00e7l\u0131k grevlerine dikkat \u00e7ekilerek TC devletinin ve egemen medyan\u0131n tutumunun k\u0131nand\u0131\u011f\u0131 eylemde, \u00f6l\u00fcmlerin de\u011fil ya\u015fam\u0131n, sava\u015flar\u0131n de\u011fil bar\u0131\u015f\u0131n galip gelece\u011fi bir d\u00fcnya \u00f6zlemi de vurguland\u0131.<\/span><\/p>\n<p class=\"MsoNormal\" style=\"text-align: justify; line-height: 200%;\"><span style=\"font-size: 11.5pt; line-height: 200%; font-family: Verdana;\">\u00a0<\/span><\/p>\n<p class=\"MsoNormal\" style=\"text-align: justify; line-height: 200%;\"><a href=\"https:\/\/www.baraka.cc\/images\/stories\/30ekim2012_aclikgrevi_2.JPG\" target=\"_blank\"><img decoding=\"async\" loading=\"lazy\" alt=\" \" src=\"https:\/\/www.baraka.cc\/images\/stories\/30ekim2012_aclikgrevi_2.JPG\" width=\"200\" height=\"150\" align=\"left\" border=\"2\" \/><\/a> <span style=\"font-size: 11.5pt; line-height: 200%; font-family: Verdana;\">Onlarca ki\u015finin mektuplar\u0131n\u0131 hapishanelerdeki a\u00e7l\u0131k grevcilerine postalamas\u0131n\u0131n ard\u0131ndan postane \u00f6n\u00fcnde bas\u0131n a\u00e7\u0131klmas\u0131 okundu. Bas\u0131n a\u00e7\u0131klmas\u0131n\u0131n tam metni \u015f\u00f6yle: <\/span><\/p>\n<p class=\"MsoNormal\" style=\"text-align: justify; line-height: 200%;\"><span style=\"font-size: 11.5pt; line-height: 200%; font-family: Verdana;\">\u00a0<\/span><\/p>\n<p class=\"MsoNormal\" style=\"text-align: justify; line-height: 200%;\"><span style=\"font-size: 11.5pt; line-height: 200%; font-family: Verdana;\">\u00a0<\/span><\/p>\n<p class=\"MsoNormal\" style=\"text-align: justify; line-height: 200%;\"><span style=\"font-size: 11.5pt; line-height: 200%; font-family: Verdana;\">De\u011ferli bas\u0131n emek\u00e7ileri, duyarl\u0131 halk\u0131m\u0131z, <\/span><\/p>\n<p class=\"MsoNormal\" style=\"text-align: justify; line-height: 200%;\"><span style=\"font-size: 11.5pt; line-height: 200%; font-family: Verdana;\">\u00a0<\/span><\/p>\n<p class=\"MsoNormal\" style=\"text-align: justify; line-height: 200%;\"><a href=\"https:\/\/www.baraka.cc\/images\/stories\/30ekim2012_aclikgrevi_3.JPG\" target=\"_blank\"><img decoding=\"async\" loading=\"lazy\" alt=\" \" src=\"https:\/\/www.baraka.cc\/images\/stories\/30ekim2012_aclikgrevi_3.JPG\" width=\"200\" height=\"150\" align=\"left\" border=\"2\" \/><\/a> <span style=\"font-size: 11.5pt; line-height: 200%; font-family: Verdana;\">Halk\u0131n se\u00e7ti\u011fi ki\u015filer de dahil olmak \u00fczere T\u00fcrkiye devletinin \u00f6zg\u00fcrl\u00fc\u011f\u00fcnden yoksun b\u0131rakt\u0131\u011f\u0131 ve insanl\u0131k d\u0131\u015f\u0131 cezaevi ko\u015fullar\u0131nda tuttu\u011fu y\u00fczlerce insan, elli g\u00fcne yak\u0131n bir s\u00fcredir a\u00e7l\u0131k grevi yapmakta. Ana dilde e\u011fitim, ana dilde savunma gibi temel insan hak ve \u00f6zg\u00fcrl\u00fcklerinden say\u0131lan taleplerle yap\u0131lmakta olan a\u00e7l\u0131k grevleri sonucunda pek \u00e7ok ki\u015fi, geri d\u00f6n\u00fc\u015f\u00fc olmayan sa\u011fl\u0131k sorunlar\u0131ya y\u00fczy\u00fcze b\u0131rak\u0131l\u0131yor, \u00f6l\u00fcme terk ediliyor. Devletin ve egemen medyan\u0131n \u0131srarla g\u00f6rmezden geldi\u011fi, K\u00fcrt halk\u0131n\u0131n sesinin ve taleplerinin duyulmas\u0131 amac\u0131yla a\u00e7l\u0131k grevi yapan ki\u015filere mektup g\u00f6ndererek dayan\u0131\u015fmam\u0131z\u0131 bildiriyoruz. <\/span><\/p>\n<p class=\"MsoNormal\" style=\"text-align: justify; line-height: 200%;\"><span style=\"font-size: 11.5pt; line-height: 200%; font-family: Verdana;\">Baraka K\u00fclt\u00fcr Merkezi olarak, bug\u00fcn Lefko\u015fa Saray\u00f6n\u00fc postanesinden T\u00fcrkiye\u2019deki \u00e7e\u015fitli hapishanelere dayan\u0131\u015fma mektuplar\u0131m\u0131z\u0131 postal\u0131yoruz. \u00d6l\u00fcmlerin de\u011fil ya\u015fam\u0131n, sava\u015flar\u0131n de\u011fil bar\u0131\u015f\u0131n galip gelece\u011fi bir d\u00fcnya \u00f6zlemimizi, bu vesileyle bir kez daha belirtiyoruz. <\/span><\/p>\n<p class=\"MsoNormal\" style=\"text-align: justify; line-height: 200%;\"><span style=\"font-size: 11.5pt; line-height: 200%; font-family: Verdana;\">\u00a0<\/span><\/p>\n<p class=\"MsoNormal\" style=\"text-align: justify; line-height: 200%;\"><span style=\"font-size: 11.5pt; line-height: 200%; font-family: Verdana;\">G\u00f6nderilen dayan\u0131\u015fma mektubu:<\/span><\/p>\n<p class=\"MsoNormal\" style=\"text-align: justify; line-height: 200%;\"><span style=\"font-size: 11.5pt; line-height: 200%; font-family: Verdana;\">\u00a0<\/span><\/p>\n<p class=\"MsoNormal\" style=\"text-align: justify; line-height: 200%;\"><span style=\"font-size: 11.5pt; line-height: 200%; font-family: Verdana;\">Sevgili Dostlar,<\/span><\/p>\n<p class=\"MsoNormal\" style=\"text-align: justify; line-height: 200%;\"><span style=\"font-size: 11.5pt; line-height: 200%; font-family: Verdana;\">\u00a0<\/span><\/p>\n<p class=\"MsoNormal\" style=\"text-align: justify; line-height: 200%;\"><span style=\"font-size: 11.5pt; line-height: 200%; font-family: Verdana;\">Size b\u00f6l\u00fcnm\u00fc\u015f K\u0131br\u0131s\u2019\u0131n kuzey yar\u0131s\u0131ndan yaz\u0131yoruz&#8230; Burada, kendi halk\u0131m\u0131z\u0131n varolu\u015f ve kimli\u011fini kabul ettirme m\u00fccadelesi veren insanlar olarak; sizlerin TC Devleti hapishanelerinde y\u00fckseltti\u011finiz K\u00fcrt halk\u0131n\u0131n kimlik ve varolu\u015f m\u00fccadelesini y\u00fcrekten selaml\u0131yoruz.<\/span><\/p>\n<p class=\"MsoNormal\" style=\"text-align: justify; line-height: 200%;\"><span style=\"font-size: 11.5pt; line-height: 200%; font-family: Verdana;\">\u00a0<\/span><\/p>\n<p class=\"MsoNormal\" style=\"text-align: justify; line-height: 200%;\"><span style=\"font-size: 11.5pt; line-height: 200%; font-family: Verdana;\">Anadilde e\u011fitim, anadilde savunma, tecritin kald\u0131r\u0131lmas\u0131 gibi taleplerle y\u00fcr\u00fctt\u00fc\u011f\u00fcn\u00fcz ve hakl\u0131l\u0131\u011f\u0131 hem evrensel hukuk, hem vicdan hem de tarih \u00f6n\u00fcnde tart\u0131\u015fmas\u0131z m\u00fccadelenizin yan\u0131nday\u0131z. <\/span><\/p>\n<p class=\"MsoNormal\" style=\"text-align: justify; line-height: 200%;\"><span style=\"font-size: 11.5pt; line-height: 200%; font-family: Verdana;\">\u00a0<\/span><\/p>\n<p class=\"MsoNormal\" style=\"text-align: justify; line-height: 200%;\"><span style=\"font-size: 11.5pt; line-height: 200%; font-family: Verdana;\">Bir halk\u0131n b\u00f6ylesi me\u015fru taleplerini g\u00f6rmezden gelen, bask\u0131 ve zor yolu ile sindirmeye \u00e7al\u0131\u015fan hi\u00e7bir zorba sonsuza kadar ba\u015far\u0131l\u0131 olmaz. Ac\u0131 \u00e7eken, kimli\u011fi yok say\u0131lan, k\u00fclt\u00fcr\u00fc ve dili g\u00f6rmezden gelinen halk\u0131n\u0131z\u0131n onurlu \u00e7\u0131\u011fl\u0131\u011f\u0131 burada da duyulmakta, yank\u0131lanmaktad\u0131r.<\/span><\/p>\n<p class=\"MsoNormal\" style=\"text-align: justify; line-height: 200%;\"><span style=\"font-size: 11.5pt; line-height: 200%; font-family: Verdana;\">\u00a0<\/span><\/p>\n<p class=\"MsoNormal\" style=\"text-align: justify; line-height: 200%;\"><span style=\"font-size: 11.5pt; line-height: 200%; font-family: Verdana;\">Bug\u00fcn g\u00fcc\u00fc elinde bulunduranlar\u0131n; en insanca talepleri, en masum istekleri bile iktidarlar\u0131na tehdit olarak alg\u0131lad\u0131\u011f\u0131 ko\u015fullarda ya\u015f\u0131yoruz. Peki, onlar b\u00f6yle alg\u0131l\u0131yor diye, biz insan kalmakta \u0131srar etmeyecek miyiz? Elbette hay\u0131r! Sizler, en olumsuz ko\u015fullarda dahi insan kalmakta \u0131srar\u0131n temel erdem oldu\u011funu, insan kalman\u0131n m\u00fcmk\u00fcn oldu\u011funu g\u00f6steriyorsunuz&#8230;<\/span><\/p>\n<p class=\"MsoNormal\" style=\"text-align: justify; line-height: 200%;\"><span style=\"font-size: 11.5pt; line-height: 200%; font-family: Verdana;\">\u00a0<\/span><\/p>\n<p class=\"MsoNormal\" style=\"text-align: justify; line-height: 200%;\"><span style=\"font-size: 11.5pt; line-height: 200%; font-family: Verdana;\">Hakl\u0131 m\u00fccadelenizin ba\u015far\u0131l\u0131 olmas\u0131, daha \u00e7ok g\u00f6z\u00fcn g\u00f6r\u00fcp daha \u00e7ok kula\u011f\u0131n duymas\u0131, daha \u00e7ok y\u00fcre\u011fin hissedip daha \u00e7ok akl\u0131n kavramas\u0131 i\u00e7in \u00e7abam\u0131z\u0131 esirgemedi\u011fimizi bilmenizi isteriz.<\/span><\/p>\n<p class=\"MsoNormal\" style=\"text-align: justify; line-height: 200%;\"><span style=\"font-size: 11.5pt; line-height: 200%; font-family: Verdana;\">\u00a0<\/span><\/p>\n<p class=\"MsoNormal\" style=\"text-align: justify; line-height: 200%;\"><span style=\"font-size: 11.5pt; line-height: 200%; font-family: Verdana;\">K\u0131br\u0131s\u2019tan g\u00f6nderdi\u011fimiz s\u0131cak selam\u0131m\u0131z\u0131 l\u00fctfen kabul edin&#8230;<\/span><\/p>\n<p class=\"MsoNormal\" style=\"text-align: justify; line-height: 200%;\"><span style=\"font-size: 11.5pt; line-height: 200%; font-family: Verdana;\">\u00a0<\/span><\/p>\n<p class=\"MsoNormal\" style=\"text-align: justify; line-height: 200%;\"><span style=\"font-size: 11.5pt; line-height: 200%; font-family: Verdana;\">\u00a0<\/span><\/p>\n<p class=\"MsoNormal\" style=\"text-align: justify; line-height: 200%;\"><span style=\"font-size: 11.5pt; line-height: 200%; font-family: Verdana;\">BARAKA K\u00dcLT\u00dcR MERKEZ\u0130<\/span><\/p>\n<p><!--[if gte mso 9]><xml>  <w:LatentStyles DefLockedState=\"false\" LatentStyleCount=\"156\">  <\/w:LatentStyles> <\/xml><![endif]--><!--[if !mso]>\n\n\n<div   classid=\"clsid:38481807-CA0E-42D2-BF39-B33AF135CC4D\" id=ieooui><\/div>\n\n\n\n\n<style> st1\\:*{behavior:url(#ieooui) } <\/style>\n\n <![endif]--><!--[if gte mso 10]>\n\n\n<style>  \/* Style Definitions *\/  table.MsoNormalTable \t{mso-style-name:\"Table Normal\"; \tmso-tstyle-rowband-size:0; \tmso-tstyle-colband-size:0; \tmso-style-noshow:yes; \tmso-style-parent:\"\"; \tmso-padding-alt:0cm 5.4pt 0cm 5.4pt; \tmso-para-margin:0cm; \tmso-para-margin-bottom:.0001pt; \tmso-pagination:widow-orphan; \tfont-size:10.0pt; \tfont-family:\"Times New Roman\"; \tmso-ansi-language:#0400; \tmso-fareast-language:#0400; \tmso-bidi-language:#0400;} <\/style>\n\n <![endif]--><\/p>\n","protected":false},"excerpt":{"rendered":"<p>BARAKADAN A\u00c7LIK GREVC\u0130LER\u0130NE MEKTUPLU DAYANI\u015eMA \u00a0 Baraka K\u00fclt\u00fcr Merkezi aktivistleri, duyarl\u0131 ki\u015filerin ve K\u0131br\u0131s\u2019ta okuyan baz\u0131 K\u00fcrt \u00f6\u011frencilerin de kat\u0131l\u0131m\u0131 ile bug\u00fcn (30 Ekim Sal\u0131<\/p>\n","protected":false},"author":1,"featured_media":0,"comment_status":"open","ping_status":"open","sticky":false,"template":"","format":"standard","meta":{"jetpack_post_was_ever_published":false,"_jetpack_newsletter_access":"","_jetpack_newsletter_tier_id":0,"jetpack_publicize_message":"","jetpack_is_tweetstorm":false,"jetpack_publicize_feature_enabled":true,"jetpack_social_post_already_shared":false,"jetpack_social_options":{"image_generator_settings":{"template":"highway","enabled":false}}},"categories":[66],"tags":[],"jetpack_publicize_connections":[],"jetpack_featured_media_url":"","jetpack_shortlink":"https:\/\/wp.me\/p4eHWX-cE","jetpack_sharing_enabled":true,"_links":{"self":[{"href":"https:\/\/baraka.cc\/index.php?rest_route=\/wp\/v2\/posts\/784"}],"collection":[{"href":"https:\/\/baraka.cc\/index.php?rest_route=\/wp\/v2\/posts"}],"about":[{"href":"https:\/\/baraka.cc\/index.php?rest_route=\/wp\/v2\/types\/post"}],"author":[{"embeddable":true,"href":"https:\/\/baraka.cc\/index.php?rest_route=\/wp\/v2\/users\/1"}],"replies":[{"embeddable":true,"href":"https:\/\/baraka.cc\/index.php?rest_route=%2Fwp%2Fv2%2Fcomments&post=784"}],"version-history":[{"count":0,"href":"https:\/\/baraka.cc\/index.php?rest_route=\/wp\/v2\/posts\/784\/revisions"}],"wp:attachment":[{"href":"https:\/\/baraka.cc\/index.php?rest_route=%2Fwp%2Fv2%2Fmedia&parent=784"}],"wp:term":[{"taxonomy":"category","embeddable":true,"href":"https:\/\/baraka.cc\/index.php?rest_route=%2Fwp%2Fv2%2Fcategories&post=784"},{"taxonomy":"post_tag","embeddable":true,"href":"https:\/\/baraka.cc\/index.php?rest_route=%2Fwp%2Fv2%2Ftags&post=784"}],"curies":[{"name":"wp","href":"https:\/\/api.w.org\/{rel}","templated":true}]}}