{"id":788,"date":"2012-10-15T16:02:18","date_gmt":"2012-10-15T13:02:18","guid":{"rendered":"https:\/\/baraka.cc\/?p=788"},"modified":"2014-01-02T16:03:01","modified_gmt":"2014-01-02T13:03:01","slug":"cocuklar-olmesin-seker-de-yiyebilsinler","status":"publish","type":"post","link":"https:\/\/baraka.cc\/?p=788","title":{"rendered":"&#8220;\u00c7OCUKLAR \u00d6LMES\u0130N, \u015eEKER DE Y\u0130YEB\u0130LS\u0130NLER!&#8221;"},"content":{"rendered":"<p><!--[if gte mso 9]><xml>  <w:WordDocument>   <w:View>Normal<\/w:View>   <w:Zoom>0<\/w:Zoom>   <w:HyphenationZone>21<\/w:HyphenationZone>   <w:PunctuationKerning\/>   <w:ValidateAgainstSchemas\/>   <w:SaveIfXMLInvalid>false<\/w:SaveIfXMLInvalid>   <w:IgnoreMixedContent>false<\/w:IgnoreMixedContent>   <w:AlwaysShowPlaceholderText>false<\/w:AlwaysShowPlaceholderText>   <w:Compatibility>    <w:BreakWrappedTables\/>    <w:SnapToGridInCell\/>    <w:WrapTextWithPunct\/>    <w:UseAsianBreakRules\/>    <w:DontGrowAutofit\/>   <\/w:Compatibility>   <w:BrowserLevel>MicrosoftInternetExplorer4<\/w:BrowserLevel>  <\/w:WordDocument> <\/xml><![endif]--><\/p>\n<p class=\"MsoNormal\" style=\"text-align: justify; line-height: 150%;\"><span style=\"font-size: 11pt; line-height: 150%; font-family: Verdana;\"><!--[if gte mso 9]><xml>  <w:WordDocument>   <w:View>Normal<\/w:View>   <w:Zoom>0<\/w:Zoom>   <w:HyphenationZone>21<\/w:HyphenationZone>   <w:PunctuationKerning\/>   <w:ValidateAgainstSchemas\/>   <w:SaveIfXMLInvalid>false<\/w:SaveIfXMLInvalid>   <w:IgnoreMixedContent>false<\/w:IgnoreMixedContent>   <w:AlwaysShowPlaceholderText>false<\/w:AlwaysShowPlaceholderText>   <w:Compatibility>    <w:BreakWrappedTables\/>    <w:SnapToGridInCell\/>    <w:WrapTextWithPunct\/>    <w:UseAsianBreakRules\/>    <w:DontGrowAutofit\/>   <\/w:Compatibility>   <w:BrowserLevel>MicrosoftInternetExplorer4<\/w:BrowserLevel>  <\/w:WordDocument> <\/xml><![endif]--><\/span><\/p>\n<p class=\"MsoNormal\" style=\"text-align: justify; line-height: 150%;\"><span style=\"font-size: 11pt; line-height: 150%; font-family: Verdana;\"><!--[if gte mso 9]><xml>  <w:LatentStyles DefLockedState=\"false\" LatentStyleCount=\"156\">  <\/w:LatentStyles> <\/xml><![endif]--><!--[if gte mso 10]>\n\n\n<style>  \/* Style Definitions *\/  table.MsoNormalTable \t{mso-style-name:\"Table Normal\"; \tmso-tstyle-rowband-size:0; \tmso-tstyle-colband-size:0; \tmso-style-noshow:yes; \tmso-style-parent:\"\"; \tmso-padding-alt:0cm 5.4pt 0cm 5.4pt; \tmso-para-margin:0cm; \tmso-para-margin-bottom:.0001pt; \tmso-pagination:widow-orphan; \tfont-size:10.0pt; \tfont-family:\"Times New Roman\"; \tmso-ansi-language:#0400; \tmso-fareast-language:#0400; \tmso-bidi-language:#0400;} <\/style>\n\n <![endif]--> <\/span><\/p>\n<p class=\"MsoNormal\" style=\"text-align: justify; line-height: 200%;\"><strong><span style=\"font-size: 10pt; line-height: 200%; font-family: Verdana;\">&#8220;\u00c7OCUKLAR \u00d6LMES\u0130N, \u015eEKER DE Y\u0130YEB\u0130LS\u0130NLER!&#8221;<\/span><\/strong><\/p>\n<p><span style=\"font-size: 11pt; line-height: 150%; font-family: Verdana;\"><!--[if !mso]>\n\n\n<style> v\\:* {behavior:url(#default#VML);} o\\:* {behavior:url(#default#VML);} w\\:* {behavior:url(#default#VML);} .shape {behavior:url(#default#VML);} <\/style>\n\n <![endif]--><\/span><\/p>\n<p>&nbsp;<\/p>\n<p class=\"MsoNormal\" style=\"text-align: justify; line-height: 150%;\"><span style=\"font-size: 11pt; line-height: 150%; font-family: Verdana;\"><!--[if gte mso 9]><xml>  <w:WordDocument>   <w:View>Normal<\/w:View>   <w:Zoom>0<\/w:Zoom>   <w:HyphenationZone>21<\/w:HyphenationZone>   <w:PunctuationKerning\/>   <w:ValidateAgainstSchemas\/>   <w:SaveIfXMLInvalid>false<\/w:SaveIfXMLInvalid>   <w:IgnoreMixedContent>false<\/w:IgnoreMixedContent>   <w:AlwaysShowPlaceholderText>false<\/w:AlwaysShowPlaceholderText>   <w:Compatibility>    <w:BreakWrappedTables\/>    <w:SnapToGridInCell\/>    <w:WrapTextWithPunct\/>    <w:UseAsianBreakRules\/>    <w:DontGrowAutofit\/>   <\/w:Compatibility>   <w:BrowserLevel>MicrosoftInternetExplorer4<\/w:BrowserLevel>  <\/w:WordDocument> <\/xml><![endif]--><!--[if gte mso 9]><xml>  <w:LatentStyles DefLockedState=\"false\" LatentStyleCount=\"156\">  <\/w:LatentStyles> <\/xml><![endif]--><!--[if gte mso 10]>\n\n\n<style>  \/* Style Definitions *\/  table.MsoNormalTable \t{mso-style-name:\"Table Normal\"; \tmso-tstyle-rowband-size:0; \tmso-tstyle-colband-size:0; \tmso-style-noshow:yes; \tmso-style-parent:\"\"; \tmso-padding-alt:0cm 5.4pt 0cm 5.4pt; \tmso-para-margin:0cm; \tmso-para-margin-bottom:.0001pt; \tmso-pagination:widow-orphan; \tfont-size:10.0pt; \tfont-family:\"Times New Roman\"; \tmso-ansi-language:#0400; \tmso-fareast-language:#0400; \tmso-bidi-language:#0400;} <\/style>\n\n <![endif]--><!--[if gte mso 9]><xml>  <o:shapedefaults v:ext=\"edit\" spidmax=\"1027\"\/> <\/xml><![endif]--><!--[if gte mso 9]><xml>  <o:shapelayout v:ext=\"edit\">   <o:idmap v:ext=\"edit\" data=\"1\"\/>  <\/o:shapelayout><\/xml><![endif]--><a href=\"https:\/\/www.baraka.cc\/images\/stories\/5ekim2012_savasahayir_1.jpg\" target=\"_blank\"><img decoding=\"async\" alt=\" \" src=\"https:\/\/www.baraka.cc\/images\/stories\/5ekim2012_savasahayir_1.jpg\" width=\"200\" align=\"left\" border=\"2\" \/><\/a> 5 Ekim Cuma g\u00fcn\u00fc Lefko\u015fa\u2019da, ilerici \u00f6\u011fretmen sendikalar\u0131 ve demokratik kitle \u00f6rg\u00fctlerinin \u00e7a\u011fr\u0131s\u0131 ile \u201c\u00c7OCUKLAR \u00d6LD\u00dcR\u00dcLMES\u0130N, \u015eEKER DE Y\u0130YEB\u0130LS\u0130NLER\u201d slogan\u0131 ile bir eylem ger\u00e7ekle\u015ftirildi. Eylem i\u00e7in Lefko\u015fa Ku\u011fulu Park\u2019ta toplanan kitle, protestolar\u0131n\u0131 ger\u00e7ekle\u015ftirmek \u00fczere TC Lefko\u015fa El\u00e7ili\u011fi\u2019ne y\u00fcr\u00fcd\u00fc. Y\u00fcr\u00fcy\u00fc\u015f esnas\u0131nda polisin ola\u011fan\u00fcst\u00fc g\u00fcvenlik \u00f6nlemleri ald\u0131\u011f\u0131 g\u00f6zlemlenirken, at\u0131lan \u201cKatil ABD, \u0130\u015fbirlik\u00e7i AKP\u201d ve \u201cYa\u015fas\u0131n Halklar\u0131n Karde\u015fli\u011fi\u201d sloganlar\u0131 dikkat \u00e7ekti. Sava\u015f kar\u015f\u0131t\u0131 grup, TC El\u00e7il\u011fi\u2019nin yan\u0131na geldi\u011finde polis barikat\u0131 ile kar\u015f\u0131la\u015ft\u0131. Burada eyleme kat\u0131lan \u00f6rg\u00fctlerin temsilcileri, birer konu\u015fma yaparak AKP\u2019nin ad\u0131mlar\u0131n\u0131 att\u0131\u011f\u0131 sava\u015fla ilgili g\u00f6r\u00fc\u015flerini\u00a0 a\u00e7\u0131klad\u0131. Yap\u0131lan konu\u015fmalarda, Suriye sava\u015f\u0131n\u0131n sadece emperyalizmin \u00e7\u0131kar\u0131na olaca\u011f\u0131, T\u00fcrkiye, Suriye ve b\u00f6lge halklar\u0131na ise y\u0131k\u0131mdan ba\u015fka bir \u015fey getirmeyece\u011fi ortaya kondu. Sava\u015flarda m\u00fcltecilerin, kad\u0131n ve \u00e7ocuklar\u0131n ya\u015fad\u0131\u011f\u0131 dramlara da dikkat \u00e7ekilen konu\u015fmalarda, ABD\u2019nin demokrasi anlay\u0131\u015f\u0131n\u0131n Irak\u2019ta, TC\u2019nin bar\u0131\u015f anlay\u0131\u015f\u0131n\u0131n da K\u0131br\u0131s\u2019ta g\u00f6r\u00fclmekte oldu\u011fu belirtilerek halklar\u0131n sava\u015f istemedi\u011fi hayk\u0131r\u0131ld\u0131. Eylemi organize eden \u00f6rg\u00fctlerin isimleri ise s\u00f6yle: K\u0131br\u0131s T\u00fcrk \u00d6\u011fretmenler Sendikas\u0131,\u00a0 K\u0131br\u0131s T\u00fcrk Orta E\u011fitim \u00d6\u011fretmenler Sendikas\u0131, Baraka K\u00fclt\u00fcr Merkezi, Barikat, Devrimci Kom\u00fcnist Birlik, K\u0131br\u0131s Pir Sultan Abdal Derne\u011fi, M\u00fclteci Haklar\u0131 Derne\u011fi, \u00d6\u011frenci \u0130nisiyatifi\u00a0 <\/span><\/p>\n<p class=\"MsoNormal\" style=\"line-height: 150%;\"><span style=\"font-size: 11pt; line-height: 150%; font-family: Verdana;\">\u00a0<\/span><\/p>\n<p><!--[if gte mso 9]><xml>  <w:LatentStyles DefLockedState=\"false\" LatentStyleCount=\"156\">  <\/w:LatentStyles> <\/xml><![endif]--><!--[if gte mso 10]>\n\n\n<style>  \/* Style Definitions *\/  table.MsoNormalTable \t{mso-style-name:\"Table Normal\"; \tmso-tstyle-rowband-size:0; \tmso-tstyle-colband-size:0; \tmso-style-noshow:yes; \tmso-style-parent:\"\"; \tmso-padding-alt:0cm 5.4pt 0cm 5.4pt; \tmso-para-margin:0cm; \tmso-para-margin-bottom:.0001pt; \tmso-pagination:widow-orphan; \tfont-size:10.0pt; \tfont-family:\"Times New Roman\"; \tmso-ansi-language:#0400; \tmso-fareast-language:#0400; \tmso-bidi-language:#0400;} <\/style>\n\n <![endif]--><\/p>\n","protected":false},"excerpt":{"rendered":"<p>&#8220;\u00c7OCUKLAR \u00d6LMES\u0130N, \u015eEKER DE Y\u0130YEB\u0130LS\u0130NLER!&#8221; &nbsp; 5 Ekim Cuma g\u00fcn\u00fc Lefko\u015fa\u2019da, ilerici \u00f6\u011fretmen sendikalar\u0131 ve demokratik kitle \u00f6rg\u00fctlerinin \u00e7a\u011fr\u0131s\u0131 ile \u201c\u00c7OCUKLAR \u00d6LD\u00dcR\u00dcLMES\u0130N, \u015eEKER DE Y\u0130YEB\u0130LS\u0130NLER\u201d<\/p>\n","protected":false},"author":1,"featured_media":0,"comment_status":"open","ping_status":"open","sticky":false,"template":"","format":"standard","meta":{"jetpack_post_was_ever_published":false,"_jetpack_newsletter_access":"","_jetpack_newsletter_tier_id":0,"jetpack_publicize_message":"","jetpack_is_tweetstorm":false,"jetpack_publicize_feature_enabled":true,"jetpack_social_post_already_shared":false,"jetpack_social_options":{"image_generator_settings":{"template":"highway","enabled":false}}},"categories":[66],"tags":[],"jetpack_publicize_connections":[],"jetpack_featured_media_url":"","jetpack_shortlink":"https:\/\/wp.me\/p4eHWX-cI","jetpack_sharing_enabled":true,"_links":{"self":[{"href":"https:\/\/baraka.cc\/index.php?rest_route=\/wp\/v2\/posts\/788"}],"collection":[{"href":"https:\/\/baraka.cc\/index.php?rest_route=\/wp\/v2\/posts"}],"about":[{"href":"https:\/\/baraka.cc\/index.php?rest_route=\/wp\/v2\/types\/post"}],"author":[{"embeddable":true,"href":"https:\/\/baraka.cc\/index.php?rest_route=\/wp\/v2\/users\/1"}],"replies":[{"embeddable":true,"href":"https:\/\/baraka.cc\/index.php?rest_route=%2Fwp%2Fv2%2Fcomments&post=788"}],"version-history":[{"count":0,"href":"https:\/\/baraka.cc\/index.php?rest_route=\/wp\/v2\/posts\/788\/revisions"}],"wp:attachment":[{"href":"https:\/\/baraka.cc\/index.php?rest_route=%2Fwp%2Fv2%2Fmedia&parent=788"}],"wp:term":[{"taxonomy":"category","embeddable":true,"href":"https:\/\/baraka.cc\/index.php?rest_route=%2Fwp%2Fv2%2Fcategories&post=788"},{"taxonomy":"post_tag","embeddable":true,"href":"https:\/\/baraka.cc\/index.php?rest_route=%2Fwp%2Fv2%2Ftags&post=788"}],"curies":[{"name":"wp","href":"https:\/\/api.w.org\/{rel}","templated":true}]}}