{"id":789,"date":"2012-07-06T16:03:27","date_gmt":"2012-07-06T13:03:27","guid":{"rendered":"https:\/\/baraka.cc\/?p=789"},"modified":"2014-01-02T16:05:26","modified_gmt":"2014-01-02T13:05:26","slug":"bagimsiz-kibris-2","status":"publish","type":"post","link":"https:\/\/baraka.cc\/?p=789","title":{"rendered":"BA\u011eIMSIZ KIBRIS"},"content":{"rendered":"<p><!--[if gte mso 9]><xml>  <w:WordDocument>   <w:View>Normal<\/w:View>   <w:Zoom>0<\/w:Zoom>   <w:HyphenationZone>21<\/w:HyphenationZone>   <w:PunctuationKerning\/>   <w:ValidateAgainstSchemas\/>   <w:SaveIfXMLInvalid>false<\/w:SaveIfXMLInvalid>   <w:IgnoreMixedContent>false<\/w:IgnoreMixedContent>   <w:AlwaysShowPlaceholderText>false<\/w:AlwaysShowPlaceholderText>   <w:Compatibility>    <w:BreakWrappedTables\/>    <w:SnapToGridInCell\/>    <w:WrapTextWithPunct\/>    <w:UseAsianBreakRules\/>    <w:DontGrowAutofit\/>   <\/w:Compatibility>   <w:BrowserLevel>MicrosoftInternetExplorer4<\/w:BrowserLevel>  <\/w:WordDocument> <\/xml><![endif]--><!--[if gte mso 9]><xml>  <w:LatentStyles DefLockedState=\"false\" LatentStyleCount=\"156\">  <\/w:LatentStyles> <\/xml><![endif]--><!--[if gte mso 10]>\n\n\n<style>  \/* Style Definitions *\/  table.MsoNormalTable \t{mso-style-name:\"Table Normal\"; \tmso-tstyle-rowband-size:0; \tmso-tstyle-colband-size:0; \tmso-style-noshow:yes; \tmso-style-parent:\"\"; \tmso-padding-alt:0cm 5.4pt 0cm 5.4pt; \tmso-para-margin:0cm; \tmso-para-margin-bottom:.0001pt; \tmso-pagination:widow-orphan; \tfont-size:10.0pt; \tfont-family:\"Times New Roman\"; \tmso-ansi-language:#0400; \tmso-fareast-language:#0400; \tmso-bidi-language:#0400;} <\/style>\n\n <![endif]--><\/p>\n<p class=\"MsoNormal\" style=\"line-height: 200%;\"><strong><span style=\"font-size: 11pt; line-height: 200%; font-family: Verdana;\">BA\u011eIMSIZ KIBRIS<\/span><\/strong><\/p>\n<p class=\"MsoNormal\" style=\"line-height: 200%;\"><span style=\"font-size: 10pt; line-height: 200%; font-family: Verdana;\">Sevgili Baraka dostlar\u0131,<\/span><\/p>\n<p class=\"MsoNormal\" style=\"line-height: 200%;\"><span style=\"font-size: 10pt; line-height: 200%; font-family: Verdana;\">14 A\u011fustos 2012 tarihinde \u00c7a\u011flayan Park\u0131&#8217;nda d\u00fczenleyece\u011fimiz, BA\u011eIMSIZ KIBRIS EYLEM\u0130 ile ilgili deklerasyon a\u015fa\u011f\u0131da, afi\u015f ektedir&#8230;<br \/>\nBa\u011f\u0131ms\u0131z, \u00f6zg\u00fcr ve halklar\u0131 karde\u015f bir adada ya\u015fayaca\u011f\u0131m\u0131z g\u00fcnleri, m\u00fccadele ile kuraca\u011f\u0131z&#8230; Program ile ilgili ayr\u0131nt\u0131lar, pek yak\u0131nda&#8230;<\/span><\/p>\n<p><strong>TC EL\u00c7\u0130L\u0130\u011e\u0130 \u00d6N\u00dcNDEK\u0130 BASIN A\u00c7IKLAMASININ V\u0130DEOSU<\/strong><br \/>\n<a href=\"http:\/\/www.youtube.com\/watch?v=Lf3Z5H9J_ng\" target=\"_blank\"><span class=\"yshortcuts\"><span style=\"text-decoration: none;\"><span>http:\/\/www.youtube.com\/watch?v=Lf3Z5H9J_ng<\/span><\/span><\/span><\/a><\/p>\n<p><strong>DEKLERASYON<\/strong><br \/>\nBa\u011f\u0131ms\u0131zl\u0131k, K\u0131br\u0131s halklar\u0131n\u0131n ve K\u0131br\u0131s adas\u0131n\u0131n, gelmi\u015f ge\u00e7mi\u015f \u00f6m\u00fcrleri boyunca pek tan\u0131mad\u0131klar\u0131 bir yabanc\u0131yd\u0131. Alt\u0131n kafese konuldu\u011fumuzda \u2018\u2019h\u00fcrriyet\u2019\u2019 dememeyi tercih etmi\u015ftik \u00e7o\u011fu zaman. Bir \u015feyler s\u00f6ylemek iradesini kendimizde buldu\u011fumuzda dahi, yani kendi yolumu<span class=\"yiv676957958textexposedshow\">zu \u00e7izmeye muktedir bir toplumsal \u00f6zne oldu\u011fumuzda dahi, dilimizde cisimlenen s\u00f6zc\u00fck \u2018\u2019ba\u011f\u0131ms\u0131zl\u0131k\u2019\u2019 olmam\u0131\u015ft\u0131 hi\u00e7; g\u00fcn\u00fc gelmi\u015fti \u2018\u2019\u0130ngiliz idaresi devam etsin, biz b\u00f6yle iyiyiz\u2019\u2019 demi\u015ftik, g\u00fcn\u00fc gelmi\u015fti \u2018\u2019Taksim\u2019\u2019e sar\u0131l\u0131p bir ba\u015fka ulusun par\u00e7as\u0131 olmak istemi\u015ftik, g\u00fcn\u00fc gelmi\u015fti Avrupa Birli\u011fi\u2019ne dahil olmay\u0131 \u00f6zg\u00fcrl\u00fck sanm\u0131\u015ft\u0131k. Bir a\u011fa\u00e7 gibi tek ve h\u00fcr olup kendi k\u00f6k\u00fcm\u00fczden g\u00fc\u00e7 alarak \u00e7i\u00e7ek a\u00e7mak yerine, hep ba\u015fka a\u011fa\u00e7lar\u0131n dallar\u0131na nas\u0131l tutunabilece\u011fimizin planlar\u0131n\u0131 yapm\u0131\u015ft\u0131k. O kadar ki, adam\u0131z\u0131n binlerce y\u0131ll\u0131k insanl\u0131k tarihindeki ender \u2018\u2019ba\u011f\u0131ms\u0131zl\u0131k\u2019\u2019 g\u00fcnlerimiz olan K\u0131br\u0131s Cumhuriyeti bile, bize sorulmadan in\u015fa edilmi\u015fti. \u0130nsanl\u0131k tarihindeki devlet rejimi de\u011fi\u015fiklikleri kanl\u0131 \u00e7eli\u015fkiler \u00fczerinden verilen m\u00fccadelelerde v\u00fccut bulurken, bizde, \u00f6rne\u011fin krall\u0131ktan cumhuriyete ge\u00e7i\u015f bile, bundan y\u00fczy\u0131llar \u00f6nce, K\u0131br\u0131s Krall\u0131\u011f\u0131\u2019n\u0131n son h\u00fck\u00fcmdar\u0131n\u0131n, adam\u0131z\u0131 Venedik Cumhuriyeti\u2019ne satmas\u0131 ile ger\u00e7ekle\u015fmi\u015fti. Sat\u0131l\u0131\u011fa \u00e7\u0131kar\u0131lm\u0131\u015f \u00f6zg\u00fcrl\u00fcklerin ve ba\u011f\u0131ms\u0131zl\u0131klar\u0131n tarihi yaz\u0131l\u0131rken \u00fczerimizden, biz hep \u00fcst\u00fcm\u00fcze at\u0131lan \u00e7iziklerden hangisini se\u00e7elim diye d\u00fc\u015f\u00fcn\u00fcp ta\u015f\u0131nd\u0131k sadece. Sonra ortaya bir grup insan \u00e7\u0131kt\u0131. Bu insanlar, d\u00fc\u015f\u00fcn\u00fc\u015flerini ve eyleyi\u015flerini farkl\u0131 k\u0131lmak istiyorlar geri kalanlardan; ama bunu ba\u015farabilmek i\u00e7in de, geri kalanlar\u0131n da dayan\u0131\u015fmas\u0131n\u0131n gerekti\u011fini ve \u00f6nemli oldu\u011funu biliyorlar. Geri kalanlarla birlikte, ama geride kalmadan ba\u011f\u0131ms\u0131zl\u0131\u011fa, ne olursa olsun ba\u011f\u0131ms\u0131zl\u0131\u011fa do\u011fru bir y\u00fcr\u00fcy\u00fc\u015f ba\u015flat\u0131yorlar. 14 A\u011fustos 1974 tarihi, ba\u011f\u0131ms\u0131zl\u0131\u011f\u0131m\u0131z\u0131n \u00fczerine at\u0131lan kapkara ve kaba bir \u00e7izi\u011fi temsil ediyor. S\u0131rt\u0131m\u0131za y\u00fcklenen esaret zincirinin kamburla\u015ft\u0131rd\u0131\u011f\u0131 g\u00f6vdemizi do\u011frultmak i\u00e7in \u00e7a\u011fr\u0131 yap\u0131yoruz t\u00fcm halk\u0131m\u0131za. \u00c7a\u011fr\u0131m\u0131z, ta\u015f\u0131yaca\u011f\u0131m\u0131z tek y\u00fck\u00fcn, kendi y\u00fcreklerimiz ve ak\u0131llar\u0131m\u0131z oldu\u011fu g\u00fcnlere ula\u015fma \u00e7a\u011fr\u0131s\u0131d\u0131r; \u00e7a\u011fr\u0131m\u0131z, ba\u015fka bah\u00e7elerde \u00f6n\u00fcm\u00fcze at\u0131lan ge\u00e7ici g\u00fczellikler ile yetinmek yerine, kendi bah\u00e7emizi kurma, kendi \u00e7i\u00e7eklerimizi se\u00e7me \u00e7a\u011fr\u0131s\u0131d\u0131r; \u00e7a\u011fr\u0131m\u0131z ba\u011f\u0131ms\u0131zl\u0131k \u00e7a\u011fr\u0131s\u0131d\u0131r, \u00e7a\u011fr\u0131m\u0131z Ba\u011f\u0131ms\u0131z K\u0131br\u0131s \u00e7a\u011fr\u0131s\u0131d\u0131r. Bu vesile ile Baraka K\u00fclt\u00fcr Merkezi olarak 14 A\u011fustos tarihinde ger\u00e7ekle\u015ftirece\u011fimiz Ba\u011f\u0131ms\u0131z K\u0131br\u0131s eylemine kat\u0131lmak i\u00e7in, K\u0131br\u0131sl\u0131 T\u00fcrk halk\u0131na \u00e7a\u011fr\u0131 yap\u0131yoruz. 14 A\u011fustos Sal\u0131 ak\u015fam\u0131 \u00c7a\u011flayan Park\u0131&#8217;nda ger\u00e7ekle\u015fecek eylem, festival \u015feklinde kurgulanm\u0131\u015f olup yerli ve yabanc\u0131 m\u00fczik gruplar\u0131ndan konserler, sanat\u00e7\u0131lardan konu\u015fma ve \u015fiirler, sokak tiyatrolar\u0131 ve \u00e7e\u015fitli k\u00fclt\u00fcr-sanat \u00fcretimlerinin sergilendi\u011fi standlar yer alacak.<\/span><\/p>\n","protected":false},"excerpt":{"rendered":"<p>BA\u011eIMSIZ KIBRIS Sevgili Baraka dostlar\u0131, 14 A\u011fustos 2012 tarihinde \u00c7a\u011flayan Park\u0131&#8217;nda d\u00fczenleyece\u011fimiz, BA\u011eIMSIZ KIBRIS EYLEM\u0130 ile ilgili deklerasyon a\u015fa\u011f\u0131da, afi\u015f ektedir&#8230; Ba\u011f\u0131ms\u0131z, \u00f6zg\u00fcr ve halklar\u0131<\/p>\n","protected":false},"author":1,"featured_media":0,"comment_status":"open","ping_status":"open","sticky":false,"template":"","format":"standard","meta":{"jetpack_post_was_ever_published":false,"_jetpack_newsletter_access":"","_jetpack_newsletter_tier_id":0,"jetpack_publicize_message":"","jetpack_is_tweetstorm":false,"jetpack_publicize_feature_enabled":true,"jetpack_social_post_already_shared":false,"jetpack_social_options":{"image_generator_settings":{"template":"highway","enabled":false}}},"categories":[54],"tags":[],"jetpack_publicize_connections":[],"jetpack_featured_media_url":"","jetpack_shortlink":"https:\/\/wp.me\/p4eHWX-cJ","jetpack_sharing_enabled":true,"_links":{"self":[{"href":"https:\/\/baraka.cc\/index.php?rest_route=\/wp\/v2\/posts\/789"}],"collection":[{"href":"https:\/\/baraka.cc\/index.php?rest_route=\/wp\/v2\/posts"}],"about":[{"href":"https:\/\/baraka.cc\/index.php?rest_route=\/wp\/v2\/types\/post"}],"author":[{"embeddable":true,"href":"https:\/\/baraka.cc\/index.php?rest_route=\/wp\/v2\/users\/1"}],"replies":[{"embeddable":true,"href":"https:\/\/baraka.cc\/index.php?rest_route=%2Fwp%2Fv2%2Fcomments&post=789"}],"version-history":[{"count":1,"href":"https:\/\/baraka.cc\/index.php?rest_route=\/wp\/v2\/posts\/789\/revisions"}],"predecessor-version":[{"id":790,"href":"https:\/\/baraka.cc\/index.php?rest_route=\/wp\/v2\/posts\/789\/revisions\/790"}],"wp:attachment":[{"href":"https:\/\/baraka.cc\/index.php?rest_route=%2Fwp%2Fv2%2Fmedia&parent=789"}],"wp:term":[{"taxonomy":"category","embeddable":true,"href":"https:\/\/baraka.cc\/index.php?rest_route=%2Fwp%2Fv2%2Fcategories&post=789"},{"taxonomy":"post_tag","embeddable":true,"href":"https:\/\/baraka.cc\/index.php?rest_route=%2Fwp%2Fv2%2Ftags&post=789"}],"curies":[{"name":"wp","href":"https:\/\/api.w.org\/{rel}","templated":true}]}}