{"id":791,"date":"2012-10-15T16:05:41","date_gmt":"2012-10-15T13:05:41","guid":{"rendered":"https:\/\/baraka.cc\/?p=791"},"modified":"2014-01-02T16:06:37","modified_gmt":"2014-01-02T13:06:37","slug":"hayvanlar-malimiz-degil-dostumuzdur","status":"publish","type":"post","link":"https:\/\/baraka.cc\/?p=791","title":{"rendered":"HAYVANLAR MALIMIZ DE\u011e\u0130L DOSTUMUZDUR!"},"content":{"rendered":"<p><strong><span style=\"font-size: 11pt; line-height: 200%; font-family: Verdana;\">HAYVANLAR MALIMIZ DE\u011e\u0130L DOSTUMUZDUR!<\/span><\/strong><\/p>\n<p class=\"MsoNormal\" style=\"text-align: justify; line-height: 200%;\">\n<p class=\"MsoNormal\" style=\"text-align: justify; line-height: 200%;\"><a href=\"https:\/\/www.baraka.cc\/images\/stories\/hayvanrefahyasasi_1.jpg\" target=\"_blank\"><img decoding=\"async\" loading=\"lazy\" alt=\" \" src=\"https:\/\/www.baraka.cc\/images\/stories\/hayvanrefahyasasi_1.jpg\" width=\"100\" height=\"141\" align=\"left\" border=\"2\" \/><\/a> <span style=\"font-size: 10pt; line-height: 200%; font-family: Verdana;\">Baraka K\u00fclt\u00fcr Merkezi olarak, Sevimli Dostlar Derne\u011fi ve duyarl\u0131 hayvan sever ki\u015fi ve \u00f6rg\u00fctlerle birlikte 12 Ekim 2012 tarihinde Meclis \u00f6n\u00fcnde bir eylem ger\u00e7ekle\u015ftirdik. <\/span><span style=\"font-size: 10pt; line-height: 200%; font-family: Verdana;\">Meclis g\u00fcndeminde bulunan ve 15 Ekim 2012 tarihinde g\u00f6r\u00fc\u015f\u00fclmesi beklenen yasa tasar\u0131s\u0131, \u201csahipleri taraf\u0131ndan al\u0131nmayan yakalanm\u0131\u015f hayvanlara ve sahipsiz hayvanlara \u00f6tanazi dahil gerekli uygulamalar\u0131n yap\u0131lmas\u0131n\u0131\u201d \u00f6ng\u00f6r\u00fcyor. Hayvanlar i\u00e7in bir\u00e7ok olumlu ve g\u00fczel d\u00fczenleme i\u00e7eren yasan\u0131n \u201c\u00f6tanazi uygulamas\u0131\u201dn\u0131 \u00f6ng\u00f6ren 13. maddesinin \u00c7 f\u0131kras\u0131na kar\u015f\u0131 \u00e7\u0131kan kalabal\u0131k hayvansever grubu ve \u00f6rg\u00fctler, <\/span><span style=\"font-size: 10pt; line-height: 200%; font-family: Verdana;\">Hayvan Refah\u0131 Yasa Tasar\u0131s\u0131n\u0131 protesto ederek ve Meclisten bu \u015fekilde ge\u00e7memesini, d\u00fczeltilmesini sa\u011flamak i\u00e7in eylem ger\u00e7ekle\u015ftirdiler.<br \/>\n<\/span><\/p>\n<p><strong><span style=\"font-size: 10pt; line-height: 200%; font-family: Verdana;\"> <a href=\"https:\/\/www.baraka.cc\/index.php?option=com_content&amp;task=view&amp;id=832&amp;Itemid=909\">Baraka&#8217;n\u0131n bas\u0131n bildirisi\u00a0<\/a><\/span><\/strong><\/p>\n<p><a href=\"https:\/\/www.baraka.cc\/images\/stories\/hayvanrefahyasasi_2.jpg\" target=\"_blank\"><img decoding=\"async\" alt=\" \" src=\"https:\/\/www.baraka.cc\/images\/stories\/hayvanrefahyasasi_2.jpg\" width=\"100\" border=\"2\" \/><\/a>\u00a0 <a href=\"https:\/\/www.baraka.cc\/images\/stories\/hayvanrefahyasasi_3.jpg\" target=\"_blank\"><img decoding=\"async\" alt=\" \" src=\"https:\/\/www.baraka.cc\/images\/stories\/hayvanrefahyasasi_3.jpg\" width=\"100\" border=\"2\" \/><\/a>\u00a0 <a href=\"https:\/\/www.baraka.cc\/images\/stories\/hayvanrefahyasasi_2.jpg\" target=\"_blank\"><img decoding=\"async\" alt=\" \" src=\"https:\/\/www.baraka.cc\/images\/stories\/hayvanrefahyasasi_4.jpg\" width=\"100\" border=\"2\" \/><\/a><\/p>\n","protected":false},"excerpt":{"rendered":"<p>HAYVANLAR MALIMIZ DE\u011e\u0130L DOSTUMUZDUR! Baraka K\u00fclt\u00fcr Merkezi olarak, Sevimli Dostlar Derne\u011fi ve duyarl\u0131 hayvan sever ki\u015fi ve \u00f6rg\u00fctlerle birlikte 12 Ekim 2012 tarihinde Meclis \u00f6n\u00fcnde<\/p>\n","protected":false},"author":1,"featured_media":0,"comment_status":"open","ping_status":"open","sticky":false,"template":"","format":"standard","meta":{"jetpack_post_was_ever_published":false,"_jetpack_newsletter_access":"","_jetpack_newsletter_tier_id":0,"jetpack_publicize_message":"","jetpack_is_tweetstorm":false,"jetpack_publicize_feature_enabled":true,"jetpack_social_post_already_shared":false,"jetpack_social_options":{"image_generator_settings":{"template":"highway","enabled":false}}},"categories":[66],"tags":[],"jetpack_publicize_connections":[],"jetpack_featured_media_url":"","jetpack_shortlink":"https:\/\/wp.me\/p4eHWX-cL","jetpack_sharing_enabled":true,"_links":{"self":[{"href":"https:\/\/baraka.cc\/index.php?rest_route=\/wp\/v2\/posts\/791"}],"collection":[{"href":"https:\/\/baraka.cc\/index.php?rest_route=\/wp\/v2\/posts"}],"about":[{"href":"https:\/\/baraka.cc\/index.php?rest_route=\/wp\/v2\/types\/post"}],"author":[{"embeddable":true,"href":"https:\/\/baraka.cc\/index.php?rest_route=\/wp\/v2\/users\/1"}],"replies":[{"embeddable":true,"href":"https:\/\/baraka.cc\/index.php?rest_route=%2Fwp%2Fv2%2Fcomments&post=791"}],"version-history":[{"count":1,"href":"https:\/\/baraka.cc\/index.php?rest_route=\/wp\/v2\/posts\/791\/revisions"}],"predecessor-version":[{"id":792,"href":"https:\/\/baraka.cc\/index.php?rest_route=\/wp\/v2\/posts\/791\/revisions\/792"}],"wp:attachment":[{"href":"https:\/\/baraka.cc\/index.php?rest_route=%2Fwp%2Fv2%2Fmedia&parent=791"}],"wp:term":[{"taxonomy":"category","embeddable":true,"href":"https:\/\/baraka.cc\/index.php?rest_route=%2Fwp%2Fv2%2Fcategories&post=791"},{"taxonomy":"post_tag","embeddable":true,"href":"https:\/\/baraka.cc\/index.php?rest_route=%2Fwp%2Fv2%2Ftags&post=791"}],"curies":[{"name":"wp","href":"https:\/\/api.w.org\/{rel}","templated":true}]}}