{"id":7917,"date":"2021-02-04T10:25:40","date_gmt":"2021-02-04T08:25:40","guid":{"rendered":"https:\/\/baraka.cc\/?p=7917"},"modified":"2021-02-04T10:25:40","modified_gmt":"2021-02-04T08:25:40","slug":"baris-umutlari-bitti-mi-mustafa-keleszade","status":"publish","type":"post","link":"https:\/\/baraka.cc\/?p=7917","title":{"rendered":"Bar\u0131\u015f Umutlar\u0131 Bitti mi?  &#8211; Mustafa Kele\u015fzade"},"content":{"rendered":"<p><em>Argasdi&#8217;nin 60. say\u0131s\u0131nda yer alan makalemiz aktivistimiz Mustafa Kele\u015fzade&#8217;nin kaleminden sizlere ula\u015f\u0131yor. &#8220;Bar\u0131\u015f Umutlar\u0131 Bitti mi?&#8221;<\/em><\/p>\n<p><a href=\"https:\/\/baraka.cc\/wp-content\/uploads\/2021\/02\/129873376_175785894266711_1892466403070386413_n.jpg\"><img decoding=\"async\" loading=\"lazy\" class=\"size-medium wp-image-7918 alignright\" alt=\"129873376_175785894266711_1892466403070386413_n\" src=\"https:\/\/baraka.cc\/wp-content\/uploads\/2021\/02\/129873376_175785894266711_1892466403070386413_n-300x200.jpg\" width=\"300\" height=\"200\" srcset=\"https:\/\/baraka.cc\/wp-content\/uploads\/2021\/02\/129873376_175785894266711_1892466403070386413_n-300x200.jpg 300w, https:\/\/baraka.cc\/wp-content\/uploads\/2021\/02\/129873376_175785894266711_1892466403070386413_n-1024x682.jpg 1024w, https:\/\/baraka.cc\/wp-content\/uploads\/2021\/02\/129873376_175785894266711_1892466403070386413_n.jpg 1920w\" sizes=\"(max-width: 300px) 100vw, 300px\" \/><\/a>Cumhurba\u015fkanl\u0131\u011f\u0131 se\u00e7imlerinde Mustafa Ak\u0131nc\u0131\u2019n\u0131n kaybetmesi ile bir hayal k\u0131r\u0131kl\u0131\u011f\u0131 ortam\u0131 olu\u015ftu. \u201cHer \u015fey bitti\u201d sesleri y\u00fcksek perdeden seslendirilmeye ba\u015fland\u0131. Peki, durum ger\u00e7ekten de b\u00f6yle mi?<\/p>\n<p>Adan\u0131n b\u00f6l\u00fcnmesinden bug\u00fcne 47 sene ge\u00e7mi\u015f durumda. Bu senelerin 37\u2019sinde Cumhurba\u015fkanl\u0131\u011f\u0131 koltu\u011funda \u201c\u00e7\u00f6z\u00fcms\u00fczl\u00fck \u00e7\u00f6z\u00fcmd\u00fcr\u201d diyen ki\u015filer oturdu. Sadece 10 senesinde ise Mehmet Ali Talat ve Mustafa Ak\u0131nc\u0131 oturdu. Daha da ilginci ise K\u0131br\u0131s\u2019ta \u00e7\u00f6z\u00fcm ve bar\u0131\u015f i\u00e7in K\u0131br\u0131s\u2019\u0131n kuzeyinde on binlerce ki\u015filik mitinglerin yap\u0131ld\u0131\u011f\u0131, tart\u0131\u015fmas\u0131z en g\u00fc\u00e7l\u00fc nabz\u0131n oldu\u011fu y\u0131llarda, yani 2000\u2019li y\u0131llar\u0131n ilk yar\u0131s\u0131nda Cumhurba\u015fkanl\u0131\u011f\u0131 koltu\u011funda yine bir \u201c\u00e7\u00f6z\u00fcms\u00fczl\u00fck \u00e7\u00f6z\u00fcmd\u00fcr\u201dc\u00fc oturmaktayd\u0131. Hem de 2000 y\u0131l\u0131nda ger\u00e7ekle\u015fen se\u00e7imin ilk turunda yar\u0131\u015f, bar\u0131\u015f yanl\u0131lar\u0131 ile bar\u0131\u015f kar\u015f\u0131tlar\u0131 aras\u0131nda da ge\u00e7memi\u015fti. \u0130ki \u00e7\u00f6z\u00fcms\u00fczl\u00fck\u00e7\u00fc aday Denkta\u015f ve Ero\u011flu se\u00e7imlerin ilk turunda y\u00fczde 80\u2019e yak\u0131n oy alm\u0131\u015ft\u0131. Bu se\u00e7imde bar\u0131\u015f yanl\u0131s\u0131 diyebilece\u011fimiz iki aday olan Mehmet Ali Talat ve Mustafa Ak\u0131nc\u0131\u2019n\u0131n toplam oyu ise y\u00fczde 21\u2019de kalm\u0131\u015ft\u0131. 2020 se\u00e7imlerine benzer \u015fekilde d\u0131\u015f m\u00fcdahalelerin damga vurdu\u011fu ve Dervi\u015f Ero\u011flu\u2019nun \u201cPe\u015fimde 42 tane M\u0130T ajan\u0131 dolan\u0131yor\u201d diyerek ikinci turunda \u00e7ekildi\u011fi se\u00e7imi h\u00fckmen stat\u00fckonun \u201chas adam\u0131\u201d Denkta\u015f kazanm\u0131\u015ft\u0131. \u00a0Fakat ne olmu\u015fsa olmu\u015f daha be\u015f y\u0131l ge\u00e7meden ger\u00e7ekle\u015fen Annan Plan\u0131 referandumunda K\u0131br\u0131sl\u0131 T\u00fcrk halk\u0131n\u0131n y\u00fczde 65\u2019i federal bir \u00e7\u00f6z\u00fcme evet demi\u015f, Denkta\u015f ilk se\u00e7imlerde aday dahi olamam\u0131\u015ft\u0131.<\/p>\n<p><b>Ger\u00e7ekten nas\u0131l olu\u015fmu\u015ftu bu durum?\u00a0 <\/b><\/p>\n<p>2000\u2019li y\u0131llar\u0131 K\u0131br\u0131sl\u0131 T\u00fcrk halk\u0131 bug\u00fcn oldu\u011fu gibi bask\u0131lar\u0131n ve ekonomik zorluklar\u0131n i\u00e7erisinde kar\u015f\u0131lam\u0131\u015ft\u0131. T\u00fcrkiye\u2019de ise ayn\u0131 d\u00f6nem, emperyalizmin neoliberal d\u00f6n\u00fc\u015f\u00fcm politikalar\u0131na denk gelmi\u015f ve bu yeni d\u00f6nemin ihtiya\u00e7lar\u0131n\u0131 kar\u015f\u0131layamayan iktidar blo\u011fu i\u00e7erisinde bir da\u011f\u0131lma ya\u015fanm\u0131\u015f ve ba\u015f\u0131n\u0131 neoliberal \u0130slamc\u0131 AKP\u2019nin \u00e7ekti\u011fi yeni bir iktidar blo\u011funun olu\u015fumunun ad\u0131mlar\u0131 at\u0131lm\u0131\u015ft\u0131. Bu ko\u015fullar kar\u015f\u0131s\u0131nda ise K\u0131br\u0131s\u2019\u0131n kuzeyinde sendikalar, demokratik kitle \u00f6rg\u00fctleri ve partiler se\u00e7imlerde al\u0131nan sonu\u00e7larla pes etmek yerine, bask\u0131lar ve ya\u015fanan ba\u015fta mudi krizi gibi ekonomik sorunlara kar\u015f\u0131 olu\u015fan tepkiyi sokakta \u00f6rg\u00fctleme yolunu se\u00e7mi\u015fti. T\u00fcrkiye\u2019de yeni iktidar blo\u011fu kurulurken ya\u015fanan bo\u015fluk ve nispi demokratik ortam da K\u0131br\u0131s\u2019\u0131n kuzeyinde stat\u00fckonun y\u0131k\u0131lmas\u0131 i\u00e7in bir f\u0131rsata d\u00f6n\u00fc\u015fm\u00fc\u015ft\u00fc. B\u00f6ylece y\u0131k\u0131c\u0131 bir se\u00e7im sonucunun ard\u0131ndan bar\u0131\u015f i\u00e7in umutlar\u0131n doruk noktas\u0131na \u00e7\u0131kt\u0131\u011f\u0131 bir s\u00fcre\u00e7 yarat\u0131lm\u0131\u015ft\u0131.<\/p>\n<p><b>Peki, bug\u00fcn ne durumday\u0131z?<\/b><\/p>\n<p>Bug\u00fcn ile 2000\u2019li y\u0131llar\u0131n ba\u015f\u0131n\u0131n benzer pek \u00e7ok y\u00f6n\u00fc var. Bu benzerliklere ge\u00e7meden \u00f6nce bu g\u00f6r\u00fc\u015fe kar\u015f\u0131l\u0131k \u201cama n\u00fcfus yap\u0131s\u0131 de\u011fi\u015fti\u201d diyenlere istatistiki bir cevap vereyim. Ersin Tatar se\u00e7imlerin ikinci turunda 67 bin oy ald\u0131, Annan Plan\u0131\u2019nda \u00e7\u0131kan \u201cevet\u201d oyu rakamsal olarak 77 bindi. Yani ortada istatistiki olarak b\u00f6ylesi bir durum yoktur. Ayr\u0131ca b\u00f6ylesi bir arg\u00fcman siyasi ve sosyolojik bir kar\u015f\u0131l\u0131\u011fa da sahip de\u011fildir; Annan Plan\u0131\u2019nda k\u00f6keni fark etmeksizin K\u0131br\u0131sl\u0131 T\u00fcrk halk\u0131n\u0131n y\u00fczde 65\u2019i evet demi\u015fti. Belki de en \u00e7ok g\u00f6\u00e7men insanlar federal bir K\u0131br\u0131s i\u00e7in o d\u00f6nem umutlanm\u0131\u015ft\u0131. \u00c7\u00fcnk\u00fc K\u0131br\u0131s\u2019\u0131n kuzeyinde kurulu stat\u00fcko halk\u0131n geneline zarar vermekle beraber, adan\u0131n g\u00fcneyine dahi ge\u00e7emeyen T\u00fcrkiye k\u00f6kenli emek\u00e7i insan\u0131m\u0131za en b\u00fcy\u00fck zarar\u0131 vermekte ve izole durumu yaratmaktayd\u0131. Bu durum halen s\u00fcrmektedir. \u201cN\u00fcfus yap\u0131s\u0131 de\u011fi\u015fti\u201d c\u00fcmlesi umutsuzlu\u011fa zemin haz\u0131rlamak veya m\u00fccadeleden ka\u00e7mak i\u00e7in kullan\u0131lan sinik bir arg\u00fcmandan \u00f6te bilimsel bir zemine yaslanmamaktad\u0131r.<\/p>\n<p>Bug\u00fcn 2000\u2019li y\u0131llar\u0131n ilk d\u00f6nemlerine benzer bir ekonomik krizin i\u00e7erisinden ge\u00e7mekteyiz. O d\u00f6nemin mudi krizinin yerini bu d\u00f6nemde kredi bor\u00e7lusu bir toplum ve d\u00f6viz krizi alm\u0131\u015f durumdad\u0131r. Toplumsal s\u0131k\u0131\u015fm\u0131\u015fl\u0131k ise pandemi d\u00f6neminde ge\u00e7i\u015f noktalar\u0131n\u0131n da kapanmas\u0131 ile \u00fcst noktaya ula\u015fm\u0131\u015ft\u0131r. 2000 se\u00e7imlerinde Ero\u011flu\u2019nun se\u00e7imlerden \u00e7ekilmesi ile ortaya \u00e7\u0131kan irade m\u00fcdahalesinin daha da katmerlisi 2020 se\u00e7imlerinde Ak\u0131nc\u0131\u2019ya kar\u015f\u0131 uygulanm\u0131\u015f durumdad\u0131r. T\u00fcrkiye\u2019de iktidar blo\u011fu ise 2015 y\u0131l\u0131ndan beri sallanmaktad\u0131r. Bug\u00fcn MHP ve eski iktidar blo\u011fu kirli bir ittifak yapmadan ayakta duramaz hale gelmi\u015f ve kaybetti\u011fi halk deste\u011fini milliyet\u00e7ilikle sald\u0131rganla\u015farak dengelemeye \u00e7al\u0131\u015fmaktad\u0131r. Bu \u00e7abas\u0131 ise hem ekonomik krizi derinle\u015ftirmekte, hem de d\u0131\u015f politikada her ge\u00e7en g\u00fcn daha fazla d\u00fc\u015fman edinmesine sebebiyet vermektedir. Yani T\u00fcrkiye\u2019de iktidar blo\u011fu sallanmaktad\u0131r.<\/p>\n<p>2000\u2019li y\u0131llar ile bug\u00fcn aras\u0131nda benzerlikler oldu\u011fu kadar farkl\u0131l\u0131klar da vard\u0131r. \u00d6ncelikle 2000 se\u00e7imlerinde iki \u00e7\u00f6z\u00fcms\u00fczl\u00fck\u00e7\u00fc aday aras\u0131nda se\u00e7im yap\u0131lmas\u0131 dahi engellenen K\u0131br\u0131sl\u0131 T\u00fcrk halk\u0131 bu sefer bar\u0131\u015f ve iradeyi se\u00e7imlerde t\u00fcm bask\u0131lara ra\u011fmen ikinci tura ta\u015f\u0131yabilmi\u015ftir. Ero\u011flu gibi bask\u0131lara kar\u015f\u0131 \u00e7ekilmeyi tercih eden bir aday yerine ilk kez sonuna kadar gidip onurlu bir m\u00fccadele deneyimini toplumun kazan\u0131m\u0131 olarak elde eden bir adayla se\u00e7imlere girilmi\u015ftir. 2000\u2019li y\u0131llarda siyasi egemenlik, renksiz, kokusuz bir \u00e7\u00f6z\u00fcm s\u00f6ylemine m\u00fccadeleyi hapseden CTP\u2019de iken, bug\u00fcn halka y\u00f6nelik t\u00fcm dayatmalara kar\u015f\u0131 m\u00fccadeleyi hedefine koyan, \u201cbiat de\u011fil \u00f6zg\u00fcrl\u00fck\u201d diyen, \u201cAnkara Elini Yakam\u0131zdan \u00c7ek\u201d diyen bir siyasi \u00f6znenin olu\u015fumu g\u00f6r\u00fcl\u00fcr \u015fekilde ger\u00e7ekle\u015fmektedir.<\/p>\n<p>Yani 2000\u2019le ko\u015fullar itibar\u0131 ile benzer bir m\u00fccadele zemini varken, daha ger\u00e7ek\u00e7i ve korkusuz bir siyasi \u00f6znenin m\u00fccadele i\u00e7erisinde olu\u015fma olas\u0131l\u0131\u011f\u0131 bu d\u00f6nemin karakteristi\u011fi olarak \u015fekillenmektedir. 10 Kas\u0131m\u2019da neredeyse kendili\u011finden geli\u015fen \u201cDemokrasi ve \u0130rade Mitingi\u201d, 15 Kas\u0131m\u2019da Tayyip Erdo\u011fan\u2019\u0131n adaya geldi\u011fi g\u00fcn Ba\u011f\u0131ms\u0131zl\u0131k Yolu\u2019nun \u00e7a\u011fr\u0131s\u0131 ard\u0131ndan ilerici \u00f6rg\u00fctlerin ortak organizasyonuna d\u00f6n\u00fc\u015fen ve yasaklara ra\u011fmen yap\u0131lan \u201cEmek, Demokrasi, \u0130rade\u201d eylemi g\u00f6stermektedir ki sokak da yine m\u00fccadelenin merkezi haline d\u00f6n\u00fc\u015fecektir.<\/p>\n<p>Bu \u00e7er\u00e7evede \u201cbar\u0131\u015f umutlar\u0131 bitti mi?\u201d sorusuna cevap verecek olursak, \u00a0umutsuzlu\u011fu de\u011fil m\u00fccadeleyi se\u00e7erseniz ba\u011f\u0131ms\u0131z ve halklar\u0131 karde\u015f bir K\u0131br\u0131s i\u00e7in y\u00fcr\u00fcnecek a\u00e7\u0131k bir yolumuz var.<\/p>\n<p>&nbsp;<\/p>\n","protected":false},"excerpt":{"rendered":"<p>Argasdi&#8217;nin 60. say\u0131s\u0131nda yer alan makalemiz aktivistimiz Mustafa Kele\u015fzade&#8217;nin kaleminden sizlere ula\u015f\u0131yor. &#8220;Bar\u0131\u015f Umutlar\u0131 Bitti mi?&#8221; Cumhurba\u015fkanl\u0131\u011f\u0131 se\u00e7imlerinde Mustafa Ak\u0131nc\u0131\u2019n\u0131n kaybetmesi ile bir hayal k\u0131r\u0131kl\u0131\u011f\u0131<\/p>\n","protected":false},"author":7,"featured_media":7918,"comment_status":"open","ping_status":"open","sticky":false,"template":"","format":"standard","meta":{"jetpack_post_was_ever_published":false,"_jetpack_newsletter_access":"","_jetpack_newsletter_tier_id":0,"jetpack_publicize_message":"","jetpack_is_tweetstorm":false,"jetpack_publicize_feature_enabled":true,"jetpack_social_post_already_shared":true,"jetpack_social_options":{"image_generator_settings":{"template":"highway","enabled":false}}},"categories":[40,67,44,9,1,39],"tags":[],"jetpack_publicize_connections":[],"jetpack_featured_media_url":"https:\/\/baraka.cc\/wp-content\/uploads\/2021\/02\/129873376_175785894266711_1892466403070386413_n.jpg","jetpack_shortlink":"https:\/\/wp.me\/p4eHWX-23H","jetpack_sharing_enabled":true,"_links":{"self":[{"href":"https:\/\/baraka.cc\/index.php?rest_route=\/wp\/v2\/posts\/7917"}],"collection":[{"href":"https:\/\/baraka.cc\/index.php?rest_route=\/wp\/v2\/posts"}],"about":[{"href":"https:\/\/baraka.cc\/index.php?rest_route=\/wp\/v2\/types\/post"}],"author":[{"embeddable":true,"href":"https:\/\/baraka.cc\/index.php?rest_route=\/wp\/v2\/users\/7"}],"replies":[{"embeddable":true,"href":"https:\/\/baraka.cc\/index.php?rest_route=%2Fwp%2Fv2%2Fcomments&post=7917"}],"version-history":[{"count":1,"href":"https:\/\/baraka.cc\/index.php?rest_route=\/wp\/v2\/posts\/7917\/revisions"}],"predecessor-version":[{"id":7919,"href":"https:\/\/baraka.cc\/index.php?rest_route=\/wp\/v2\/posts\/7917\/revisions\/7919"}],"wp:featuredmedia":[{"embeddable":true,"href":"https:\/\/baraka.cc\/index.php?rest_route=\/wp\/v2\/media\/7918"}],"wp:attachment":[{"href":"https:\/\/baraka.cc\/index.php?rest_route=%2Fwp%2Fv2%2Fmedia&parent=7917"}],"wp:term":[{"taxonomy":"category","embeddable":true,"href":"https:\/\/baraka.cc\/index.php?rest_route=%2Fwp%2Fv2%2Fcategories&post=7917"},{"taxonomy":"post_tag","embeddable":true,"href":"https:\/\/baraka.cc\/index.php?rest_route=%2Fwp%2Fv2%2Ftags&post=7917"}],"curies":[{"name":"wp","href":"https:\/\/api.w.org\/{rel}","templated":true}]}}