{"id":7925,"date":"2021-02-10T15:26:30","date_gmt":"2021-02-10T13:26:30","guid":{"rendered":"https:\/\/baraka.cc\/?p=7925"},"modified":"2021-02-10T15:26:30","modified_gmt":"2021-02-10T13:26:30","slug":"cocuklariniza-yasanabilir-bir-ulke-birakacak-misiniz-mehmet-adaman","status":"publish","type":"post","link":"https:\/\/baraka.cc\/?p=7925","title":{"rendered":"\u00c7ocuklar\u0131n\u0131za Ya\u015fanabilir Bir \u00dclke B\u0131rakacak M\u0131s\u0131n\u0131z?- Mehmet Adaman"},"content":{"rendered":"<p><a href=\"https:\/\/baraka.cc\/wp-content\/uploads\/2021\/02\/foto-3.jpg\"><img decoding=\"async\" loading=\"lazy\" class=\"size-medium wp-image-7926 alignright\" alt=\"foto (3)\" src=\"https:\/\/baraka.cc\/wp-content\/uploads\/2021\/02\/foto-3-300x176.jpg\" width=\"300\" height=\"176\" srcset=\"https:\/\/baraka.cc\/wp-content\/uploads\/2021\/02\/foto-3-300x176.jpg 300w, https:\/\/baraka.cc\/wp-content\/uploads\/2021\/02\/foto-3.jpg 960w\" sizes=\"(max-width: 300px) 100vw, 300px\" \/><\/a><em>&#8220;UMUT bitmez M\u00dcCADELE s\u00fcrer&#8221; dosyas\u0131yla 60. say\u0131s\u0131ndaki Argasdi&#8217;den; \u00e7ocuklar\u0131m\u0131za nas\u0131l daha ya\u015fanabilir bir \u00fclke ve d\u00fcnya b\u0131rakmal\u0131y\u0131z\u0131 tart\u0131\u015ft\u0131ran\u00a0 makalemiz, aktivistimiz Mehmet Adaman&#8217;\u0131n kaleminden sizlere ula\u015f\u0131yor. Evde kal\u0131n, Argasdi&#8217;yle kal\u0131n&#8230; <\/em><\/p>\n<p>K\u0131br\u0131s\u2019\u0131n kuzeyinde, her yeni g\u00fcne neredeyse yeni bir krizle uyan\u0131yoruz. Bazen siyasi bir krize \u015fahitlik ediyoruz. Bazen ekonomik kriz \u00f6n plana \u00e7\u0131k\u0131yor, ben de buraday\u0131m diyor. Asl\u0131nda \u00fclkemizde, neredeyse kendimizi bildik bileli ikisi de hep var. Daha do\u011frusu, \u00fclkemizde krizden \u00e7ok ne var da diyebiliriz. Hepsi de ya\u015fam\u0131m\u0131z\u0131n bir par\u00e7as\u0131 oldu. K\u0131br\u0131s\u2019\u0131n kuzeyinde ya\u015famak demek, krizlerle ya\u015famak demek asl\u0131nda. Peki bu krizlere kar\u015f\u0131 halk olarak bizim tepkimiz ne oluyor? Sadece bir sinema filmi izler gibi izliyor muyuz, yoksa ya\u015fanan krizlere kar\u015f\u0131 taraf oluyor muyuz? \u201cBen tarafs\u0131z\u0131m\u201d s\u00f6z\u00fc, \u00e7o\u011fu zaman bir iyi niyet g\u00f6stergesi olarak sunuluyor. Oysa ki hayat\u0131n hi\u00e7bir an\u0131nda, hi\u00e7bir olay kar\u015f\u0131s\u0131nda tarafs\u0131z olmak m\u00fcmk\u00fcn de\u011fildir. Tarafs\u0131z olmak demek, dolayl\u0131 olarak g\u00fc\u00e7l\u00fc olan\u0131n yan\u0131nda yer almak demektir. Bizi ezenlere kar\u015f\u0131 sessiz kalmak, onlar\u0131n d\u00fczenine katk\u0131 sa\u011flamak anlam\u0131na gelir.<\/p>\n<p>Bizler, daha ya\u015fanabilir bir d\u00fcnya ama \u00f6ncesinde daha ya\u015fanabilir bir \u00fclke i\u00e7in m\u00fccadele etmeliyiz. Buna mecburuz. En ba\u015fta da \u00e7ocuklar\u0131m\u0131z i\u00e7in&#8230; Bir anne veya bir baban\u0131n en de\u011ferli varl\u0131\u011f\u0131 \u00e7ocuklar\u0131d\u0131r. Herkes \u00e7ocu\u011funun gelece\u011fi i\u00e7in u\u011fra\u015f\u0131r, kayg\u0131 duyar. Onlara b\u0131rakabilece\u011fimiz en de\u011ferli miras ne para ne de puldur. \u00c7ocuklar\u0131m\u0131za b\u0131rakaca\u011f\u0131m\u0131z daha ya\u015fanabilir \u00fclke, bizim onlara en b\u00fcy\u00fck miras\u0131m\u0131z olacak. Onuruyla ya\u015fayabilece\u011fi, ezilmeyece\u011fi, daha iyi bir ya\u015fam i\u00e7in vatan\u0131ndan g\u00f6\u00e7 etmek zorunda kalmayaca\u011f\u0131 bir \u00fclke b\u0131rakmak, evlatlar\u0131m\u0131za verebilece\u011fimiz en b\u00fcy\u00fck hediyedir. \u0130\u015fte bu y\u00fczdendir ki hi\u00e7bir krize kar\u015f\u0131, hi\u00e7bir toplumsal soruna kar\u015f\u0131 \u201ctarafs\u0131z\u201d olmak gibi bir l\u00fcks\u00fcm\u00fcz yoktur.<\/p>\n<p>\u00c7ocuklar, \u00fclkemizin gelece\u011fidir. \u015eu anda \u00fclkemizde ya\u015fayan her bir \u00e7ocu\u011fun ne durumda oldu\u011funun kayg\u0131s\u0131n\u0131 ensemizde hissetmeliyiz. Peki, \u00fclkemizde ya\u015fayan \u00e7ocuklar ne durumda?<\/p>\n<p>E\u011fitimden ba\u015flayacak olursak, s\u00f6ylenecek \u00e7ok s\u00f6z var. Yoksul aile \u00e7ocuklar\u0131 ile orta s\u0131n\u0131f veya varl\u0131kl\u0131 aile \u00e7ocuklar\u0131 aras\u0131nda b\u00fcy\u00fck bir f\u0131rsat e\u015fitsizli\u011fi oldu\u011fu a\u015fik\u00e2rd\u0131r. \u00d6zellikle son d\u00f6nemde ya\u015fad\u0131\u011f\u0131m\u0131z Pandemi sonucu olu\u015fan yeni durumda, bu e\u015fitsizlik bir o kadar daha artm\u0131\u015ft\u0131r. Sat\u0131n almas\u0131 gereken okul \u00fcniformas\u0131ndan, derslerde okuyaca\u011f\u0131 kitaplara kadar her \u015feyin paral\u0131 oldu\u011fu, sadece paras\u0131 olan\u0131n daha fazla f\u0131rsata sahip olabildi\u011fi e\u011fitim sistemimizde yoksul aile \u00e7ocuklar\u0131 b\u00fcy\u00fck bir haks\u0131zl\u0131\u011fa u\u011framakta, adeta geri plana at\u0131larak g\u00f6rmezden gelinmektedir. \u0130\u015f yerinde patronu taraf\u0131ndan ezim ezim ezilen anne babalar\u0131n evlatlar\u0131 da okullarda, e\u011fitim sistemi i\u00e7erisinde bizzat devlet taraf\u0131ndan ezilmektedir. Peki, bu \u00e7ocuklar bizim \u00e7ocuklar\u0131m\u0131z de\u011fil midir? Bu \u00e7ocuklar\u0131n, her \u00e7ocuk gibi e\u011fitim alma hakk\u0131 yok mudur?<\/p>\n<p>Evinde ailesi veya yak\u0131nlar\u0131 taraf\u0131ndan sistematik olarak \u015fiddete u\u011frayan, do\u011fru \u015fekilde geli\u015fimine engel olunan, \u00e7ocukluklar\u0131n\u0131 ya\u015fayamayan evlatlar\u0131m\u0131za, Sosyal Hizmetler Dairesi ne kadar sahip \u00e7\u0131kabiliyor? \u00dclkedeki neredeyse her devlet kurumu gibi Sosyal Hizmetler Dairesi\u2019nde de ciddi bir organizasyon sorunu bulunmaktad\u0131r. Bizler bu \u00e7ocuklar\u0131n bir kenara at\u0131lmas\u0131na, kaderine terk edilmesine seyirci kalmamal\u0131, devlete s\u00fcrekli olarak bu \u00e7ocuklara bakmak, s\u0131k\u0131nt\u0131lar\u0131na \u00e7are \u00fcretmek zorunda oldu\u011funu hat\u0131rlatmal\u0131y\u0131z. \u00c7a\u011flayan \u00c7ocuk Yuvas\u0131 ve benzeri kimsesiz ve korunmaya al\u0131nm\u0131\u015f \u00e7ocuklara yuva olan kurumlar\u0131n durumu da maalesef hi\u00e7 iyi de\u011fildir. Gerek maddi, gerekse de manevi olarak bir\u00e7ok sorunla bo\u011fu\u015fan bu kurulu\u015flara, devletin katk\u0131s\u0131 neredeyse yok denecek kadar azd\u0131r. Devletin yapmas\u0131 gereken, bu kurulu\u015flar\u0131n maddi a\u00e7\u0131klar\u0131n\u0131 kapatmak i\u00e7in sa\u011fda solda adeta ba\u011f\u0131\u015f dilenmelerini izlemek yerine, bu kurulu\u015flara destek olmakt\u0131r.<\/p>\n<p>\u00dclkemize gerek narenciye kesim ekiplerinde \u00e7al\u0131\u015fmak, gerekse de ba\u015fka i\u015flerde \u00e7al\u0131\u015ft\u0131r\u0131lmak \u00fczere T\u00fcrkiye ve di\u011fer \u00fclkelerden getirilen, kar\u0131n toklu\u011funa \u00e7al\u0131\u015ft\u0131r\u0131larak, insan onurunu ayaklar alt\u0131na alan yerlerde kalmak zorunda b\u0131rak\u0131lan i\u015f\u00e7i \u00e7ocuklar\u0131n\u0131n durumu ise tam anlam\u0131yla i\u00e7ler ac\u0131s\u0131d\u0131r. Baz\u0131lar\u0131n\u0131n okula g\u00f6nderilmeyip \u00e7al\u0131\u015fmak zorunda b\u0131rak\u0131lmas\u0131 baz\u0131lar\u0131n\u0131n ise ailelerinin \u00e7al\u0131\u015fma izni olmadan \u201cka\u00e7ak\u201d durumuna d\u00fc\u015f\u00fcr\u00fclmesinden dolay\u0131 okula kay\u0131t bile olamamalar\u0131 da cabas\u0131. Bu \u00e7ocuklar\u0131n, bizlerden uzak yerlerde ya\u015famalar\u0131 onlar\u0131 g\u00f6rmeyece\u011fimiz, yokmu\u015f gibi davranaca\u011f\u0131m\u0131z anlam\u0131na gelmez. Bu konuda ortada b\u00fcy\u00fck bir insanl\u0131k ay\u0131b\u0131 vard\u0131r ve buna kar\u015f\u0131 \u00e7\u0131kmak vicdan sahibi her insan\u0131n yapmas\u0131 gereken bir \u015feydir. Devletin ilgili t\u00fcm kurumlar\u0131n\u0131n bu konuyu ciddiyetle ele almalar\u0131n\u0131, gerekli denetimleri yapmalar\u0131n\u0131 isteyip, bu konuda zorlay\u0131c\u0131 olmal\u0131y\u0131z.<\/p>\n<p>\u00c7ocuklar\u0131m\u0131z\u0131n bilimsel e\u011fitimle yeti\u015ftirilmeleri de \u00e7ok \u00f6nemli bir konudur. T\u00fcrkiye\u2019den adam\u0131za dayat\u0131lan gericilik politikalar\u0131 nedeniyle \u00e7ok yayg\u0131n bir \u015fekilde her t\u00fcrl\u00fc maddi deste\u011fi de arkas\u0131na alarak yap\u0131lan kuran kurslar\u0131 m\u00fccadele edilmesi gereken \u00e7ok \u00f6nemli bir sorundur. \u201cBen \u00e7ocu\u011fumu g\u00f6ndermiyorum, g\u00f6ndermek isteyen g\u00f6ndersin, bana ne\u201d demek olduk\u00e7a bencilce ve s\u0131\u011f bir g\u00f6r\u00fc\u015ft\u00fcr. \u00c7\u00fcnk\u00fc bilimsel e\u011fitimle de\u011fil, gerici hurafelerle yeti\u015fen \u00e7ocuklar, \u00fclkemizin de gelecekte ne duruma gelece\u011finin habercisidir. Sadece kendi \u00e7ocu\u011funuzu korumak, hi\u00e7bir \u015feyi de\u011fi\u015ftirmeyecektir. T\u00fcm bunlar\u0131n yan\u0131nda \u00e7ocuklar\u0131m\u0131z\u0131, geli\u015fim psikolojisinden bihaber, gerekli pedagojik formasyonu olmayan Kuran kursu hocalar\u0131na emanet etmek bu \u00e7ocuklar\u0131n, izleri hi\u00e7bir zaman silinmeyecek psikolojik yaralar almas\u0131na da davetiye \u00e7\u0131karmaktad\u0131r. \u00dclkesinin gelece\u011fini d\u00fc\u015f\u00fcnen her insan\u0131n bu noktay\u0131 da g\u00f6zden ka\u00e7\u0131rmamas\u0131 ve bu konuda m\u00fccadele etmesi gerekir.<\/p>\n<p>\u00c7ocuklar\u0131m\u0131za ya\u015fanabilir bir \u00fclke ve d\u00fcnya b\u0131rakmak i\u00e7in hi\u00e7bir konuya kar\u015f\u0131 tarafs\u0131z olmamal\u0131y\u0131z. Taraf olup, do\u011frudan yana m\u00fccadele etmeliyiz. B\u00fct\u00fcn mesele budur. Gerisi laf\u00fcg\u00fczaf.<\/p>\n<p>&nbsp;<\/p>\n","protected":false},"excerpt":{"rendered":"<p>&#8220;UMUT bitmez M\u00dcCADELE s\u00fcrer&#8221; dosyas\u0131yla 60. say\u0131s\u0131ndaki Argasdi&#8217;den; \u00e7ocuklar\u0131m\u0131za nas\u0131l daha ya\u015fanabilir bir \u00fclke ve d\u00fcnya b\u0131rakmal\u0131y\u0131z\u0131 tart\u0131\u015ft\u0131ran\u00a0 makalemiz, aktivistimiz Mehmet Adaman&#8217;\u0131n kaleminden sizlere ula\u015f\u0131yor.<\/p>\n","protected":false},"author":7,"featured_media":7926,"comment_status":"open","ping_status":"open","sticky":false,"template":"","format":"standard","meta":{"jetpack_post_was_ever_published":false,"_jetpack_newsletter_access":"","_jetpack_newsletter_tier_id":0,"jetpack_publicize_message":"","jetpack_is_tweetstorm":false,"jetpack_publicize_feature_enabled":true,"jetpack_social_post_already_shared":true,"jetpack_social_options":{"image_generator_settings":{"template":"highway","enabled":false}}},"categories":[40,67,44,9,1],"tags":[],"jetpack_publicize_connections":[],"jetpack_featured_media_url":"https:\/\/baraka.cc\/wp-content\/uploads\/2021\/02\/foto-3.jpg","jetpack_shortlink":"https:\/\/wp.me\/p4eHWX-23P","jetpack_sharing_enabled":true,"_links":{"self":[{"href":"https:\/\/baraka.cc\/index.php?rest_route=\/wp\/v2\/posts\/7925"}],"collection":[{"href":"https:\/\/baraka.cc\/index.php?rest_route=\/wp\/v2\/posts"}],"about":[{"href":"https:\/\/baraka.cc\/index.php?rest_route=\/wp\/v2\/types\/post"}],"author":[{"embeddable":true,"href":"https:\/\/baraka.cc\/index.php?rest_route=\/wp\/v2\/users\/7"}],"replies":[{"embeddable":true,"href":"https:\/\/baraka.cc\/index.php?rest_route=%2Fwp%2Fv2%2Fcomments&post=7925"}],"version-history":[{"count":1,"href":"https:\/\/baraka.cc\/index.php?rest_route=\/wp\/v2\/posts\/7925\/revisions"}],"predecessor-version":[{"id":7927,"href":"https:\/\/baraka.cc\/index.php?rest_route=\/wp\/v2\/posts\/7925\/revisions\/7927"}],"wp:featuredmedia":[{"embeddable":true,"href":"https:\/\/baraka.cc\/index.php?rest_route=\/wp\/v2\/media\/7926"}],"wp:attachment":[{"href":"https:\/\/baraka.cc\/index.php?rest_route=%2Fwp%2Fv2%2Fmedia&parent=7925"}],"wp:term":[{"taxonomy":"category","embeddable":true,"href":"https:\/\/baraka.cc\/index.php?rest_route=%2Fwp%2Fv2%2Fcategories&post=7925"},{"taxonomy":"post_tag","embeddable":true,"href":"https:\/\/baraka.cc\/index.php?rest_route=%2Fwp%2Fv2%2Ftags&post=7925"}],"curies":[{"name":"wp","href":"https:\/\/api.w.org\/{rel}","templated":true}]}}