{"id":7933,"date":"2021-02-22T16:32:05","date_gmt":"2021-02-22T14:32:05","guid":{"rendered":"https:\/\/baraka.cc\/?p=7933"},"modified":"2021-02-22T16:38:55","modified_gmt":"2021-02-22T14:38:55","slug":"baraka-kultur-merkezinden-degisen-kultur-dairesi-tuzugu-ile-ilgili-basin-aciklamasi-ne-sihirdir-ne-keramet-el-cabuklugu-marifet","status":"publish","type":"post","link":"https:\/\/baraka.cc\/?p=7933","title":{"rendered":"Baraka K\u00fclt\u00fcr Merkezi\u2019nden, De\u011fi\u015fen K\u00fclt\u00fcr Dairesi T\u00fcz\u00fc\u011f\u00fc \u0130le \u0130lgili Bas\u0131n A\u00e7\u0131klamas\u0131: \u201cNe Sihirdir Ne Keramet, El \u00c7abuklu\u011fu Marifet!\u201d"},"content":{"rendered":"<p>&nbsp;<\/p>\n<p style=\"text-align: center;\"><a href=\"https:\/\/baraka.cc\/wp-content\/uploads\/2021\/02\/18194914_1615945568415813_4190026662382637401_n.jpg\"><img decoding=\"async\" loading=\"lazy\" class=\"alignnone size-medium wp-image-7935\" alt=\"18194914_1615945568415813_4190026662382637401_n\" src=\"https:\/\/baraka.cc\/wp-content\/uploads\/2021\/02\/18194914_1615945568415813_4190026662382637401_n-300x225.jpg\" width=\"300\" height=\"225\" srcset=\"https:\/\/baraka.cc\/wp-content\/uploads\/2021\/02\/18194914_1615945568415813_4190026662382637401_n-300x225.jpg 300w, https:\/\/baraka.cc\/wp-content\/uploads\/2021\/02\/18194914_1615945568415813_4190026662382637401_n.jpg 960w\" sizes=\"(max-width: 300px) 100vw, 300px\" \/><\/a><\/p>\n<p style=\"text-align: left;\">Emek\u00e7i d\u00fc\u015fman\u0131, gerici ve sa\u011fl\u0131\u011fa zararl\u0131 UBP-DP-YDP h\u00fck\u00fcmetinden, k\u00fclt\u00fcr-sanata \u00e7a\u011fda\u015f bir y\u00f6n vermesini beklemiyorduk elbette\u2026 Ancak toplum can derdinde, ekmek derdindeyken ve al\u0131nmas\u0131 gereken onca \u00f6nemli karar varken, k\u00fclt\u00fcr-sanat alan\u0131nda demokratik ve kat\u0131l\u0131mc\u0131 bir anlay\u0131\u015fla uygulanan bir t\u00fcz\u00fc\u011f\u00fc, el \u00e7abuklu\u011fuyla de\u011fi\u015ftirebilme marifetini de ummazd\u0131k do\u011frusu!<\/p>\n<p>\u201cG\u00fczel Sanatlarla \u0130lgili Derneklere Yard\u0131m T\u00fcz\u00fc\u011f\u00fc\u201d, K\u00fclt\u00fcr Dairesi\u2019nin \u00f6zverili personelinin \u00e7abalar\u0131 ve derneklerin de katk\u0131lar\u0131yla, uzun y\u0131llard\u0131r \u015feffaf ve demokratik bir \u015fekilde uygulanmaktad\u0131r. Ge\u00e7mi\u015fte de, yine UBP d\u00f6neminde baz\u0131 derneklere kar\u015f\u0131 ayr\u0131mc\u0131l\u0131k ve yasa d\u0131\u015f\u0131 uygulamalar yap\u0131lm\u0131\u015f ancak T\u00fcz\u00fck\u2019teki demokratik ve kat\u0131l\u0131mc\u0131 yap\u0131 bozulmam\u0131\u015ft\u0131. Bu T\u00fcz\u00fck \u00e7er\u00e7evesinde dernekler, her y\u0131l yapacaklar\u0131 k\u00fclt\u00fcr-sanat projelerine bir miktar maddi katk\u0131 alabilmekte ve b\u00f6ylece \u00fclkemiz k\u00fclt\u00fcr-sanat\u0131n\u0131n geli\u015fmesine destek olunmaktad\u0131r. Kamusal bir fon olan K\u00fclt\u00fcr Dairesi\u2019nin b\u00fct\u00e7esinden, belli kriterler \u00e7er\u00e7evesinde ba\u015fvuran derneklerin sanatsal projelerine bir miktar para verilmekte, kararlar kamuya a\u00e7\u0131k yay\u0131mlanmakta ve projelerin ger\u00e7ekle\u015fip ger\u00e7ekle\u015fmedi\u011fi de Daire taraf\u0131ndan takip edilmektedir. K\u00fclt\u00fcr-sanat derneklerinin \u00e7o\u011fu mevcut T\u00fcz\u00fc\u011f\u00fcn i\u015fleyi\u015finden memnundur, memnun olmayanlar\u0131n da s\u00f6zlerini s\u00f6yleyebilecekleri mekanizmalar (K\u00fclt\u00fcr Sanat Dan\u0131\u015fma Kurulu ve De\u011ferlendirme Komisyonu) mevcuttur. Derneklerin projelerine katk\u0131 yap\u0131l\u0131p yap\u0131lmayaca\u011f\u0131n\u0131 inceleyen komisyonda, K\u00fclt\u00fcr Dairesi M\u00fcd\u00fcr\u00fc zaten ba\u015fkan olarak bulunmakta ve devletin k\u00fclt\u00fcr sanat kurumlar\u0131ndan da (Devlet Tiyatrolar\u0131, Cumhurba\u015fkanl\u0131\u011f\u0131 Senfoni Orkestras\u0131 gibi) temsilciler yer almaktad\u0131r. Ayr\u0131ca \u00e7e\u015fitli alanlarda (m\u00fczik, sahne sanatlar\u0131, edebiyat, halkbilimi gibi) faaliyet g\u00f6steren derneklerin temsilcileri de kendi aralar\u0131nda yapt\u0131klar\u0131 se\u00e7imle Komisyonda g\u00f6rev yapmaktayd\u0131. Bu y\u00f6n\u00fcyle Komisyon, \u00fclkemizde nadir bulunan t\u00fcrden demokratik ve kat\u0131l\u0131mc\u0131 bir olu\u015fumdu.<\/p>\n<p>Emek\u00e7i d\u00fc\u015fman\u0131, gerici ve sa\u011fl\u0131\u011fa zararl\u0131 UBP-DP-YDP h\u00fck\u00fcmetinin, e\u011fitimi e\u2019sinden anlamayan E\u011fitim Bakan\u0131 Olgun Amcao\u011flu, ka\u015fla g\u00f6z aras\u0131nda yapt\u0131\u011f\u0131 ve Bakanlar Kuruluna onaylatt\u0131\u011f\u0131 bir t\u00fcz\u00fck de\u011fi\u015fikli\u011fi ile ka\u015f yaparken g\u00f6z \u00e7\u0131karm\u0131\u015ft\u0131r! De\u011ferlendirme Komisyonu\u2019nun demokratik ve kat\u0131l\u0131mc\u0131 yap\u0131s\u0131n\u0131 bozan t\u00fcz\u00fck de\u011fi\u015fikli\u011fi ile k\u00fclt\u00fcr-sanat derneklerinden se\u00e7imle gelen temsilciler tamamen Komisyondan \u00e7\u0131kar\u0131lm\u0131\u015f ve yerine K\u00fclt\u00fcr Dairesi M\u00fcd\u00fcr\u00fc\u2019n\u00fcn atayaca\u011f\u0131 ki\u015filer konmu\u015ftur. T\u00fcz\u00fc\u011f\u00fcn gerek\u00e7esi, Anayasa\u2019ya ve mevzuat yapma kurallar\u0131na ayk\u0131r\u0131 olarak belirtilmemi\u015f olsa da, bizim \u00f6ng\u00f6r\u00fcm\u00fcz odur ki sadece kendilerine yak\u0131n kesimlere destek sa\u011flay\u0131p, bar\u0131\u015ftan, demokrasiden, laiklikten, k\u00fclt\u00fcrel mozaikten, sanatsal \u00f6zg\u00fcrl\u00fckten yana olan derneklere katk\u0131 verilmemesi i\u00e7in bu de\u011fi\u015fiklik yap\u0131lm\u0131\u015ft\u0131r. B\u00f6ylesi bir otoriter uygulama, sanat\u0131n \u00f6zg\u00fcrl\u00fck\u00e7\u00fc y\u00f6n\u00fc ve k\u00fclt\u00fcr\u00fcn \u00e7o\u011fulcu yap\u0131s\u0131yla ba\u011fda\u015fmaz.<\/p>\n<p>Baraka K\u00fclt\u00fcr Merkezi olarak bu T\u00fcz\u00fck de\u011fi\u015fikli\u011fini kabul etmemekle birlikte derne\u011fimizin \u00fcretimlerini ve eylemlili\u011fini hi\u00e7bir \u015fekilde etkilemeyece\u011fini; \u00e7\u00fcnk\u00fc esas olarak maddi ve manevi g\u00fcc\u00fcm\u00fcz\u00fc halktan ve dostlar\u0131m\u0131zdan ald\u0131\u011f\u0131m\u0131z\u0131 belirtmek isteriz. Ancak bug\u00fcn h\u00fck\u00fcmet koltuklar\u0131nda oturanlar de\u011fi\u015fti\u011finde ve terazinin dengesi bozuldu\u011funda, demokratik kat\u0131l\u0131m\u0131n bir g\u00fcn herkese laz\u0131m olaca\u011f\u0131n\u0131 anlayacaklar.<\/p>\n<p>Anayasa\u2019n\u0131n 62. Maddesi \u201cDevlet, sanat\u0131n \u00f6zg\u00fcrce geli\u015febilece\u011fi ortam\u0131 yarat\u0131r, sanat\u00e7\u0131y\u0131 koruyucu, destekleyici, \u00f6zendirici \u00f6nlemleri al\u0131r\u201d demektedir. Oysa bu T\u00fcz\u00fck de\u011fi\u015fikli\u011fi, sanat\u0131n \u00f6zg\u00fcrl\u00fc\u011f\u00fcne do\u011frudan bir devlet m\u00fcdahalesidir. Anayasa ayr\u0131ca devlete, \u201cherkesin k\u00fclt\u00fcr ya\u015fam\u0131nda yer almas\u0131n\u0131 sa\u011flamak\u201d g\u00f6revini de vermektedir. B\u00f6ylesi ekonomik s\u0131k\u0131nt\u0131lar\u0131n oldu\u011fu bir d\u00f6nemde derneklerin aidat toplama zorluklar\u0131 da d\u00fc\u015f\u00fcn\u00fcld\u00fc\u011f\u00fcnde, bu T\u00fcz\u00fckle k\u00fclt\u00fcr derneklerinin bir k\u0131sm\u0131 faaliyetlerini yapamaz hale gelecek ve belki de kapanma noktas\u0131na kadar gidecektir. Korona \u00f6nlemleri sebebiyle bir kenara itilen, i\u015fsizli\u011fe ve yoksullu\u011fa mahk\u00fbm edilen sanat\u00e7\u0131lar \u015fimdi de bu T\u00fcz\u00fc\u011f\u00fcn de\u011fi\u015ftirilmesiyle tamamen yok edilmek istenmektedir.<\/p>\n<p>Baraka olarak duyarl\u0131 pek \u00e7ok dernek ve sanat\u00e7\u0131yla birlikte, fa\u015fist kafal\u0131lar\u0131n bu t\u00fcz\u00fc\u011f\u00fcn\u00fc geri ald\u0131rmak i\u00e7in gereken m\u00fccadeleyi verece\u011fimizi belirtir, sanat\u0131n \u00f6zg\u00fcrl\u00fc\u011f\u00fcne ve k\u00fclt\u00fcrel alan\u0131n zenginli\u011fine \u00f6nem veren her \u00f6rg\u00fct\u00fc ve bireyi bu konuda duyarl\u0131l\u0131\u011fa davet ederiz.<\/p>\n<p style=\"text-align: center;\"><a href=\"https:\/\/baraka.cc\/wp-content\/uploads\/2021\/02\/baraka-logo.jpg\"><img decoding=\"async\" loading=\"lazy\" class=\"alignnone size-full wp-image-7934\" alt=\"baraka logo\" src=\"https:\/\/baraka.cc\/wp-content\/uploads\/2021\/02\/baraka-logo.jpg\" width=\"300\" height=\"168\" \/><\/a><\/p>\n<p>&nbsp;<\/p>\n","protected":false},"excerpt":{"rendered":"<p>&nbsp; Emek\u00e7i d\u00fc\u015fman\u0131, gerici ve sa\u011fl\u0131\u011fa zararl\u0131 UBP-DP-YDP h\u00fck\u00fcmetinden, k\u00fclt\u00fcr-sanata \u00e7a\u011fda\u015f bir y\u00f6n vermesini beklemiyorduk elbette\u2026 Ancak toplum can derdinde, ekmek derdindeyken ve al\u0131nmas\u0131 gereken<\/p>\n","protected":false},"author":3,"featured_media":7935,"comment_status":"open","ping_status":"open","sticky":false,"template":"","format":"standard","meta":{"jetpack_post_was_ever_published":false,"_jetpack_newsletter_access":"","_jetpack_newsletter_tier_id":0,"jetpack_publicize_message":"","jetpack_is_tweetstorm":false,"jetpack_publicize_feature_enabled":true,"jetpack_social_post_already_shared":true,"jetpack_social_options":{"image_generator_settings":{"template":"highway","enabled":false}}},"categories":[41,38,9,1],"tags":[],"jetpack_publicize_connections":[],"jetpack_featured_media_url":"https:\/\/baraka.cc\/wp-content\/uploads\/2021\/02\/18194914_1615945568415813_4190026662382637401_n.jpg","jetpack_shortlink":"https:\/\/wp.me\/p4eHWX-23X","jetpack_sharing_enabled":true,"_links":{"self":[{"href":"https:\/\/baraka.cc\/index.php?rest_route=\/wp\/v2\/posts\/7933"}],"collection":[{"href":"https:\/\/baraka.cc\/index.php?rest_route=\/wp\/v2\/posts"}],"about":[{"href":"https:\/\/baraka.cc\/index.php?rest_route=\/wp\/v2\/types\/post"}],"author":[{"embeddable":true,"href":"https:\/\/baraka.cc\/index.php?rest_route=\/wp\/v2\/users\/3"}],"replies":[{"embeddable":true,"href":"https:\/\/baraka.cc\/index.php?rest_route=%2Fwp%2Fv2%2Fcomments&post=7933"}],"version-history":[{"count":1,"href":"https:\/\/baraka.cc\/index.php?rest_route=\/wp\/v2\/posts\/7933\/revisions"}],"predecessor-version":[{"id":7936,"href":"https:\/\/baraka.cc\/index.php?rest_route=\/wp\/v2\/posts\/7933\/revisions\/7936"}],"wp:featuredmedia":[{"embeddable":true,"href":"https:\/\/baraka.cc\/index.php?rest_route=\/wp\/v2\/media\/7935"}],"wp:attachment":[{"href":"https:\/\/baraka.cc\/index.php?rest_route=%2Fwp%2Fv2%2Fmedia&parent=7933"}],"wp:term":[{"taxonomy":"category","embeddable":true,"href":"https:\/\/baraka.cc\/index.php?rest_route=%2Fwp%2Fv2%2Fcategories&post=7933"},{"taxonomy":"post_tag","embeddable":true,"href":"https:\/\/baraka.cc\/index.php?rest_route=%2Fwp%2Fv2%2Ftags&post=7933"}],"curies":[{"name":"wp","href":"https:\/\/api.w.org\/{rel}","templated":true}]}}