{"id":7944,"date":"2021-03-03T12:45:07","date_gmt":"2021-03-03T10:45:07","guid":{"rendered":"https:\/\/baraka.cc\/?p=7944"},"modified":"2021-03-03T12:45:07","modified_gmt":"2021-03-03T10:45:07","slug":"beyden-reise-irademize-mudahale-ve-mucadele-nazen-sansal","status":"publish","type":"post","link":"https:\/\/baraka.cc\/?p=7944","title":{"rendered":"\u201cBEY\u201dden \u201cRE\u0130S\u201de \u0130rademize M\u00fcdahale ve M\u00fccadele- Nazen \u015eansal"},"content":{"rendered":"<p><em>Argasdi&#8217;nin &#8220;Umut Bitmez M\u00fccadele S\u00fcrer&#8221; dosyas\u0131ndan ge\u00e7mi\u015ften g\u00fcn\u00fcm\u00fcze irademize y\u00f6nelik m\u00fcdahaleleri i\u00e7eren, \u201cBEY\u201dden \u201cRE\u0130S\u201de \u0130rademize M\u00fcdahale ve M\u00fccadele, isimli makalemiz aktivistimiz Nazen \u015eansal&#8217;\u0131n taraf\u0131ndan yaz\u0131ld\u0131. Argasdi 18 y\u0131ld\u0131r, susuz g\u00fcne\u015fsiz de kalsa, b\u0131kmadan usanmadan, ba\u015fkalar\u0131n\u0131 b\u0131kt\u0131rmak pahas\u0131na inatla b\u00fcy\u00fcy\u00fcp filizlenmeye devam ediyor.<\/em><\/p>\n<p><a href=\"https:\/\/baraka.cc\/wp-content\/uploads\/2021\/03\/unnamed.png\"><img decoding=\"async\" loading=\"lazy\" class=\"size-medium wp-image-7945 alignright\" alt=\"unnamed\" src=\"https:\/\/baraka.cc\/wp-content\/uploads\/2021\/03\/unnamed-300x164.png\" width=\"300\" height=\"164\" srcset=\"https:\/\/baraka.cc\/wp-content\/uploads\/2021\/03\/unnamed-300x164.png 300w, https:\/\/baraka.cc\/wp-content\/uploads\/2021\/03\/unnamed.png 512w\" sizes=\"(max-width: 300px) 100vw, 300px\" \/><\/a>Se\u00e7imlerde ayyuka \u00e7\u0131kan Ankara\u2019n\u0131n irademize y\u00f6nelik m\u00fcdahaleleri, 2020 Cumhurba\u015fkanl\u0131\u011f\u0131 se\u00e7imine m\u00fcnhas\u0131r olmay\u0131p y\u0131llar (hatta 74) \u00f6ncesine dayand\u0131\u011f\u0131 gibi sadece se\u00e7im s\u00fcre\u00e7leriyle de s\u0131n\u0131rl\u0131 de\u011fildir; g\u00fcnl\u00fck ya\u015fam\u0131m\u0131z\u0131n i\u00e7ine giren ekonomik ve k\u00fclt\u00fcrel boyutlar\u0131 da vard\u0131r. K\u00f6y isimlerimizin de\u011fi\u015ftirilmesinden radyo ve televizyonlar\u0131m\u0131zda kullanaca\u011f\u0131m\u0131z dile, \u00d6zal\u2019\u0131n \u201cEkonomik Y\u0131k\u0131m Paketi\u201dnden sokaklar\u0131m\u0131za kurulan MOBESE kameralar\u0131na kadar hayat\u0131m\u0131z\u0131n her alan\u0131nda TC m\u00fcdahalesi ile kar\u015f\u0131 kar\u015f\u0131yay\u0131z.<\/p>\n<p>&nbsp;<\/p>\n<p><b>Bu taraftan BEY\u2019ler\u2026<\/b><\/p>\n<p>&nbsp;<\/p>\n<p>1967 y\u0131l\u0131ndan itibaren kantonlarda ya\u015fayan K\u0131br\u0131sl\u0131 T\u00fcrkler, bask\u0131c\u0131 ve askeri d\u00fczene BEY (Bayraktarl\u0131k, El\u00e7ilik, Y\u00f6netim) ad\u0131n\u0131 vermi\u015f ve \u00f6zellikle \u00f6\u011fretmenler taraf\u0131ndan \u201cBEY Fa\u015fizmine Hay\u0131r\u201d slogan\u0131yla direni\u015fler \u00f6rg\u00fctlenmi\u015ftir. Bu d\u00f6nemdeki m\u00fccadeleler, K\u0131br\u0131sl\u0131 T\u00fcrkl\u00fck bilincinin olu\u015fmas\u0131 a\u00e7\u0131s\u0131ndan \u00f6nemlidir. 1974 sonras\u0131 olu\u015fan Egemen Blok ise (El\u00e7ilik, TC Yard\u0131m heyeti, askeri-sivil b\u00fcrokrasi, Ticaret Odas\u0131), 40 bin asker ve UBP iktidarlar\u0131 ile sa\u011flama al\u0131nm\u0131\u015ft\u0131r. Hatta 90\u2019l\u0131 y\u0131llardan sonra CTP h\u00fck\u00fcmetlerinin varl\u0131\u011f\u0131na ra\u011fmen hi\u00e7bir farkl\u0131l\u0131k g\u00f6stermemesi, gelip giden h\u00fck\u00fcmetlerden ba\u011f\u0131ms\u0131z bir iktidara sahip oldu\u011funun g\u00f6stergesidir. 60\u2019l\u0131 y\u0131llar\u0131n sonunda filizlenmeye ba\u015flayan ve kendini K\u0131br\u0131sl\u0131 Elenlerden de T\u00fcrkiye\u2019den de ayr\u0131\u015ft\u0131ran K\u0131br\u0131sl\u0131 T\u00fcrkl\u00fck bilinciyle, TC dayatmalar\u0131na ve yerli i\u015fbirlik\u00e7ilerine kar\u015f\u0131 her d\u00f6nem (c\u0131l\u0131z veya g\u00fc\u00e7l\u00fc) m\u00fccadele edilmi\u015ftir.<\/p>\n<p>&nbsp;<\/p>\n<p><b>60\u2019lardan 90\u2019lara \u201cana\u201ddan \u201cyavru\u201dya <\/b><\/p>\n<p>&nbsp;<\/p>\n<p>1968 Cumhurba\u015fkanl\u0131\u011f\u0131 Muavinli\u011fi se\u00e7imlerinde Dr. Faz\u0131l K\u00fc\u00e7\u00fck\u2019\u00fcn kar\u015f\u0131s\u0131nda aday olan H\u00e2kim Mehmet Zek\u00e2 Bey, se\u00e7imlerde ilk m\u00fcdahaleye maruz kalm\u0131\u015f; El\u00e7ili\u011fe \u00e7a\u011fr\u0131larak adayl\u0131ktan \u00e7ekilmesi \u201crica edilmi\u015f\u201dtir. M\u00fcdahalenin sadece se\u00e7imlerde de\u011fil siyasi ya\u015fam\u0131n her alan\u0131nda olmas\u0131n\u0131n bir g\u00f6stergesi olarak; 1970 y\u0131l\u0131nda CTP kurulurken, kurucular\u0131 taraf\u0131ndan El\u00e7i ziyaret edilerek parti program ve t\u00fcz\u00fc\u011f\u00fcn\u00fcn verildi\u011fi ve m\u00fcsaadenin Ankara\u2019dan al\u0131nd\u0131\u011f\u0131 da bilinmektedir.<\/p>\n<p>&nbsp;<\/p>\n<p>1973 se\u00e7imlerinde Arif Hasan Tahsin\u2019in anlat\u0131m\u0131yla: \u201cDr. K\u00fc\u00e7\u00fck kar\u015f\u0131s\u0131nda Denkta\u015f\u2019\u0131 buluverir. Dr. K\u00fc\u00e7\u00fck Ankara\u2019ya gider ve d\u00f6n\u00fc\u015f\u00fcnde \u2018Beni yiyeceklermi\u015f! Benim etim d\u00fcd\u00fckl\u00fc tencerede bile kaynamaz\u2019 der. Bu se\u00e7imlerde Muavinlik Denkta\u015f\u2019a ge\u00e7er. Dr. K\u00fc\u00e7\u00fck ile Berbero\u011flu\u2019nun adayl\u0131ktan \u00e7ekilmeleri ve Denkta\u015f\u2019\u0131n tek aday olabilmesi T\u00fcrkiye\u2019nin a\u00e7\u0131k m\u00fcdahalesiyle olabilmi\u015ftir.\u201d O g\u00fcnlerde Mithat Berbero\u011flu, 48 saat polis ve asker g\u00f6zetiminde ev hapsinde tutulmu\u015ftur.<\/p>\n<p>&nbsp;<\/p>\n<p>T\u00fcrkiye\u2019de askeri cunta y\u00f6netiminin ya\u015fand\u0131\u011f\u0131 d\u00f6nemdeki 1981 se\u00e7imlerinde ise m\u00fcdahale sadece se\u00e7ime de\u011fil se\u00e7im sonras\u0131na da ta\u015f\u0131nm\u0131\u015ft\u0131r. Askerin m\u00fcdahalesiyle 4500 ki\u015fi oy kullanmay\u0131nca Denkta\u015f 700 oy farkla se\u00e7imi kazanm\u0131\u015ft\u0131r. Muhalefet, Meclis\u2019te komisyonlarda \u00e7o\u011funlu\u011fu sa\u011flam\u0131\u015f, Meclis Ba\u015fkan Yard\u0131mc\u0131l\u0131\u011f\u0131\u2019n\u0131 alm\u0131\u015f ancak h\u00fck\u00fcmeti kuramam\u0131\u015ft\u0131r. Arif Hoca bu durumu, \u201cT\u00fcrkiye\u2019nin izni o kadard\u0131 \u00e7\u00fcnk\u00fc\u201d s\u00f6zleriyle ifade eder.<\/p>\n<p>&nbsp;<\/p>\n<p>85 y\u0131l\u0131nda 49 g\u00fcn i\u00e7inde \u00fc\u00e7 se\u00e7im yap\u0131lm\u0131\u015f (Anayasa oylamas\u0131, Cumhurba\u015fkanl\u0131\u011f\u0131 ve milletvekilli\u011fi se\u00e7imleri) ve Anayasa oylamas\u0131 ile milletvekilli\u011fi se\u00e7imleri aras\u0131ndaki 49 g\u00fcnde se\u00e7men say\u0131s\u0131nda 3314 art\u0131\u015f olmu\u015ftur. Bu da, n\u00fcfus aktar\u0131m\u0131 ile se\u00e7imlere m\u00fcdahalenin bir \u00f6rne\u011fi olarak tarihimizde yerini alm\u0131\u015ft\u0131r.<\/p>\n<p>&nbsp;<\/p>\n<p>90 y\u0131l\u0131nda, bug\u00fcn h\u00e2l\u00e2 ya\u015fad\u0131\u011f\u0131m\u0131z gibi El\u00e7ilik mensuplar\u0131 k\u00f6y k\u00f6y gezip se\u00e7im \u00e7al\u0131\u015fmas\u0131 y\u00fcr\u00fctm\u00fc\u015f, TRT\u2019de tarafl\u0131 a\u00e7\u0131k oturum programlar\u0131 yap\u0131lm\u0131\u015f, Ziraat Bankas\u0131, TC Yard\u0131m Heyeti, K\u00f6yi\u015fleri Komisyonu, M\u0130T devreye sokulmu\u015ftur. D\u00f6nemin devrimcileri (Halk-Der), \u201cVilayete Vali mi Se\u00e7iyoruz? Ellerinizi Se\u00e7imlerden \u00c7ekin!\u201d ba\u015fl\u0131kl\u0131 bir bildiriyle halk\u0131 egemenlik m\u00fccadelesine omuz vermeye \u00e7a\u011f\u0131rm\u0131\u015ft\u0131r. Se\u00e7im sonu\u00e7lar\u0131 ise soldaki \u00fc\u00e7 partinin (YDP-TKP-CTP) birle\u015fmesine ra\u011fmen h\u00fcsrand\u0131r; UBP tek ba\u015f\u0131na %50\u2019yi ge\u00e7mi\u015ftir.<\/p>\n<p>&nbsp;<\/p>\n<p>H\u00fclasa, ge\u00e7ti\u011fimiz aylardaki Cumhurba\u015fkanl\u0131\u011f\u0131 se\u00e7imlerinde ya\u015fanan irademize aleni m\u00fcdahale, ne ilktir ne de bu i\u015fgal rejimi devam ettik\u00e7e son olacakt\u0131r.<\/p>\n<p>&nbsp;<\/p>\n<p><b>\u201cBiat de\u011fil \u00f6zg\u00fcrl\u00fck\u201d i\u00e7in \u201cse\u00e7im de\u011fil sokak\u201d<\/b><\/p>\n<p>&nbsp;<\/p>\n<p>\u00d6te yandan Ankara, sadece \u00fclkemizin y\u00f6netimine kimi se\u00e7ece\u011fimize kar\u0131\u015fmakla yetinmemektedir. Belki de bundan daha \u00f6nemlisi; ekonomik ve k\u00fclt\u00fcrel alandaki dayatmalard\u0131r. Neoliberal d\u00f6nemin ka\u00e7\u0131n\u0131lmaz sonucu olan ekonomik y\u0131k\u0131m paketleri, y\u0131llard\u0131r D\u00fcnya Bankas\u0131\u2019ndan T\u00fcrkiye\u2019ye, T\u00fcrkiye\u2019den de K\u0131br\u0131s\u2019a ithal edilmekte, ilk y\u0131llarda sendikalar\u0131n ve halk\u0131n b\u00fcy\u00fck tepkisiyle kar\u015f\u0131lansa da art\u0131k neredeyse kan\u0131ksanm\u0131\u015f durumdad\u0131r.<\/p>\n<p>&nbsp;<\/p>\n<p>K\u00fclt\u00fcrel asimilasyon ise K\u0131br\u0131s a\u011fz\u0131 konu\u015fan tiyatrocular\u0131n devlet radyo-televizyonundan at\u0131lmas\u0131ndan tutun da, \u00c7a\u011flayan \u00c7ocuk Bah\u00e7esi\u2019nin ad\u0131n\u0131n Ankara Park\u0131 olarak de\u011fi\u015ftirilmek istenmesine de\u011fin \u00e7e\u015fitli y\u00f6ntemlerle y\u0131llard\u0131r devam etmektedir. Bug\u00fcn binlerce insan\u0131n hep bir a\u011f\u0131zdan hayk\u0131rd\u0131\u011f\u0131 \u201cAnkara Elini Yakam\u0131zdan \u00c7ek\u201d slogan\u0131, o g\u00fcnlerin direni\u015finin bir arma\u011fan\u0131d\u0131r.<\/p>\n<p>&nbsp;<\/p>\n<p>AKP d\u00f6neminde, asimilasyon ve T\u00fcrkle\u015ftirme \u00e7abalar\u0131na bir de S\u00fcnni \u0130slamla\u015ft\u0131rma ve muhafazak\u00e2rla\u015ft\u0131rma eklenmi\u015f; \u00fclkemizin laik ya\u015fam bi\u00e7imini zedeleyecek politikalar, gerek e\u011fitim kurumlar\u0131 gerekse Vak\u0131flar ve Din \u0130\u015fleri Dairesi vas\u0131tas\u0131yla adam\u0131za yay\u0131lm\u0131\u015ft\u0131r. Ayr\u0131ca yap\u0131lmas\u0131 a\u015famas\u0131nda, teknik i\u00e7eri\u011fi sebebiyle halk\u0131n pek dikkatini \u00e7ekmeyen ancak uygulanmas\u0131 esnas\u0131nda g\u00fcnl\u00fck ya\u015fam\u0131m\u0131z\u0131n i\u00e7ine giren, TC-kktc aras\u0131ndaki anla\u015fmalar\u0131n hemen hepsi i\u00e7 i\u015flerimize kar\u0131\u015fma hakk\u0131 vermektedir. Haberle\u015fme, MOBESE, tar\u0131m, su y\u00f6netimi gibi \u00f6nemli konulardaki bu gibi anla\u015fmalar Meclis\u2019te onaylanmakta ve m\u00fcdahale, halk\u0131n vekilleri eliyle yasal hale getirilmektedir.<\/p>\n<p>&nbsp;<\/p>\n<p>T\u00fcm bunlara biat edilir, sokakta tepki verilmez ve dayatmalara kar\u015f\u0131 politik tav\u0131r sadece se\u00e7im zaman\u0131na s\u0131k\u0131\u015ft\u0131r\u0131l\u0131rsa \u00f6zg\u00fcrl\u00fc\u011fe giden yolun a\u00e7\u0131lamayaca\u011f\u0131 a\u015fik\u00e2rd\u0131r.<\/p>\n<p>&nbsp;<\/p>\n<p><b>Yenilmedik, se\u00e7imi kaybettik<\/b><\/p>\n<p>&nbsp;<\/p>\n<p>2020 Cumhurba\u015fkanl\u0131\u011f\u0131 se\u00e7imleri bizlere g\u00f6stermi\u015ftir ki, halk\u0131m\u0131z\u0131n %49\u2019a yak\u0131n bir kesimi, federal bir K\u0131br\u0131s, laik bir ya\u015fam ve kendi irademizi \u00f6zg\u00fcrce ya\u015fama istencindedir. Unutulmamal\u0131d\u0131r ki bu umut verici kalabal\u0131\u011f\u0131n i\u00e7erisinde T\u00fcrkiye k\u00f6kenli yurtta\u015flar da vard\u0131r ve se\u00e7imin faturas\u0131n\u0131 T\u00fcrkiyeli-K\u0131br\u0131sl\u0131 ay\u0131r\u0131m\u0131 \u00fczerinden kesmeye \u00e7al\u0131\u015fmak m\u00fccadeleye b\u00fcy\u00fck zarar verecektir. \u0130nsanlar\u0131m\u0131z\u0131n oy satacak duruma gelmesi, T\u00fcrkiye&#8217;de AKP&#8217;nin y\u0131llard\u0131r \u00fcretti\u011fi sadakaya dayal\u0131 siyasi y\u00f6nlendirmelere ve g\u00f6stermelik milliyet\u00e7i manip\u00fclasyonlara a\u00e7\u0131k bir kitle yarat\u0131ld\u0131\u011f\u0131n\u0131n g\u00f6stergesidir. S\u00fcrd\u00fcr\u00fclebilir yoksullu\u011fa mahk\u00fbm edilmi\u015f insanlar\u0131n ya\u015fad\u0131\u011f\u0131 yerellerde s\u0131n\u0131f temelli, yerel sorunlara y\u00f6nelik kamusal hak m\u00fccadelelerine dayanan bir siyaset \u00f6rg\u00fctlenmeli, yoksullu\u011fun kader olmad\u0131\u011f\u0131, daha iyi bir ya\u015fam\u0131n m\u00fcmk\u00fcn oldu\u011fu bu b\u00f6lgeler i\u00e7in de ger\u00e7ek\u00e7i bir hedef haline getirilmelidir. <b><\/b><\/p>\n<p>&nbsp;<\/p>\n<p>Bug\u00fcn asgari \u00fccretin artmas\u0131, her b\u00f6lgeye kad\u0131n s\u0131\u011f\u0131nma evleri yap\u0131lmas\u0131, e\u011fitim ve sa\u011fl\u0131\u011f\u0131n bedava ve nitelikli olmas\u0131 gibi taleplerle, \u00f6rg\u00fctl\u00fc bir \u015fekilde m\u00fccadeleye kat\u0131lmak, yar\u0131n se\u00e7imi de kazanaca\u011f\u0131m\u0131z\u0131n tek garantisidir.<\/p>\n<p>&nbsp;<\/p>\n<p>Yol uzun, hedef uzaktad\u0131r ancak \u00fcnl\u00fc yazar John Steinbeck\u2019in \u201cAy Batarken\u201d roman\u0131nda anlatt\u0131\u011f\u0131 gibi: \u201cZorbal\u0131\u011f\u0131n oldu\u011fu yerde direni\u015f ve \u00f6zg\u00fcrl\u00fck m\u00fccadelesi en do\u011fal hakt\u0131r.\u201d<\/p>\n<p>&nbsp;<\/p>\n<p>&nbsp;<\/p>\n<p>&nbsp;<\/p>\n<p><i>Kaynaklar: <\/i><\/p>\n<p>&nbsp;<\/p>\n<p><i>1-\u00a0\u00a0\u00a0 <\/i><i>K\u0131br\u0131sl\u0131 T\u00fcrk Devrimci Hareketi (Halk-Der), M\u00fcn\u00fcr Rahvanc\u0131o\u011flu, Kalkedon Yay\u0131nlar\u0131<\/i><\/p>\n<p>&nbsp;<\/p>\n<p><i>2-\u00a0\u00a0\u00a0 <\/i><i>TC\u2019den K\u0131br\u0131s\u2019a D\u0131\u015f M\u00fcdahaleler, Mehmet Hasg\u00fcler, Birikim Dergisi Say\u0131: 75 <\/i><\/p>\n<p>&nbsp;<\/p>\n<p><i>3-\u00a0\u00a0\u00a0 <\/i><i>Ge\u00e7mi\u015fi Bilmeden Gelece\u011fe Bakmak, Arif Hasan Tahsin, I\u015f\u0131k Kitabevi<\/i><\/p>\n<p>&nbsp;<\/p>\n<p><i>4-\u00a0\u00a0\u00a0 <\/i><i>Ba\u011f\u0131ms\u0131zl\u0131k Yolu Partisi\u2019nin \u201cSe\u00e7imler Son De\u011fil, M\u00fccadele S\u00fcr\u00fcyor\u201d ba\u015fl\u0131kl\u0131 Ekim 2020\u2019de yay\u0131mlanan bildirisi<\/i><\/p>\n<p>&nbsp;<\/p>\n<p>&nbsp;<\/p>\n<p>&nbsp;<\/p>\n","protected":false},"excerpt":{"rendered":"<p>Argasdi&#8217;nin &#8220;Umut Bitmez M\u00fccadele S\u00fcrer&#8221; dosyas\u0131ndan ge\u00e7mi\u015ften g\u00fcn\u00fcm\u00fcze irademize y\u00f6nelik m\u00fcdahaleleri i\u00e7eren, \u201cBEY\u201dden \u201cRE\u0130S\u201de \u0130rademize M\u00fcdahale ve M\u00fccadele, isimli makalemiz aktivistimiz Nazen \u015eansal&#8217;\u0131n taraf\u0131ndan yaz\u0131ld\u0131.<\/p>\n","protected":false},"author":7,"featured_media":7945,"comment_status":"open","ping_status":"open","sticky":false,"template":"","format":"standard","meta":{"jetpack_post_was_ever_published":false,"_jetpack_newsletter_access":"","_jetpack_newsletter_tier_id":0,"jetpack_publicize_message":"","jetpack_is_tweetstorm":false,"jetpack_publicize_feature_enabled":true,"jetpack_social_post_already_shared":true,"jetpack_social_options":{"image_generator_settings":{"template":"highway","enabled":false}}},"categories":[40,67,9,1,39],"tags":[],"jetpack_publicize_connections":[],"jetpack_featured_media_url":"https:\/\/baraka.cc\/wp-content\/uploads\/2021\/03\/unnamed.png","jetpack_shortlink":"https:\/\/wp.me\/p4eHWX-248","jetpack_sharing_enabled":true,"_links":{"self":[{"href":"https:\/\/baraka.cc\/index.php?rest_route=\/wp\/v2\/posts\/7944"}],"collection":[{"href":"https:\/\/baraka.cc\/index.php?rest_route=\/wp\/v2\/posts"}],"about":[{"href":"https:\/\/baraka.cc\/index.php?rest_route=\/wp\/v2\/types\/post"}],"author":[{"embeddable":true,"href":"https:\/\/baraka.cc\/index.php?rest_route=\/wp\/v2\/users\/7"}],"replies":[{"embeddable":true,"href":"https:\/\/baraka.cc\/index.php?rest_route=%2Fwp%2Fv2%2Fcomments&post=7944"}],"version-history":[{"count":1,"href":"https:\/\/baraka.cc\/index.php?rest_route=\/wp\/v2\/posts\/7944\/revisions"}],"predecessor-version":[{"id":7946,"href":"https:\/\/baraka.cc\/index.php?rest_route=\/wp\/v2\/posts\/7944\/revisions\/7946"}],"wp:featuredmedia":[{"embeddable":true,"href":"https:\/\/baraka.cc\/index.php?rest_route=\/wp\/v2\/media\/7945"}],"wp:attachment":[{"href":"https:\/\/baraka.cc\/index.php?rest_route=%2Fwp%2Fv2%2Fmedia&parent=7944"}],"wp:term":[{"taxonomy":"category","embeddable":true,"href":"https:\/\/baraka.cc\/index.php?rest_route=%2Fwp%2Fv2%2Fcategories&post=7944"},{"taxonomy":"post_tag","embeddable":true,"href":"https:\/\/baraka.cc\/index.php?rest_route=%2Fwp%2Fv2%2Ftags&post=7944"}],"curies":[{"name":"wp","href":"https:\/\/api.w.org\/{rel}","templated":true}]}}