{"id":7955,"date":"2021-03-07T11:52:49","date_gmt":"2021-03-07T09:52:49","guid":{"rendered":"https:\/\/baraka.cc\/?p=7955"},"modified":"2021-03-07T11:52:49","modified_gmt":"2021-03-07T09:52:49","slug":"ataerkil-kapitalizmin-maskesini-dusuruyoruz-mesafe-koyuyoruz-bu-somuru-duzenini-yikiyoruz-2","status":"publish","type":"post","link":"https:\/\/baraka.cc\/?p=7955","title":{"rendered":"&#8220;Ataerkil Kapitalizmin Maskesini D\u00fc\u015f\u00fcr\u00fcyoruz, Mesafe Koyuyoruz, Bu S\u00f6m\u00fcr\u00fc D\u00fczenini Y\u0131k\u0131yoruz!&#8221;"},"content":{"rendered":"<p>Y\u0131llard\u0131r ba\u015f\u0131m\u0131za bela olan ataerkil kapitalizm, pandemi d\u00f6neminde biz kad\u0131nlar\u0131n ya\u015fam\u0131n\u0131 daha da g\u00fc\u00e7le\u015ftirdi. Kimimiz \u015fiddet g\u00f6rd\u00fc\u011f\u00fcm\u00fcz eve k\u0131s\u0131ld\u0131k, kimimiz i\u015fsiz kald\u0131k, kimimiz t\u00fcm ailenin hizmet\u00e7ili\u011fini 7\/24 \u00fcstlenmek durumunda b\u0131rak\u0131ld\u0131k, kimimiz patronun katmerlenen s\u00f6m\u00fcr\u00fcs\u00fcne mecburen boyun e\u011fdik. Koronan\u0131n y\u00fck\u00fc bizim omuzumuzda ama mutfaktaki tencere ne h\u00fck\u00fcmetin ne de patronlar\u0131n umurunda! Hayat gittik\u00e7e pahal\u0131la\u015f\u0131rken asgari \u00fccret yerinde say\u0131yor. Hasta veya karantinada olup i\u015fe gidemeyenler, i\u015f g\u00fcvenceli olan \u015fansl\u0131 bir kesimden de\u011filse maa\u015f\u0131n\u0131 alam\u0131yor, yoksullu\u011fa mahkum ediliyor. Sa\u011fl\u0131k \u00e7al\u0131\u015fan\u0131 k\u0131z karde\u015flerimiz, &#8220;beyaz melekler&#8221; bir yandan h\u00fck\u00fcmetin basiretsizli\u011fi bir yandan da hastanelerimizdeki imkans\u0131zl\u0131klar i\u00e7inde s\u00fcrd\u00fcr\u00fcyor kutsal g\u00f6revini. Gece kul\u00fcpleri, h\u00fck\u00fcmetin ve pezevenklerin, kad\u0131nlar\u0131n insan haklar\u0131n\u0131 ihlal etmeleri yetmezmi\u015f gibi, seks i\u015f\u00e7ilerinin\/k\u00f6lelerinin sa\u011fl\u0131\u011f\u0131n\u0131 da tehlikeye atarak, bu d\u00f6nemde dahi en son kapanan, ilk a\u00e7\u0131lan ve hi\u00e7 denetlenmeyen yerlerden biri oluyor. Bir yandan muhafazakarla\u015fma dayat\u0131l\u0131p l\u00fczumlu-l\u00fczumsuz camiler yap\u0131l\u0131rken, artan \u015fiddet vakalar\u0131na ra\u011fmen sosyal hizmetlere ve s\u0131\u011f\u0131nma evine b\u00fct\u00e7e ayr\u0131lm\u0131yor. \u0130zolasyon ve yaln\u0131zl\u0131k yava\u015f yava\u015f t\u00fcm toplumu sar\u0131p sarmal\u0131yor ve bu da kolektivitenin ve dayan\u0131\u015fman\u0131n g\u00fcc\u00fcnden korkan sistemin i\u015fine geliyor.<\/p>\n<p>K\u0131sacas\u0131 maske-mesafe-hijyen diye bas bas ba\u011f\u0131ran pandemi d\u00f6nemi asl\u0131nda patriyarkal kapitalizmin maskesini d\u00fc\u015f\u00fcr\u00fcyor. Kad\u0131nlar\u0131n, kendilerini iki kez ezen bu sisteme, daha bir mesafelenmesini sa\u011fl\u0131yor. Ve e\u015fitsiz cinsiyet rollerinin hijyen sa\u011flama g\u00f6revini verdi\u011fi biz kad\u0131nlar, maskesini d\u00fc\u015f\u00fcr\u00fcp mesafe koydu\u011fumuz ataerkil kapitalizmi y\u0131k\u0131yoruz!<\/p>\n<p>8 Mart&#8217;ta soka\u011fa \u00e7\u0131k\u0131yoruz!<\/p>\n<p>17.30&#8217;da Pronto \u00e7emberinde bulu\u015fup &#8220;art\u0131k yeter!&#8221; diye hayk\u0131r\u0131yoruz.<\/p>\n<p>\u00c7\u00fcnk\u00fc koronan\u0131n a\u015f\u0131s\u0131 var ama ataerkinin ve emek s\u00f6m\u00fcr\u00fcs\u00fcn\u00fcn m\u00fccadele d\u0131\u015f\u0131nda bir ilac\u0131 yok!<\/p>\n<p>Baraka K\u00fclt\u00fcr Merkezi<\/p>\n","protected":false},"excerpt":{"rendered":"<p>Y\u0131llard\u0131r ba\u015f\u0131m\u0131za bela olan ataerkil kapitalizm, pandemi d\u00f6neminde biz kad\u0131nlar\u0131n ya\u015fam\u0131n\u0131 daha da g\u00fc\u00e7le\u015ftirdi. Kimimiz \u015fiddet g\u00f6rd\u00fc\u011f\u00fcm\u00fcz eve k\u0131s\u0131ld\u0131k, kimimiz i\u015fsiz kald\u0131k, kimimiz t\u00fcm ailenin<\/p>\n","protected":false},"author":9,"featured_media":7956,"comment_status":"open","ping_status":"open","sticky":false,"template":"","format":"standard","meta":{"jetpack_post_was_ever_published":false,"_jetpack_newsletter_access":"","_jetpack_newsletter_tier_id":0,"jetpack_publicize_message":"","jetpack_is_tweetstorm":false,"jetpack_publicize_feature_enabled":true,"jetpack_social_post_already_shared":true,"jetpack_social_options":{"image_generator_settings":{"template":"highway","enabled":false}}},"categories":[53,45,47,9,1],"tags":[],"jetpack_publicize_connections":[],"jetpack_featured_media_url":"https:\/\/baraka.cc\/wp-content\/uploads\/2021\/03\/resim.jpg","jetpack_shortlink":"https:\/\/wp.me\/p4eHWX-24j","jetpack_sharing_enabled":true,"_links":{"self":[{"href":"https:\/\/baraka.cc\/index.php?rest_route=\/wp\/v2\/posts\/7955"}],"collection":[{"href":"https:\/\/baraka.cc\/index.php?rest_route=\/wp\/v2\/posts"}],"about":[{"href":"https:\/\/baraka.cc\/index.php?rest_route=\/wp\/v2\/types\/post"}],"author":[{"embeddable":true,"href":"https:\/\/baraka.cc\/index.php?rest_route=\/wp\/v2\/users\/9"}],"replies":[{"embeddable":true,"href":"https:\/\/baraka.cc\/index.php?rest_route=%2Fwp%2Fv2%2Fcomments&post=7955"}],"version-history":[{"count":1,"href":"https:\/\/baraka.cc\/index.php?rest_route=\/wp\/v2\/posts\/7955\/revisions"}],"predecessor-version":[{"id":7957,"href":"https:\/\/baraka.cc\/index.php?rest_route=\/wp\/v2\/posts\/7955\/revisions\/7957"}],"wp:featuredmedia":[{"embeddable":true,"href":"https:\/\/baraka.cc\/index.php?rest_route=\/wp\/v2\/media\/7956"}],"wp:attachment":[{"href":"https:\/\/baraka.cc\/index.php?rest_route=%2Fwp%2Fv2%2Fmedia&parent=7955"}],"wp:term":[{"taxonomy":"category","embeddable":true,"href":"https:\/\/baraka.cc\/index.php?rest_route=%2Fwp%2Fv2%2Fcategories&post=7955"},{"taxonomy":"post_tag","embeddable":true,"href":"https:\/\/baraka.cc\/index.php?rest_route=%2Fwp%2Fv2%2Ftags&post=7955"}],"curies":[{"name":"wp","href":"https:\/\/api.w.org\/{rel}","templated":true}]}}