{"id":7962,"date":"2021-03-11T10:10:03","date_gmt":"2021-03-11T08:10:03","guid":{"rendered":"https:\/\/baraka.cc\/?p=7962"},"modified":"2021-03-11T10:21:20","modified_gmt":"2021-03-11T08:21:20","slug":"8-martta-kadinlar-sokakta-mucadelede","status":"publish","type":"post","link":"https:\/\/baraka.cc\/?p=7962","title":{"rendered":"8 Mart&#8217;ta Kad\u0131nlar Sokaklarda Hayk\u0131rd\u0131: &#8220;Saray De\u011fil S\u0131\u011f\u0131nmaevi&#8221;"},"content":{"rendered":"<div dir=\"auto\">8 Mart Organizasyon Komitesinin (Kad\u0131n E\u011fitimi Kolektifi, Ba\u011f\u0131ms\u0131zl\u0131k Yolu, Baraka K\u00fclt\u00fcr Merkezi, G\u00dc\u00c7-SEN, HAK-SEN, KTOE\u00d6S, TDP, TDP TOCEK, TDP GEN\u00c7L\u0130K), pandemi ko\u015fullar\u0131na uygun bir \u015fekilde d\u00fczenledi\u011fi 8 Mart D\u00fcnya Emek\u00e7i Kad\u0131nlar g\u00fcn\u00fc y\u00fcr\u00fcy\u00fc\u015f\u00fc, Lefko\u015fa&#8217;da maskeli ve mesafeli bir \u015fekilde ger\u00e7ekle\u015ftirildi.<\/div>\n<div dir=\"auto\"><\/div>\n<div dir=\"auto\">Pronto \u00e7emberinden ba\u015flay\u0131p Meclis \u00f6n\u00fcnde biten y\u00fcr\u00fcy\u00fc\u015f\u00fcn ba\u015f\u0131nda Ekmek ve G\u00fcller adl\u0131 \u015fiir okunarak kad\u0131n m\u00fccadelesi temal\u0131 \u00e7e\u015fitli \u015fark\u0131lar dinlendi. Y\u00fcr\u00fcy\u00fc\u015f boyunca &#8220;Kad\u0131n, emek, \u00f6zg\u00fcrl\u00fck&#8221;, &#8220;Mutfaktaki tencere kimin umrunda, d\u00fcnyan\u0131n y\u00fck\u00fc benim omzumda&#8221;, &#8220;Ataerki isyan, emek s\u00f6m\u00fcr\u00fcs\u00fc isyan, \u015fiddet isyan&#8221;, &#8220;Cami de\u011fil s\u0131\u011f\u0131nma evi&#8221;, &#8220;Saray de\u011fil, s\u0131\u011f\u0131nma evi&#8221;, &#8220;Ataerki vir\u00fcsten daha tehlikelidir&#8221; gibi sloganlar at\u0131ld\u0131. Meclis \u00f6n\u00fcnde bildiri okunmas\u0131yla son bulan eylemin bu y\u0131lki temas\u0131 \u201cKad\u0131nlar Devletten ve Patronlardan Alacakl\u0131\u201d oldu.<\/div>\n<div dir=\"auto\"><\/div>\n<div dir=\"auto\">8 Mart Organizasyon Komitesinin bu y\u0131l ki bile\u015fenlerini olu\u015fturan \u00f6rg\u00fctlerin ortak bildirisinde, kad\u0131nlar\u0131n pandemi d\u00f6neminde daha da yoksulla\u015ft\u0131r\u0131ld\u0131\u011f\u0131na, i\u015f y\u00fck\u00fcn\u00fcn daha da artt\u0131\u011f\u0131na, ev izolasyonu s\u00fcresince artan \u00e7ocuk bak\u0131m\u0131, ev i\u015fleri ve evden \u00e7al\u0131\u015fman\u0131n zorlu\u011funa, asgari \u00fccretin insani bir ya\u015fam s\u00fcrd\u00fcr\u00fclebilmesi i\u00e7in yetersiz oldu\u011funa vurgu yap\u0131ld\u0131. Bildirinin tam metni \u015f\u00f6yle;<\/div>\n<div dir=\"auto\">\n<p><i>Kad\u0131nlar Devletten ve Patronlardan Alacakl\u0131! <\/i><\/p>\n<p><i>Pandemi ile birlikte en \u00e7ok biz kad\u0131nlar\u0131n hayatlar\u0131 daha da zorla\u015fm\u0131\u015ft\u0131r. \u00d6nceleri i\u015f yerinde ayr\u0131 evde ayr\u0131 mesai yap\u0131p sadece i\u015f yerinde eme\u011fini satarak \u00fccret alan kad\u0131nlar i\u00e7in i\u015f y\u00fck\u00fc daha da artm\u0131\u015f durumda. <\/i><\/p>\n<p><i>Ev izolasyonunda artan ev i\u015fleri ve bak\u0131m y\u00fck\u00fc, evde \u00e7ocuklar varken evden \u00e7al\u0131\u015fman\u0131n zorlay\u0131c\u0131l\u0131\u011f\u0131, \u00e7al\u0131\u015f\u0131yor olmam\u0131za ra\u011fmen eksik maa\u015f \u00f6denmemiz, pandemi s\u00fcrecinde i\u015fimizi kaybetmemiz kad\u0131nlar olarak bu s\u00fcre\u00e7te ya\u015fad\u0131\u011f\u0131m\u0131z g\u00fc\u00e7l\u00fcklerin sadece baz\u0131lar\u0131. Kapanma s\u00fcreci bizleri deyim yerindeyse ev i\u00e7i k\u00f6leye d\u00f6n\u00fc\u015ft\u00fcrm\u00fc\u015ft\u00fcr. Evden \u00e7al\u0131\u015fanlar\u0131m\u0131z i\u00e7in mesai saatleri hepten ortadan kalkm\u0131\u015f ve uzayan \u00e7al\u0131\u015fma saatlerine ra\u011fmen yap\u0131lan maa\u015f kesintileri daha da fakirle\u015fmemize neden olmu\u015ftur. <\/i><\/p>\n<p><i>Ev izolasyonu, herkesin evlere kapal\u0131 olmas\u0131, \u00e7ocuklar\u0131n okula gidemiyor olmas\u0131, ya\u015fanan maddi s\u0131k\u0131nt\u0131lar\u0131n yol a\u00e7t\u0131\u011f\u0131 gerilimler de birle\u015fince ev i\u00e7i \u015fiddet ve \u00e7ocuk istismar\u0131 olaylar\u0131 artm\u0131\u015ft\u0131r. \u0130\u00e7inden ge\u00e7ti\u011fimiz s\u00fcre\u00e7te gazetelere e\u015f \u015fiddeti, \u00e7ocu\u011fa cinsel istismar vb. haberlerin yans\u0131mad\u0131\u011f\u0131 bir g\u00fcn dahi ya\u015fanmam\u0131\u015ft\u0131r. Resmi makamlara yans\u0131mam\u0131\u015f, s\u00fcregelen \u015fiddet ve istismar vakalar\u0131n\u0131 \u00f6nlemek ad\u0131na devletin hi\u00e7bir sosyal giri\u015fimi olmam\u0131\u015ft\u0131r. Y\u0131l 2021 olmu\u015f, halen \u015fiddet \u00f6nleme merkezleri, kad\u0131n s\u0131\u011f\u0131nma evleri ve \u00e7ocuk izlem merkezleri kurulmam\u0131\u015ft\u0131r. H\u00fck\u00fcmet \u00e7al\u0131\u015fan, i\u015fsiz, ev emek\u00e7isi kad\u0131nlar\u0131n insani bir ya\u015fam s\u00fcrd\u00fcrecek geliri elde etmesini sa\u011flayacak ekonomik \u00f6nlemler almad\u0131\u011f\u0131 gibi, sosyal \u00f6nlemler de almayarak biz kad\u0131nlar\u0131 tamamen \u015fiddete a\u00e7\u0131k hale getirmi\u015ftir. <\/i><\/p>\n<p><i>Gittik\u00e7e fakirle\u015fen haneler sonucunda psikolojik s\u0131k\u0131nt\u0131 ya\u015fayan bireyler aras\u0131nda kad\u0131nlar maalesef \u00e7o\u011funluktad\u0131r. Ev ge\u00e7indirme ve \u00e7ocuk bak\u0131m\u0131 i\u00e7in yetersiz maddi ko\u015fullar sonucunda kad\u0131nlar psikolojik s\u0131k\u0131nt\u0131lar \u00e7ekmeye ba\u015flam\u0131\u015f ve ne maddi ne manevi destek alabilecekleri kamusal bir merkeze dahi ba\u015fvuramam\u0131\u015flard\u0131r. H\u00fck\u00fcmetin elektrik, su ve insani yard\u0131m yan\u0131nda bu d\u00f6nemde ihtiyac\u0131 olan insanlar\u0131n ba\u015fvurabilece\u011fi merkezler kurmal\u0131 ve \u00fccretsiz psikolojik destek imkanlar\u0131 sunmal\u0131d\u0131r. Bir\u00e7ok kad\u0131n yine bu d\u00f6nemde i\u015ften \u00e7\u0131kar\u0131lm\u0131\u015f veya ciddi maa\u015f kesintilerine maaruz kalm\u0131\u015ft\u0131r. \u0130\u015f yerinde mobbinge, tacize u\u011frayan k\u0131z karde\u015flerimiz b\u00f6yle s\u0131k\u0131nt\u0131l\u0131 bir d\u00f6nemde i\u015flerini kaybetmemek ad\u0131na k\u00f6t\u00fc muameleye maruz kalmaya devam etmektedir. Bir y\u0131l\u0131 a\u015fk\u0131n s\u00fcredir art\u0131r\u0131lmayan asgari \u00fccretin binbir dalavare ile ge\u00e7ti\u011fimiz haftalarda belirlendi\u011fi miktar ise halen insani bir ya\u015fam s\u00fcrd\u00fcrebilmenin \u00e7ok gerisindedir. <\/i><\/p>\n<p><i>Her ge\u00e7en g\u00fcn, \u00e7al\u0131\u015farak ya\u015fam\u0131n\u0131 kazanabilen kesimler i\u00e7in ekonomik ko\u015fullar k\u00f6t\u00fcle\u015firken biz kad\u0131nlar\u0131n art\u0131k daha da fakirle\u015fmeye, s\u00f6m\u00fcr\u00fcye, \u015fiddete zerre tahamm\u00fcl\u00fcm\u00fc kalmam\u0131\u015ft\u0131r. <\/i><\/p>\n<p><i>H\u00fck\u00fcmet edenlerden taleplerimiz nettir! <\/i><\/p>\n<p><i>-Her b\u00f6lgeye \u015fiddet \u00f6nleme merkezleri ve kad\u0131n s\u0131\u011f\u0131nma evi istiyoruz! <\/i><\/p>\n<p><i>-\u00c7ocuklar\u0131n okula gitmedi\u011fi d\u00f6nemde artan istismar vakalar\u0131 da g\u00f6zetilerek \u00e7ocuk izlem merkezlerinin bir an evvel kurulmas\u0131na \u00f6ncelik verilmelidir.<\/i><\/p>\n<p><i>\u00a0-Sosyal hizmetler Dairesi&#8217;nin fakirlere yard\u0131m da\u011f\u0131tan bir dernek gibi de\u011fil, \u00fclkemizde ya\u015fayan insanlar\u0131 sosyal olarak koruyan bir devlet kurumu olarak \u00e7al\u0131\u015fabilmesi i\u00e7in daha fazla b\u00fct\u00e7e ve personel sa\u011flanmal\u0131d\u0131r.<\/i><\/p>\n<p><i>\u00a0-Asgari \u00fccret en d\u00fc\u015f\u00fck kamu maa\u015f\u0131na sabitlenecek \u015fekilde yasal d\u00fczenleme yap\u0131larak bu k\u00f6hne ve k\u00fcfl\u00fc komisyon la\u011fvedilmelidir.<\/i><\/p>\n<p><i>\u00a0-Maddi s\u0131k\u0131nt\u0131 \u00e7eken kad\u0131nlar ve toplumun her kesimine elektrik, su, g\u0131da vb temel ihtiyac\u0131n\u0131 kar\u015f\u0131layacak devlet deste\u011fi sunulmal\u0131d\u0131r. <\/i><\/p>\n<p><i>-\u00d6zel sekt\u00f6rde sendikala\u015fman\u0131n sa\u011flanabilmesi i\u00e7in h\u00fck\u00fcmet \u00f6zel d\u00fczenleme ve uygulamarda bulunmal\u0131d\u0131r. <\/i><\/p>\n<p><i>-Kamusal kre\u015f ve et\u00fct merkezleri hayata ge\u00e7irilmelidir.<\/i><\/p>\n<p><i>\u00a0-Kad\u0131nlara do\u011fum izni yerine her iki ebeveynin de yeni do\u011fan \u00e7ocu\u011funa bakabilmesini sa\u011flayacak ebeveynlik izni yasala\u015fmal\u0131, hamileyken kad\u0131nlar\u0131 i\u015ften \u00e7\u0131karmak yasaklanmal\u0131d\u0131r . <\/i><\/p>\n<p><i>Kad\u0131nlar devletten ve patronlardan alacakl\u0131d\u0131r. Ellerimiz, kad\u0131nlar\u0131n hayat\u0131n\u0131 ya\u015fanmaz k\u0131lan herkesin yakas\u0131ndad\u0131r. <\/i><\/p>\n<p><i>Eme\u011fimizin s\u00f6m\u00fcr\u00fclmeyece\u011fi, bedenlerimizin \u00f6zg\u00fcrle\u015feyece\u011fi, ya\u015famlar\u0131m\u0131z\u0131n insanca ko\u015fullara eri\u015fece\u011fi ana dek m\u00fccadelemiz s\u00fcrecektir. <\/i><\/p>\n<p><i>Ya\u015fas\u0131n 8 Mart! <\/i><\/p>\n<p><i>Ya\u015fas\u0131n Emek\u00e7i Kad\u0131nlar\u0131n M\u00fccadelesi! <\/i><\/p>\n<p><i>8 Mart Organizasyon Komitesi<\/i><\/p>\n<\/div>\n<div dir=\"auto\"><\/div>\n<div dir=\"auto\"><a href=\"https:\/\/baraka.cc\/wp-content\/uploads\/2021\/03\/x.jpg\"><img decoding=\"async\" loading=\"lazy\" class=\"alignnone size-medium wp-image-7983\" alt=\"x\" src=\"https:\/\/baraka.cc\/wp-content\/uploads\/2021\/03\/x-300x225.jpg\" width=\"300\" height=\"225\" srcset=\"https:\/\/baraka.cc\/wp-content\/uploads\/2021\/03\/x-300x225.jpg 300w, https:\/\/baraka.cc\/wp-content\/uploads\/2021\/03\/x.jpg 960w\" sizes=\"(max-width: 300px) 100vw, 300px\" \/><\/a> <a href=\"https:\/\/baraka.cc\/wp-content\/uploads\/2021\/03\/q.jpg\"><img decoding=\"async\" loading=\"lazy\" class=\"alignnone size-medium wp-image-7982\" alt=\"q\" src=\"https:\/\/baraka.cc\/wp-content\/uploads\/2021\/03\/q-300x225.jpg\" width=\"300\" height=\"225\" srcset=\"https:\/\/baraka.cc\/wp-content\/uploads\/2021\/03\/q-300x225.jpg 300w, https:\/\/baraka.cc\/wp-content\/uploads\/2021\/03\/q.jpg 960w\" sizes=\"(max-width: 300px) 100vw, 300px\" \/><\/a> <a href=\"https:\/\/baraka.cc\/wp-content\/uploads\/2021\/03\/20.jpg\"><img decoding=\"async\" loading=\"lazy\" class=\"alignnone size-medium wp-image-7981\" alt=\"20\" src=\"https:\/\/baraka.cc\/wp-content\/uploads\/2021\/03\/20-300x225.jpg\" width=\"300\" height=\"225\" srcset=\"https:\/\/baraka.cc\/wp-content\/uploads\/2021\/03\/20-300x225.jpg 300w, https:\/\/baraka.cc\/wp-content\/uploads\/2021\/03\/20.jpg 960w\" sizes=\"(max-width: 300px) 100vw, 300px\" \/><\/a> <a href=\"https:\/\/baraka.cc\/wp-content\/uploads\/2021\/03\/19.jpg\"><img decoding=\"async\" loading=\"lazy\" class=\"alignnone size-medium wp-image-7980\" alt=\"19\" src=\"https:\/\/baraka.cc\/wp-content\/uploads\/2021\/03\/19-300x225.jpg\" width=\"300\" height=\"225\" srcset=\"https:\/\/baraka.cc\/wp-content\/uploads\/2021\/03\/19-300x225.jpg 300w, https:\/\/baraka.cc\/wp-content\/uploads\/2021\/03\/19.jpg 960w\" sizes=\"(max-width: 300px) 100vw, 300px\" \/><\/a> <a href=\"https:\/\/baraka.cc\/wp-content\/uploads\/2021\/03\/18.jpg\"><img decoding=\"async\" loading=\"lazy\" class=\"alignnone size-medium wp-image-7979\" alt=\"18\" src=\"https:\/\/baraka.cc\/wp-content\/uploads\/2021\/03\/18-225x300.jpg\" width=\"225\" height=\"300\" srcset=\"https:\/\/baraka.cc\/wp-content\/uploads\/2021\/03\/18-225x300.jpg 225w, https:\/\/baraka.cc\/wp-content\/uploads\/2021\/03\/18.jpg 720w\" sizes=\"(max-width: 225px) 100vw, 225px\" \/><\/a> <a href=\"https:\/\/baraka.cc\/wp-content\/uploads\/2021\/03\/17.jpg\"><img decoding=\"async\" loading=\"lazy\" class=\"alignnone size-medium wp-image-7978\" alt=\"17\" src=\"https:\/\/baraka.cc\/wp-content\/uploads\/2021\/03\/17-300x225.jpg\" width=\"300\" height=\"225\" srcset=\"https:\/\/baraka.cc\/wp-content\/uploads\/2021\/03\/17-300x225.jpg 300w, https:\/\/baraka.cc\/wp-content\/uploads\/2021\/03\/17.jpg 960w\" sizes=\"(max-width: 300px) 100vw, 300px\" \/><\/a> <a href=\"https:\/\/baraka.cc\/wp-content\/uploads\/2021\/03\/16.jpg\"><img decoding=\"async\" loading=\"lazy\" class=\"alignnone size-medium wp-image-7977\" alt=\"16\" src=\"https:\/\/baraka.cc\/wp-content\/uploads\/2021\/03\/16-300x225.jpg\" width=\"300\" height=\"225\" srcset=\"https:\/\/baraka.cc\/wp-content\/uploads\/2021\/03\/16-300x225.jpg 300w, https:\/\/baraka.cc\/wp-content\/uploads\/2021\/03\/16.jpg 960w\" sizes=\"(max-width: 300px) 100vw, 300px\" \/><\/a> <a href=\"https:\/\/baraka.cc\/wp-content\/uploads\/2021\/03\/15.jpg\"><img decoding=\"async\" loading=\"lazy\" class=\"alignnone size-medium wp-image-7976\" alt=\"15\" src=\"https:\/\/baraka.cc\/wp-content\/uploads\/2021\/03\/15-300x225.jpg\" width=\"300\" height=\"225\" srcset=\"https:\/\/baraka.cc\/wp-content\/uploads\/2021\/03\/15-300x225.jpg 300w, https:\/\/baraka.cc\/wp-content\/uploads\/2021\/03\/15.jpg 960w\" sizes=\"(max-width: 300px) 100vw, 300px\" \/><\/a> <a href=\"https:\/\/baraka.cc\/wp-content\/uploads\/2021\/03\/14.jpg\"><img decoding=\"async\" loading=\"lazy\" class=\"alignnone size-medium wp-image-7975\" alt=\"14\" src=\"https:\/\/baraka.cc\/wp-content\/uploads\/2021\/03\/14-300x225.jpg\" width=\"300\" height=\"225\" srcset=\"https:\/\/baraka.cc\/wp-content\/uploads\/2021\/03\/14-300x225.jpg 300w, https:\/\/baraka.cc\/wp-content\/uploads\/2021\/03\/14.jpg 960w\" sizes=\"(max-width: 300px) 100vw, 300px\" \/><\/a> <a href=\"https:\/\/baraka.cc\/wp-content\/uploads\/2021\/03\/13.jpg\"><img decoding=\"async\" loading=\"lazy\" class=\"alignnone size-medium wp-image-7974\" alt=\"13\" src=\"https:\/\/baraka.cc\/wp-content\/uploads\/2021\/03\/13-300x225.jpg\" width=\"300\" height=\"225\" srcset=\"https:\/\/baraka.cc\/wp-content\/uploads\/2021\/03\/13-300x225.jpg 300w, https:\/\/baraka.cc\/wp-content\/uploads\/2021\/03\/13.jpg 960w\" sizes=\"(max-width: 300px) 100vw, 300px\" \/><\/a> <a href=\"https:\/\/baraka.cc\/wp-content\/uploads\/2021\/03\/12.jpg\"><img decoding=\"async\" loading=\"lazy\" class=\"alignnone size-medium wp-image-7973\" alt=\"12\" src=\"https:\/\/baraka.cc\/wp-content\/uploads\/2021\/03\/12-300x225.jpg\" width=\"300\" height=\"225\" srcset=\"https:\/\/baraka.cc\/wp-content\/uploads\/2021\/03\/12-300x225.jpg 300w, https:\/\/baraka.cc\/wp-content\/uploads\/2021\/03\/12.jpg 960w\" sizes=\"(max-width: 300px) 100vw, 300px\" \/><\/a> <a href=\"https:\/\/baraka.cc\/wp-content\/uploads\/2021\/03\/11.jpg\"><img decoding=\"async\" loading=\"lazy\" class=\"alignnone size-medium wp-image-7972\" alt=\"11\" src=\"https:\/\/baraka.cc\/wp-content\/uploads\/2021\/03\/11-300x225.jpg\" width=\"300\" height=\"225\" srcset=\"https:\/\/baraka.cc\/wp-content\/uploads\/2021\/03\/11-300x225.jpg 300w, https:\/\/baraka.cc\/wp-content\/uploads\/2021\/03\/11.jpg 960w\" sizes=\"(max-width: 300px) 100vw, 300px\" \/><\/a> <a href=\"https:\/\/baraka.cc\/wp-content\/uploads\/2021\/03\/9.jpg\"><img decoding=\"async\" loading=\"lazy\" class=\"alignnone size-medium wp-image-7971\" alt=\"9\" src=\"https:\/\/baraka.cc\/wp-content\/uploads\/2021\/03\/9-300x225.jpg\" width=\"300\" height=\"225\" srcset=\"https:\/\/baraka.cc\/wp-content\/uploads\/2021\/03\/9-300x225.jpg 300w, https:\/\/baraka.cc\/wp-content\/uploads\/2021\/03\/9.jpg 960w\" sizes=\"(max-width: 300px) 100vw, 300px\" \/><\/a> <a href=\"https:\/\/baraka.cc\/wp-content\/uploads\/2021\/03\/8.jpg\"><img decoding=\"async\" loading=\"lazy\" class=\"alignnone size-medium wp-image-7970\" alt=\"8\" src=\"https:\/\/baraka.cc\/wp-content\/uploads\/2021\/03\/8-300x225.jpg\" width=\"300\" height=\"225\" srcset=\"https:\/\/baraka.cc\/wp-content\/uploads\/2021\/03\/8-300x225.jpg 300w, https:\/\/baraka.cc\/wp-content\/uploads\/2021\/03\/8.jpg 960w\" sizes=\"(max-width: 300px) 100vw, 300px\" \/><\/a> <a href=\"https:\/\/baraka.cc\/wp-content\/uploads\/2021\/03\/7.jpg\"><img decoding=\"async\" loading=\"lazy\" class=\"alignnone size-medium wp-image-7969\" alt=\"7\" src=\"https:\/\/baraka.cc\/wp-content\/uploads\/2021\/03\/7-300x225.jpg\" width=\"300\" height=\"225\" srcset=\"https:\/\/baraka.cc\/wp-content\/uploads\/2021\/03\/7-300x225.jpg 300w, https:\/\/baraka.cc\/wp-content\/uploads\/2021\/03\/7.jpg 960w\" sizes=\"(max-width: 300px) 100vw, 300px\" \/><\/a> <a href=\"https:\/\/baraka.cc\/wp-content\/uploads\/2021\/03\/2.jpg\"><img decoding=\"async\" loading=\"lazy\" class=\"alignnone size-medium wp-image-7964\" alt=\"2\" src=\"https:\/\/baraka.cc\/wp-content\/uploads\/2021\/03\/2-300x225.jpg\" width=\"300\" height=\"225\" srcset=\"https:\/\/baraka.cc\/wp-content\/uploads\/2021\/03\/2-300x225.jpg 300w, https:\/\/baraka.cc\/wp-content\/uploads\/2021\/03\/2.jpg 960w\" sizes=\"(max-width: 300px) 100vw, 300px\" \/><\/a> <a href=\"https:\/\/baraka.cc\/wp-content\/uploads\/2021\/03\/3.jpg\"><img decoding=\"async\" loading=\"lazy\" class=\"alignnone size-medium wp-image-7965\" alt=\"3\" src=\"https:\/\/baraka.cc\/wp-content\/uploads\/2021\/03\/3-300x225.jpg\" width=\"300\" height=\"225\" srcset=\"https:\/\/baraka.cc\/wp-content\/uploads\/2021\/03\/3-300x225.jpg 300w, https:\/\/baraka.cc\/wp-content\/uploads\/2021\/03\/3.jpg 960w\" sizes=\"(max-width: 300px) 100vw, 300px\" \/><\/a> <a href=\"https:\/\/baraka.cc\/wp-content\/uploads\/2021\/03\/4.jpg\"><img decoding=\"async\" loading=\"lazy\" class=\"alignnone size-medium wp-image-7966\" alt=\"4\" src=\"https:\/\/baraka.cc\/wp-content\/uploads\/2021\/03\/4-225x300.jpg\" width=\"225\" height=\"300\" srcset=\"https:\/\/baraka.cc\/wp-content\/uploads\/2021\/03\/4-225x300.jpg 225w, https:\/\/baraka.cc\/wp-content\/uploads\/2021\/03\/4.jpg 720w\" sizes=\"(max-width: 225px) 100vw, 225px\" \/><\/a> <a href=\"https:\/\/baraka.cc\/wp-content\/uploads\/2021\/03\/5.jpg\"><img decoding=\"async\" loading=\"lazy\" class=\"alignnone size-medium wp-image-7967\" alt=\"5\" src=\"https:\/\/baraka.cc\/wp-content\/uploads\/2021\/03\/5-300x225.jpg\" width=\"300\" height=\"225\" srcset=\"https:\/\/baraka.cc\/wp-content\/uploads\/2021\/03\/5-300x225.jpg 300w, https:\/\/baraka.cc\/wp-content\/uploads\/2021\/03\/5.jpg 960w\" sizes=\"(max-width: 300px) 100vw, 300px\" \/><\/a> <a href=\"https:\/\/baraka.cc\/wp-content\/uploads\/2021\/03\/6.jpg\"><img decoding=\"async\" loading=\"lazy\" class=\"alignnone size-medium wp-image-7968\" alt=\"6\" src=\"https:\/\/baraka.cc\/wp-content\/uploads\/2021\/03\/6-225x300.jpg\" width=\"225\" height=\"300\" srcset=\"https:\/\/baraka.cc\/wp-content\/uploads\/2021\/03\/6-225x300.jpg 225w, https:\/\/baraka.cc\/wp-content\/uploads\/2021\/03\/6.jpg 720w\" sizes=\"(max-width: 225px) 100vw, 225px\" \/><\/a><\/div>\n","protected":false},"excerpt":{"rendered":"<p>8 Mart Organizasyon Komitesinin (Kad\u0131n E\u011fitimi Kolektifi, Ba\u011f\u0131ms\u0131zl\u0131k Yolu, Baraka K\u00fclt\u00fcr Merkezi, G\u00dc\u00c7-SEN, HAK-SEN, KTOE\u00d6S, TDP, TDP TOCEK, TDP GEN\u00c7L\u0130K), pandemi ko\u015fullar\u0131na uygun bir \u015fekilde<\/p>\n","protected":false},"author":9,"featured_media":0,"comment_status":"open","ping_status":"open","sticky":false,"template":"","format":"standard","meta":{"jetpack_post_was_ever_published":false,"_jetpack_newsletter_access":"","_jetpack_newsletter_tier_id":0,"jetpack_publicize_message":"","jetpack_is_tweetstorm":false,"jetpack_publicize_feature_enabled":true,"jetpack_social_post_already_shared":true,"jetpack_social_options":{"image_generator_settings":{"template":"highway","enabled":false}}},"categories":[53,45,47,9,1],"tags":[],"jetpack_publicize_connections":[],"jetpack_featured_media_url":"","jetpack_shortlink":"https:\/\/wp.me\/p4eHWX-24q","jetpack_sharing_enabled":true,"_links":{"self":[{"href":"https:\/\/baraka.cc\/index.php?rest_route=\/wp\/v2\/posts\/7962"}],"collection":[{"href":"https:\/\/baraka.cc\/index.php?rest_route=\/wp\/v2\/posts"}],"about":[{"href":"https:\/\/baraka.cc\/index.php?rest_route=\/wp\/v2\/types\/post"}],"author":[{"embeddable":true,"href":"https:\/\/baraka.cc\/index.php?rest_route=\/wp\/v2\/users\/9"}],"replies":[{"embeddable":true,"href":"https:\/\/baraka.cc\/index.php?rest_route=%2Fwp%2Fv2%2Fcomments&post=7962"}],"version-history":[{"count":3,"href":"https:\/\/baraka.cc\/index.php?rest_route=\/wp\/v2\/posts\/7962\/revisions"}],"predecessor-version":[{"id":7986,"href":"https:\/\/baraka.cc\/index.php?rest_route=\/wp\/v2\/posts\/7962\/revisions\/7986"}],"wp:attachment":[{"href":"https:\/\/baraka.cc\/index.php?rest_route=%2Fwp%2Fv2%2Fmedia&parent=7962"}],"wp:term":[{"taxonomy":"category","embeddable":true,"href":"https:\/\/baraka.cc\/index.php?rest_route=%2Fwp%2Fv2%2Fcategories&post=7962"},{"taxonomy":"post_tag","embeddable":true,"href":"https:\/\/baraka.cc\/index.php?rest_route=%2Fwp%2Fv2%2Ftags&post=7962"}],"curies":[{"name":"wp","href":"https:\/\/api.w.org\/{rel}","templated":true}]}}