{"id":797,"date":"2012-07-20T16:11:19","date_gmt":"2012-07-20T13:11:19","guid":{"rendered":"https:\/\/baraka.cc\/?p=797"},"modified":"2014-01-02T16:11:58","modified_gmt":"2014-01-02T13:11:58","slug":"barakada-cocuk-senligi-yapildi","status":"publish","type":"post","link":"https:\/\/baraka.cc\/?p=797","title":{"rendered":"BARAKA\u2019DA \u00c7OCUK \u015eENL\u0130\u011e\u0130 YAPILDI"},"content":{"rendered":"<p class=\"MsoNormal\" style=\"text-align: justify; line-height: 200%;\"><strong><span style=\"font-size: 11pt; line-height: 200%; font-family: 'Verdana','sans-serif';\">BARAKA\u2019DA \u00c7OCUK \u015eENL\u0130\u011e\u0130 YAPILDI <\/span><\/strong><\/p>\n<p class=\"MsoNormal\" style=\"text-align: justify; line-height: 200%;\"><a href=\"https:\/\/www.baraka.cc\/images\/stories\/yazkursu3.jpg\" target=\"_blank\"><img decoding=\"async\" alt=\" \" src=\"https:\/\/www.baraka.cc\/images\/stories\/yazkursu3.jpg\" width=\"200\" align=\"left\" border=\"2\" \/><\/a><\/p>\n<p class=\"MsoNormal\" style=\"text-align: justify; line-height: 200%;\"><span style=\"font-size: 10pt; line-height: 200%; font-family: 'Verdana','sans-serif';\">\u00a0<\/span><\/p>\n<p class=\"MsoNormal\" style=\"text-align: justify; line-height: 200%;\"><strong><span style=\"font-size: 10pt; line-height: 200%; font-family: 'Verdana','sans-serif';\">Baraka K\u00fct\u00fcr Merkezi\u2019nin, \u00e7ocuklara y\u00f6nelik olarak d\u00fczenledi\u011fi yaz kurslar\u0131n\u0131n tamamlanmas\u0131n\u0131n ard\u0131ndan dernek lokalinde \u00e7ocuk \u015fenli\u011fi d\u00fczenlendi. 7 Temmuz Cumartesi ak\u015fam\u0131 yap\u0131lan etkinlikte, yaz kurslar\u0131 boyunca ger\u00e7ekle\u015ftirilen \u00fcretimler sergilendi. Ard\u0131ndan ise Baraka bah\u00e7esindeki a\u00e7\u0131k hava sinemas\u0131nda, \u00e7ocuklara y\u00f6nelik bir film g\u00f6sterildi. <span>\u00a0<\/span><\/span><\/strong><\/p>\n<p class=\"MsoNormal\" style=\"text-align: justify; line-height: 200%;\"><span style=\"font-size: 10pt; line-height: 200%; font-family: 'Verdana','sans-serif';\">\u00a0<\/span><\/p>\n<p class=\"MsoNormal\" style=\"text-align: justify; line-height: 200%;\"><strong><span style=\"font-size: 10pt; line-height: 200%; font-family: 'Verdana','sans-serif';\">\u00c7ocuklar\u0131n yarat\u0131c\u0131l\u0131klar\u0131 ilgiyle izlendi<\/span><\/strong><\/p>\n<p class=\"MsoNormal\" style=\"text-align: justify; line-height: 200%;\"><a href=\"https:\/\/www.baraka.cc\/images\/stories\/yazkursu4.JPG\" target=\"_blank\"><img decoding=\"async\" alt=\" \" src=\"https:\/\/www.baraka.cc\/images\/stories\/yazkursu4.JPG\" width=\"200\" align=\"left\" border=\"2\" \/><\/a><span style=\"font-size: 10pt; line-height: 200%; font-family: 'Verdana','sans-serif';\">18.00\u2019de kokteyl ve resim-el i\u015fi sergisi ile ba\u015flayan program, \u00e7ocuk korusundan \u015fark\u0131lar, ard\u0131ndan ise \u201c\u015eirinler ve A\u011flayan Nehir\u201d isimli tiyatro oyununun sergilenmesi ile devam etti. Resim &#8211; el i\u015fi sergisinde, \u00e7ocuklar\u0131n be\u015f hafta boyunca \u00fcrettikleri \u00e7e\u015fitli resimler ve heykeller sergilendi. At\u0131k malzemelerin de\u011ferlendirilmesiyle yap\u0131lan birbirinden yarat\u0131c\u0131 el i\u015fleri \u00f6zellikle dikkat \u00e7ekti. Etkinlikte sahne alan Baraka \u00c7ocuk Korosu, m\u00fczik \u00f6\u011fretmenleri e\u015fli\u011finde \u015fark\u0131lar s\u00f6yledi. S\u00f6zleri Sol Anahtar\u0131 elemanlar\u0131na ait olan yeni \u00e7ocuk \u015fark\u0131lar\u0131n\u0131n da seslendirildi\u011fi mini konsere baz\u0131 Sol Anahtar\u0131 m\u00fczisyenleri enstrumanlar\u0131yla e\u015flik etti. Baraka Tiyatro Ekibi elemanlar\u0131n\u0131n yaz\u0131p y\u00f6netti\u011fi \u201c\u015eirinler ve A\u011flayan Nehir\u201d adl\u0131 oyunla sahne alan \u00e7ocuklar, ailelerine ve arkada\u015flar\u0131na do\u011fa sevgisi ve \u00e7evre temizli\u011fi mesaj\u0131n\u0131 vermenin gururunu ya\u015fad\u0131rlar. Etkinlik sonunda Baraka bah\u00e7esindeki a\u00e7\u0131k hava sinemas\u0131nda hayvan sevgisi ile ilgili bir film izlendi.<span>\u00a0 <\/span><\/span><\/p>\n<p class=\"MsoNormal\" style=\"text-align: justify; line-height: 200%;\"><span style=\"font-size: 10pt; line-height: 200%; font-family: 'Verdana','sans-serif';\">\u00a0<\/span><\/p>\n<p class=\"MsoNormal\" style=\"text-align: justify; line-height: 200%;\"><strong><span style=\"font-size: 10pt; line-height: 200%; font-family: 'Verdana','sans-serif';\">Bilm ve sanatla b\u00fcy\u00fcyen \u00e7ocuklar yeti\u015ftirmek hepimizin sorumlulu\u011fudur<\/span><\/strong><\/p>\n<p class=\"MsoNormal\" style=\"text-align: justify; line-height: 200%;\"><a href=\"https:\/\/www.baraka.cc\/images\/stories\/yazkursu5.JPG\" target=\"_blank\"><img decoding=\"async\" alt=\" \" src=\"https:\/\/www.baraka.cc\/images\/stories\/yazkursu5.JPG\" width=\"200\" align=\"left\" border=\"2\" \/><\/a><span style=\"font-size: 10pt; line-height: 200%; font-family: 'Verdana','sans-serif';\">Dernek, okuyan ve \u00fcreten bir nesil yaratman\u0131n, dinsel gericilikle de\u011fil bilimsel ve sanatsal de\u011ferlerle b\u00fcy\u00fcyen \u00e7ocuklar yeti\u015ftirmenin herkesin sorumlulu\u011fu oldu\u011fu inanc\u0131yla bu kurslar\u0131 d\u00fczenlemekteydi. \u00c7ocuklar\u0131n, ya\u015flar\u0131na uygun olmayan, bilim d\u0131\u015f\u0131, gerici kurslara g\u00f6nderilmesine kar\u015f\u0131 olan Baraka K\u00fclt\u00fcr Merkezi aktivistleri, \u00e7ocuklara kap\u0131lar\u0131n\u0131 a\u00e7arak \u00f6zg\u00fcrce \u00fcretebilekleri, sanatsal becerilerini geli\u015ftirebilecekleri bir ortam sa\u011fl\u0131yor. Pek \u00e7o\u011fu ilkokul \u00f6\u011fretmeni olan e\u011fitmenler e\u015fli\u011finde d\u00fczenlenen kurslarda, resim, el i\u015fi etkinlikleri, \u00e7ocuk korosu, ritm \u00e7al\u0131\u015fmalar\u0131, yarat\u0131c\u0131 drama gibi faaliyetler yap\u0131ld\u0131, \u00e7ocuklar aras\u0131nda g\u00fczel dostluklar kuruldu.<\/span><\/p>\n","protected":false},"excerpt":{"rendered":"<p>BARAKA\u2019DA \u00c7OCUK \u015eENL\u0130\u011e\u0130 YAPILDI \u00a0 Baraka K\u00fct\u00fcr Merkezi\u2019nin, \u00e7ocuklara y\u00f6nelik olarak d\u00fczenledi\u011fi yaz kurslar\u0131n\u0131n tamamlanmas\u0131n\u0131n ard\u0131ndan dernek lokalinde \u00e7ocuk \u015fenli\u011fi d\u00fczenlendi. 7 Temmuz Cumartesi ak\u015fam\u0131<\/p>\n","protected":false},"author":1,"featured_media":0,"comment_status":"open","ping_status":"open","sticky":false,"template":"","format":"standard","meta":{"jetpack_post_was_ever_published":false,"_jetpack_newsletter_access":"","_jetpack_newsletter_tier_id":0,"jetpack_publicize_message":"","jetpack_is_tweetstorm":false,"jetpack_publicize_feature_enabled":true,"jetpack_social_post_already_shared":false,"jetpack_social_options":{"image_generator_settings":{"template":"highway","enabled":false}}},"categories":[63],"tags":[],"jetpack_publicize_connections":[],"jetpack_featured_media_url":"","jetpack_shortlink":"https:\/\/wp.me\/p4eHWX-cR","jetpack_sharing_enabled":true,"_links":{"self":[{"href":"https:\/\/baraka.cc\/index.php?rest_route=\/wp\/v2\/posts\/797"}],"collection":[{"href":"https:\/\/baraka.cc\/index.php?rest_route=\/wp\/v2\/posts"}],"about":[{"href":"https:\/\/baraka.cc\/index.php?rest_route=\/wp\/v2\/types\/post"}],"author":[{"embeddable":true,"href":"https:\/\/baraka.cc\/index.php?rest_route=\/wp\/v2\/users\/1"}],"replies":[{"embeddable":true,"href":"https:\/\/baraka.cc\/index.php?rest_route=%2Fwp%2Fv2%2Fcomments&post=797"}],"version-history":[{"count":0,"href":"https:\/\/baraka.cc\/index.php?rest_route=\/wp\/v2\/posts\/797\/revisions"}],"wp:attachment":[{"href":"https:\/\/baraka.cc\/index.php?rest_route=%2Fwp%2Fv2%2Fmedia&parent=797"}],"wp:term":[{"taxonomy":"category","embeddable":true,"href":"https:\/\/baraka.cc\/index.php?rest_route=%2Fwp%2Fv2%2Fcategories&post=797"},{"taxonomy":"post_tag","embeddable":true,"href":"https:\/\/baraka.cc\/index.php?rest_route=%2Fwp%2Fv2%2Ftags&post=797"}],"curies":[{"name":"wp","href":"https:\/\/api.w.org\/{rel}","templated":true}]}}