{"id":8004,"date":"2021-03-15T13:59:19","date_gmt":"2021-03-15T11:59:19","guid":{"rendered":"https:\/\/baraka.cc\/?p=8004"},"modified":"2021-03-15T20:30:13","modified_gmt":"2021-03-15T18:30:13","slug":"orgutler-kulturel-isbirligi-protokolune-tepki-gosterdi","status":"publish","type":"post","link":"https:\/\/baraka.cc\/?p=8004","title":{"rendered":"\u00d6rg\u00fctler, K\u00fclt\u00fcrel \u0130\u015fbirli\u011fi Protokol\u00fc\u2019ne \u201cTEPK\u0130\u201d G\u00f6sterdi"},"content":{"rendered":"<p>Bug\u00fcn Meclis Genel Kurulu\u2019nun g\u00fcndeminde olan K\u00fclt\u00fcrel \u0130\u015fbirli\u011fi Protokol\u00fc, \u00f6rg\u00fctler taraf\u0131ndan \u201cTEPK\u0130\u201dyle kar\u015f\u0131land\u0131. T\u00fcrkiye ile imzalanan ve Meclis\u2019in onay\u0131na sunulan anla\u015fma, Yunus Emre Enstit\u00fcs\u00fc\u2019ne \u00e7ocuklarla ilgili verilen yetkiler dolay\u0131s\u0131yla protesto edildi. Baraka K\u00fclt\u00fcr Merkezi, Ba\u011f\u0131ms\u0131zl\u0131k Yolu, Biat De\u011fil \u00d6zg\u00fcrl\u00fck \u0130nisiyatifi, KT\u00d6S, K\u0131br\u0131s Sanat\u00e7\u0131 ve Yazarlar Birli\u011fi ve Kad\u0131n E\u011fitimi Kolektifi taraf\u0131ndan Meclis \u00f6n\u00fcnde ger\u00e7ekle\u015ftirilen bas\u0131n a\u00e7\u0131klamas\u0131nda, \u201cReddediyouz s\u00fcreciyle geri p\u00fcsk\u00fcrtmeyi ba\u015fard\u0131\u011f\u0131m\u0131z Koordinasyon Ofisi ile ama\u00e7lanan dini ve milli \u015fuura sahip gen\u00e7ler yeti\u015ftirilmesinin ba\u015fka ba\u015fka form\u00fclleri deneniyor\u201d denildi.<\/p>\n<p>\u00d6rg\u00fctler, \u201cMerkezi Ankara&#8217;da olup \u00fclkemizde de Selimiye Meydan\u0131&#8217;nda binas\u0131 bulunan bu Enstit\u00fcn\u00fcn, ayn\u0131 adl\u0131 bir Vakfa ba\u011fl\u0131 oldu\u011fu, Vakf\u0131n kurucular\u0131 ve destek\u00e7ileri aras\u0131nda Abdullah G\u00fcl ve Ahmet Davuto\u011flu yer al\u0131rken \u015fimdiki y\u00f6netiminin ise a\u011f\u0131rl\u0131kl\u0131 olarak Tayyip Erdo\u011fan taraf\u0131ndan belirlendi\u011fi biliniyor\u201d ifadelerini kullanarak milletvekillerine seslendi. Bu protokole onay verilmesinin laik ve demokratik K\u0131br\u0131sl\u0131 T\u00fcrk kimli\u011finin biraz daha asimile edilmesine &#8220;evet&#8221; demek anlam\u0131na geldi\u011finin vurguland\u0131\u011f\u0131 a\u00e7\u0131klamada \u201cBizler T\u00fcrkiyeli-K\u0131br\u0131sl\u0131 ay\u0131rt etmeden t\u00fcm \u00e7ocuklar\u0131m\u0131z\u0131n \u00e7a\u011fda\u015f ilkelerle ve \u00f6zg\u00fcr d\u00fc\u015f\u00fcncelerle yeti\u015fmesini istiyoruz\u201d s\u00f6zleri kullan\u0131ld\u0131.<\/p>\n<p>Ayr\u0131ca protokol\u00fcn 14. Maddesine de\u011finilerek K\u0131br\u0131s k\u00fclt\u00fcr\u00fcne Osmanl\u0131 merkezli, dar bak\u0131\u015f a\u00e7\u0131s\u0131, hatta ayr\u0131 bir devlet de\u011fil TC\u2019nin egemenli\u011fi alt\u0131nda g\u00f6r\u00fcld\u00fc\u011f\u00fc de belirtildi.<\/p>\n<p>Eylemciler, ellerinde tuttuklar\u0131 harflerle H\u00fck\u00fcmet\u2019e \u201cTEPK\u0130\u201d g\u00f6sterdiler ve en az 5 y\u0131l y\u00fcr\u00fcrl\u00fckte kalacak olan protokol\u00fcn, az\u0131nl\u0131k H\u00fck\u00fcmeti taraf\u0131ndan onaylanmas\u0131n\u0131n do\u011fru olmayaca\u011f\u0131n\u0131 vurgulad\u0131lar.<\/p>\n<p>Bug\u00fcn Genel Kurul salonunda \u00e7\u0131kan tart\u0131\u015fma sonras\u0131 yeniden toplanamayan Meclis, s\u00f6z konusu protokol\u00fc g\u00f6r\u00fc\u015femedi ve yar\u0131n (16 Mart Sal\u0131) g\u00fcndemine ald\u0131.<\/p>\n<p><a href=\"https:\/\/baraka.cc\/wp-content\/uploads\/2021\/03\/160787753_284507736421941_8339364950369102546_n.jpg\"><img decoding=\"async\" loading=\"lazy\" class=\"alignnone size-medium wp-image-8005\" alt=\"160787753_284507736421941_8339364950369102546_n\" src=\"https:\/\/baraka.cc\/wp-content\/uploads\/2021\/03\/160787753_284507736421941_8339364950369102546_n-300x225.jpg\" width=\"300\" height=\"225\" srcset=\"https:\/\/baraka.cc\/wp-content\/uploads\/2021\/03\/160787753_284507736421941_8339364950369102546_n-300x225.jpg 300w, https:\/\/baraka.cc\/wp-content\/uploads\/2021\/03\/160787753_284507736421941_8339364950369102546_n-1024x768.jpg 1024w, https:\/\/baraka.cc\/wp-content\/uploads\/2021\/03\/160787753_284507736421941_8339364950369102546_n.jpg 2048w\" sizes=\"(max-width: 300px) 100vw, 300px\" \/><\/a><\/p>\n<p><b>Bas\u0131n a\u00e7\u0131klamas\u0131n\u0131 tam metni \u015f\u00f6yle:<\/b><\/p>\n<p><b>K\u00fclt\u00fcrel \u0130\u015fbirli\u011fi Anla\u015fmas\u0131yla \u00c7ocuklar\u0131m\u0131z Kime Emanet!? <\/b><\/p>\n<p>T\u00fcrkiye ile imzalanan paketlere, protokollere her g\u00fcn bir yenisi ekleniyor. Bunlar, sadece ekonomik y\u00f6nden de\u011fil k\u00fclt\u00fcrel a\u00e7\u0131dan da K\u0131br\u0131sl\u0131 T\u00fcrk kimli\u011fini yok etmek, asimile etmek \u00fczere a\u00e7\u0131k veya gizli niyetler i\u00e7eriyor. Halk\u0131m\u0131z\u0131n laik ve demokratik yap\u0131s\u0131na tahamm\u00fcl\u00fc olmayan ve bunu se\u00e7imlerde de irademize m\u00fcdahale ederek g\u00f6steren gerici zihniyetler, \u00e7ocuklar\u0131m\u0131z\u0131 kendilerine benzetmenin yollar\u0131n\u0131 ar\u0131yorlar. Reddediyouz s\u00fcreciyle geri p\u00fcsk\u00fcrtmeyi ba\u015fard\u0131\u011f\u0131m\u0131z Koordinasyon Ofisi ile ama\u00e7lanan &#8220;dini ve milli \u015fuura sahip gen\u00e7ler&#8221; yeti\u015ftirilmesinin ba\u015fka ba\u015fka form\u00fclleri deneniyor.<\/p>\n<p>T\u00fcrkiye ile imzalanan ve bug\u00fcn Meclis&#8217;in onay\u0131na sunulan K\u00fclt\u00fcrel \u0130\u015fbirli\u011fi Protokol\u00fc, k\u00fclt\u00fcr-sanatla ilgili destek beyan eden bir s\u00fcr\u00fc g\u00fczel laf\u0131n yan\u0131 s\u0131ra -ki bu protokol olmadan da sanat\u00e7\u0131lar\u0131m\u0131za destek olunmas\u0131na hi\u00e7bir engel yoktur- Yunus Emre Enstit\u00fcs\u00fc&#8217;n\u00fcn \u00e7ocuklar\u0131m\u0131zla ilgili faaliyetler yapmas\u0131n\u0131 \u00f6ng\u00f6r\u00fcyor. Merkezi Ankara&#8217;da olup \u00fclkemizde de Selimiye Meydan\u0131&#8217;nda binas\u0131 bulunan bu Enstit\u00fcn\u00fcn, ayn\u0131 adl\u0131 bir Vakfa ba\u011fl\u0131 oldu\u011fu, Vakf\u0131n kurucular\u0131 ve destek\u00e7ileri aras\u0131nda Abdullah G\u00fcl ve Ahmet Davuto\u011flu yer al\u0131rken \u015fimdiki y\u00f6netiminin ise a\u011f\u0131rl\u0131kl\u0131 olarak Tayyip Erdo\u011fan taraf\u0131ndan belirlendi\u011fi biliniyor. Kurulu\u015f a\u015famas\u0131nda Tan\u0131tma Fonu&#8217;ndan 1 milyon TL aktar\u0131lan Vakfa, pek \u00e7ok kamu mal\u0131 ve bina da hibe ediliyor. Devlet destekli olsa da nihayetinde bir ST\u00d6 olan bu kurumun, devletler aras\u0131 bir anla\u015fmada hukuken yerinin olmamas\u0131 bir yana, cemaatinin yurt d\u0131\u015f\u0131 okullar\u0131na kar\u015f\u0131l\u0131k kuruldu\u011fu daha sonra da bir s\u00fcre cemaatin eline ge\u00e7ti\u011fi iddia ediliyor.<\/p>\n<p>\u0130yi niyetlerle Yunus Emre Enstit\u00fcs\u00fc&#8217;nde \u00e7al\u0131\u015fan veya etkinliklere destek olan sanat\u00e7\u0131lar\u0131 ve kurslara kat\u0131lan ki\u015fileri tenzih ederek s\u00f6yl\u00fcyoruz ki bu zihniyete \u00e7ocuklar\u0131m\u0131z\u0131 veya gen\u00e7lerimizi emanet etmek, bu halka yap\u0131lacak en b\u00fcy\u00fck k\u00f6t\u00fcl\u00fckt\u00fcr. Bizler T\u00fcrkiyeli-K\u0131br\u0131sl\u0131 ay\u0131rt etmeden t\u00fcm \u00e7ocuklar\u0131m\u0131z\u0131n \u00e7a\u011fda\u015f ilkelerle ve \u00f6zg\u00fcr d\u00fc\u015f\u00fcncelerle yeti\u015fmesini istiyoruz. Meclis&#8217;teki milletvekillerine sesleniyoruz: K\u00fclt\u00fcr\u00fcm\u00fcz\u00fcn ya\u015fat\u0131l\u0131p tan\u0131t\u0131lmas\u0131 k\u0131l\u0131f\u0131yla \u00f6n\u00fcn\u00fcze konan bu protokole onay verirseniz, dini ve milli duygular\u0131 \u00f6nce kabart\u0131l\u0131p sonra istismar edilen, AKP zihniyetinde, muhafazak\u00e2r gen\u00e7ler yeti\u015fmesine, laik ve demokratik K\u0131br\u0131sl\u0131 T\u00fcrk kimli\u011finin biraz daha asimile edilmesine &#8220;evet&#8221; diyeceksiniz.<\/p>\n<p>Zaten protokol\u00fc yazanlar\u0131n, K\u0131br\u0131s k\u00fclt\u00fcr\u00fcne Osmanl\u0131 merkezli, dar bak\u0131\u015f a\u00e7\u0131s\u0131 ve hatta bizi ayr\u0131 bir devlet de\u011fil kendi egemenlikleri alt\u0131nda g\u00f6rd\u00fckleri de 14. maddeden bellidir. Bu maddede adam\u0131z\u0131n tarihi; Osmanl\u0131 \u00f6ncesi d\u00f6nem, Osmanl\u0131 d\u00f6nemi ve T\u00fcrkiye Cumhuriyeti D\u00f6nemi \u015feklinde kategorize edilmi\u015ftir! Bu protokol\u00fcn bir E\u011fitim ve K\u00fclt\u00fcr Bakan\u0131 taraf\u0131ndan, en az\u0131ndan bu maddesi d\u00fczeltilmeden imzalanmas\u0131 hayret verici olup, ayr\u0131 devlet oldu\u011funu iddia eden bir Meclis taraf\u0131ndan onaylanmas\u0131 da kendi kendini ink\u00e2r etmek anlam\u0131na gelecektir.<\/p>\n<p><b>Kat\u0131lan \u00d6rg\u00fctler:<\/b><\/p>\n<p><b>Baraka K\u00fclt\u00fcr Merkezi, Ba\u011f\u0131ms\u0131zl\u0131k Yolu, Biat De\u011fil \u00d6zg\u00fcrl\u00fck \u0130nisiyatifi, KT\u00d6S, K\u0131br\u0131s Sanat\u00e7\u0131 ve Yazarlar Birli\u011fi, Kad\u0131n E\u011fitimi Kolektifi<\/b><\/p>\n<p>&nbsp;<\/p>\n","protected":false},"excerpt":{"rendered":"<p>Bug\u00fcn Meclis Genel Kurulu\u2019nun g\u00fcndeminde olan K\u00fclt\u00fcrel \u0130\u015fbirli\u011fi Protokol\u00fc, \u00f6rg\u00fctler taraf\u0131ndan \u201cTEPK\u0130\u201dyle kar\u015f\u0131land\u0131. T\u00fcrkiye ile imzalanan ve Meclis\u2019in onay\u0131na sunulan anla\u015fma, Yunus Emre Enstit\u00fcs\u00fc\u2019ne \u00e7ocuklarla<\/p>\n","protected":false},"author":3,"featured_media":8005,"comment_status":"open","ping_status":"open","sticky":false,"template":"","format":"standard","meta":{"jetpack_post_was_ever_published":false,"_jetpack_newsletter_access":"","_jetpack_newsletter_tier_id":0,"jetpack_publicize_message":"","jetpack_is_tweetstorm":false,"jetpack_publicize_feature_enabled":true,"jetpack_social_post_already_shared":true,"jetpack_social_options":{"image_generator_settings":{"template":"highway","enabled":false}}},"categories":[41,38,9,1],"tags":[],"jetpack_publicize_connections":[],"jetpack_featured_media_url":"https:\/\/baraka.cc\/wp-content\/uploads\/2021\/03\/160787753_284507736421941_8339364950369102546_n.jpg","jetpack_shortlink":"https:\/\/wp.me\/p4eHWX-256","jetpack_sharing_enabled":true,"_links":{"self":[{"href":"https:\/\/baraka.cc\/index.php?rest_route=\/wp\/v2\/posts\/8004"}],"collection":[{"href":"https:\/\/baraka.cc\/index.php?rest_route=\/wp\/v2\/posts"}],"about":[{"href":"https:\/\/baraka.cc\/index.php?rest_route=\/wp\/v2\/types\/post"}],"author":[{"embeddable":true,"href":"https:\/\/baraka.cc\/index.php?rest_route=\/wp\/v2\/users\/3"}],"replies":[{"embeddable":true,"href":"https:\/\/baraka.cc\/index.php?rest_route=%2Fwp%2Fv2%2Fcomments&post=8004"}],"version-history":[{"count":3,"href":"https:\/\/baraka.cc\/index.php?rest_route=\/wp\/v2\/posts\/8004\/revisions"}],"predecessor-version":[{"id":8008,"href":"https:\/\/baraka.cc\/index.php?rest_route=\/wp\/v2\/posts\/8004\/revisions\/8008"}],"wp:featuredmedia":[{"embeddable":true,"href":"https:\/\/baraka.cc\/index.php?rest_route=\/wp\/v2\/media\/8005"}],"wp:attachment":[{"href":"https:\/\/baraka.cc\/index.php?rest_route=%2Fwp%2Fv2%2Fmedia&parent=8004"}],"wp:term":[{"taxonomy":"category","embeddable":true,"href":"https:\/\/baraka.cc\/index.php?rest_route=%2Fwp%2Fv2%2Fcategories&post=8004"},{"taxonomy":"post_tag","embeddable":true,"href":"https:\/\/baraka.cc\/index.php?rest_route=%2Fwp%2Fv2%2Ftags&post=8004"}],"curies":[{"name":"wp","href":"https:\/\/api.w.org\/{rel}","templated":true}]}}