{"id":8009,"date":"2021-03-19T11:20:20","date_gmt":"2021-03-19T09:20:20","guid":{"rendered":"https:\/\/baraka.cc\/?p=8009"},"modified":"2021-03-19T18:37:11","modified_gmt":"2021-03-19T16:37:11","slug":"barakadan-dunya-tiyatro-gunu-etkinligi","status":"publish","type":"post","link":"https:\/\/baraka.cc\/?p=8009","title":{"rendered":"Baraka\u2019dan D\u00fcnya Tiyatro G\u00fcn\u00fc Etkinli\u011fi"},"content":{"rendered":"<p style=\"text-align: center;\"><a href=\"https:\/\/baraka.cc\/wp-content\/uploads\/2021\/03\/afisyasarersoylu.jpg\"><img decoding=\"async\" loading=\"lazy\" class=\"alignnone size-medium wp-image-8010\" alt=\"afisyasarersoylu\" src=\"https:\/\/baraka.cc\/wp-content\/uploads\/2021\/03\/afisyasarersoylu-212x300.jpg\" width=\"212\" height=\"300\" srcset=\"https:\/\/baraka.cc\/wp-content\/uploads\/2021\/03\/afisyasarersoylu-212x300.jpg 212w, https:\/\/baraka.cc\/wp-content\/uploads\/2021\/03\/afisyasarersoylu-724x1024.jpg 724w\" sizes=\"(max-width: 212px) 100vw, 212px\" \/><\/a><\/p>\n<p>Baraka Tiyatro Ekibi, D\u00fcnya Tiyatro g\u00fcn\u00fcnde seyircisiyle bulu\u015fuyor. 27 Mart Cumartesi g\u00fcn\u00fc saat 14.00\u2019te ba\u015flayacak olan etkinlik bu sene farkl\u0131 bir temada, yar\u0131m kalan Ba\u015fkent Tiyatro binas\u0131 \u00f6n\u00fcnde ger\u00e7ekle\u015ftirilecek. Lefko\u015fa Belediyesi otopark\u0131n\u0131n yan\u0131nda yer alan \u00e7\u0131kmaz sokakta \u00e7e\u015fitli tiyatral etkinlikler ve konu\u015fmalar yer alacak.<\/p>\n<p>Lefko\u015fa T\u00fcrk Belediyesi i\u015fbirli\u011fi ile a\u00e7\u0131k havada ve Pandemi \u00f6nlemlerine uygun olarak yap\u0131lacak etkinlikte \u00e7e\u015fitli oyun yazarlar\u0131n\u0131n eserlerinden se\u00e7ilen monologlar (tiradlar) ve tiyatro ile ilgili \u015fiirler sahnelenecek. Ayr\u0131ca konuk sanat\u00e7\u0131 Ya\u015far Ersoy ile Belediye Ba\u015fkan\u0131 Mehmet Harmanc\u0131 da etkinli\u011fe kat\u0131larak konu\u015fma yapacak.<\/p>\n<p>Dernekten yap\u0131lan a\u00e7\u0131klamada, sanata en \u00e7ok ihtiya\u00e7 duydu\u011fumuz \u015fu g\u00fcnlerde t\u00fcm tiyatro severlerin davetli oldu\u011fu duyuruldu.<\/p>\n<p>&nbsp;<\/p>\n<p style=\"text-align: center;\"><a href=\"https:\/\/baraka.cc\/wp-content\/uploads\/2021\/03\/event.jpg\"><img decoding=\"async\" loading=\"lazy\" class=\"alignnone size-medium wp-image-8011\" alt=\"event\" src=\"https:\/\/baraka.cc\/wp-content\/uploads\/2021\/03\/event-300x168.jpg\" width=\"300\" height=\"168\" srcset=\"https:\/\/baraka.cc\/wp-content\/uploads\/2021\/03\/event-300x168.jpg 300w, https:\/\/baraka.cc\/wp-content\/uploads\/2021\/03\/event-1024x576.jpg 1024w, https:\/\/baraka.cc\/wp-content\/uploads\/2021\/03\/event.jpg 1920w\" sizes=\"(max-width: 300px) 100vw, 300px\" \/><\/a><\/p>\n<p>&nbsp;<\/p>\n","protected":false},"excerpt":{"rendered":"<p>Baraka Tiyatro Ekibi, D\u00fcnya Tiyatro g\u00fcn\u00fcnde seyircisiyle bulu\u015fuyor. 27 Mart Cumartesi g\u00fcn\u00fc saat 14.00\u2019te ba\u015flayacak olan etkinlik bu sene farkl\u0131 bir temada, yar\u0131m kalan Ba\u015fkent<\/p>\n","protected":false},"author":3,"featured_media":8011,"comment_status":"open","ping_status":"open","sticky":false,"template":"","format":"standard","meta":{"jetpack_post_was_ever_published":false,"_jetpack_newsletter_access":"","_jetpack_newsletter_tier_id":0,"jetpack_publicize_message":"","jetpack_is_tweetstorm":false,"jetpack_publicize_feature_enabled":true,"jetpack_social_post_already_shared":true,"jetpack_social_options":{"image_generator_settings":{"template":"highway","enabled":false}}},"categories":[70,21,20,9,22,1],"tags":[],"jetpack_publicize_connections":[],"jetpack_featured_media_url":"https:\/\/baraka.cc\/wp-content\/uploads\/2021\/03\/event.jpg","jetpack_shortlink":"https:\/\/wp.me\/p4eHWX-25b","jetpack_sharing_enabled":true,"_links":{"self":[{"href":"https:\/\/baraka.cc\/index.php?rest_route=\/wp\/v2\/posts\/8009"}],"collection":[{"href":"https:\/\/baraka.cc\/index.php?rest_route=\/wp\/v2\/posts"}],"about":[{"href":"https:\/\/baraka.cc\/index.php?rest_route=\/wp\/v2\/types\/post"}],"author":[{"embeddable":true,"href":"https:\/\/baraka.cc\/index.php?rest_route=\/wp\/v2\/users\/3"}],"replies":[{"embeddable":true,"href":"https:\/\/baraka.cc\/index.php?rest_route=%2Fwp%2Fv2%2Fcomments&post=8009"}],"version-history":[{"count":2,"href":"https:\/\/baraka.cc\/index.php?rest_route=\/wp\/v2\/posts\/8009\/revisions"}],"predecessor-version":[{"id":8015,"href":"https:\/\/baraka.cc\/index.php?rest_route=\/wp\/v2\/posts\/8009\/revisions\/8015"}],"wp:featuredmedia":[{"embeddable":true,"href":"https:\/\/baraka.cc\/index.php?rest_route=\/wp\/v2\/media\/8011"}],"wp:attachment":[{"href":"https:\/\/baraka.cc\/index.php?rest_route=%2Fwp%2Fv2%2Fmedia&parent=8009"}],"wp:term":[{"taxonomy":"category","embeddable":true,"href":"https:\/\/baraka.cc\/index.php?rest_route=%2Fwp%2Fv2%2Fcategories&post=8009"},{"taxonomy":"post_tag","embeddable":true,"href":"https:\/\/baraka.cc\/index.php?rest_route=%2Fwp%2Fv2%2Ftags&post=8009"}],"curies":[{"name":"wp","href":"https:\/\/api.w.org\/{rel}","templated":true}]}}