{"id":8017,"date":"2021-03-24T11:44:34","date_gmt":"2021-03-24T09:44:34","guid":{"rendered":"https:\/\/baraka.cc\/?p=8017"},"modified":"2021-03-24T11:44:34","modified_gmt":"2021-03-24T09:44:34","slug":"dunyayi-yerinden-oynatin-zekiye-senturkler","status":"publish","type":"post","link":"https:\/\/baraka.cc\/?p=8017","title":{"rendered":"D\u00fcnyay\u0131 Yerinden Oynat\u0131n!- Zekiye \u015eent\u00fcrkler"},"content":{"rendered":"<p><em>Argasdi yeni say\u0131 haz\u0131rl\u0131klar\u0131na devam ederken &#8220;Umut Bitmez M\u00fccadele S\u00fcrer&#8221; dosyal\u0131 60. say\u0131m\u0131zdan Pandemi d\u00f6neminde \u00e7al\u0131\u015fma hayat\u0131n\u0131 i\u00e7eren makalemizi sizlerle payla\u015f\u0131yoruz.<\/em><\/p>\n<p><a href=\"https:\/\/baraka.cc\/wp-content\/uploads\/2021\/03\/Screenshot_20210324-114345_Word.jpg\"><img decoding=\"async\" loading=\"lazy\" class=\"size-medium wp-image-8018 alignright\" alt=\"Screenshot_20210324-114345_Word\" src=\"https:\/\/baraka.cc\/wp-content\/uploads\/2021\/03\/Screenshot_20210324-114345_Word-300x121.jpg\" width=\"300\" height=\"121\" srcset=\"https:\/\/baraka.cc\/wp-content\/uploads\/2021\/03\/Screenshot_20210324-114345_Word-300x121.jpg 300w, https:\/\/baraka.cc\/wp-content\/uploads\/2021\/03\/Screenshot_20210324-114345_Word-1024x416.jpg 1024w, https:\/\/baraka.cc\/wp-content\/uploads\/2021\/03\/Screenshot_20210324-114345_Word.jpg 1080w\" sizes=\"(max-width: 300px) 100vw, 300px\" \/><\/a>Y\u0131llar boyunca haklar\u0131 en \u00e7ok gasp edilen kesim hi\u00e7 ku\u015fkusuz i\u015f\u00e7i s\u0131n\u0131f\u0131 olmu\u015ftur. Tarihin tozlu sayfalar\u0131n\u0131 aralad\u0131\u011f\u0131m\u0131z zaman en b\u00fcy\u00fck kazan\u0131mlar\u0131 da yine i\u015f\u00e7ilerin umudunu kaybetmeden, birle\u015ferek, \u00f6rg\u00fctlenerek ve m\u00fccadele ederek elde etti\u011fini g\u00f6r\u00fcr\u00fcz. G\u00fcn\u00fcm\u00fczde bunun \u00f6rnekleri halen ya\u015fanmaktad\u0131r ve tek \u00e7\u00f6z\u00fcm umutla m\u00fccadele etmekten ge\u00e7mektedir.<\/p>\n<p><b>Pandemi s\u00fcrecinde \u00e7akt\u0131rmadan ba\u015f\u0131m\u0131za neler geldi?<\/b><\/p>\n<p>\u0130\u00e7erisinden ge\u00e7mekte oldu\u011fumuz Pandemi d\u00f6neminde, \u00f6zellikle al\u0131nan \u00f6nlemler \u00e7er\u00e7evesinde yetkili mercilerce a\u00e7\u0131klanan kararlar sonucunda, bilhassa \u00f6zel sekt\u00f6r \u00e7al\u0131\u015fanlar\u0131n\u0131n insanca \u00e7al\u0131\u015fma ko\u015fullar\u0131 neredeyse yok edilmi\u015f, haklar\u0131ndan s\u00f6z etmek imkans\u0131z hale gelmi\u015ftir. Pe\u015fi s\u0131ra resmi gazetelerde sayfalarca al\u0131nan, geri \u00e7ekilen, k\u0131l\u0131f\u0131na uydurularak a\u00e7\u0131klanan yapt\u0131r\u0131mlar sermaye ile birlikte de\u011ferlendirilmi\u015f ve h\u00fck\u00fcmet-patron i\u015fbirli\u011fi ile eller yine \u00e7al\u0131\u015fanlar\u0131n cebine at\u0131lm\u0131\u015ft\u0131r.<\/p>\n<p>Salg\u0131n\u0131 ya\u015fad\u0131\u011f\u0131m\u0131z ilk aylardan g\u00fcn\u00fcm\u00fcze kadar olan hak ihlallerini s\u0131ralayacak olursak; mart ay\u0131nda h\u00fck\u00fcmet taraf\u0131ndan al\u0131nan kararlar \u00e7er\u00e7evesinde \u00e7o\u011fu i\u015fletme zorunlu olarak kapat\u0131lm\u0131\u015ft\u0131r. Kapal\u0131 olunan bu s\u00fcre zarf\u0131nda i\u015fyerlerinin ilgili devlet dairelerine ara verme ba\u015fvurusu yapmalar\u0131 sonucunda \u00e7al\u0131\u015fanlar\u0131 i\u00e7in herhangi bir sosyal g\u00fcvenlik (sosyal sigorta ve ihtiyat sand\u0131\u011f\u0131) yat\u0131r\u0131m\u0131 yapma zorunlulu\u011fu kalmam\u0131\u015ft\u0131r. Ancak yap\u0131lan bu uygulamada \u00e7al\u0131\u015fanlar\u0131n haklar\u0131 iki kez gasp edilmeye \u00e7al\u0131\u015f\u0131lm\u0131\u015ft\u0131r. Birincisi, ilgili devlet dairesi ara verilen s\u00fcrenin ba\u015flang\u0131\u00e7 tarihinde \u00e7al\u0131\u015fanlar\u0131n hi\u00e7 haberi olmadan onlar\u0131 i\u015ften durdurmu\u015f ard\u0131ndan da yeniden a\u00e7\u0131lma tarihinde i\u015fe geri alm\u0131\u015ft\u0131r. Bu da demek oluyordu ki, \u00e7al\u0131\u015fanlar emekli olaca\u011f\u0131 zaman ola\u011fan\u00fcst\u00fc bir hal olan salg\u0131n d\u00f6nemi i\u00e7in yat\u0131r\u0131mlar\u0131 devlet taraf\u0131ndan otomatik olarak yap\u0131lm\u0131\u015f say\u0131lmak yerine yap\u0131lmam\u0131\u015f say\u0131lacak ve bu fark\u0131 kendi ceplerinden \u00f6deyeceklerdi. Velhas\u0131l, h\u00fck\u00fcmete yap\u0131lan bask\u0131lar sonucunda bu uygulama sonradan al\u0131nan bir karar do\u011frultusunda d\u00fczeltilmi\u015ftir. \u0130kincisi ise, baz\u0131 i\u015fverenler kurnazl\u0131k yap\u0131p zorunlu ara verme d\u00f6nemini \u00e7al\u0131\u015fanlar\u0131n\u0131n y\u0131ll\u0131k izinlerinden kesmi\u015f ve herhangi bir izin istemeleri durumunda \u00e7al\u0131\u015fanlar\u0131n\u0131 \u00f6deneksiz izine \u00e7\u0131kar\u0131p izin s\u00fcreleri boyunca yat\u0131r\u0131mlar\u0131n\u0131 yapmam\u0131\u015ft\u0131r. Bu sorun halen devam etmekte ve ilgili makamlar \u00f6nlemini almamaktad\u0131r. Mevcut ekonomik krizden \u00f6t\u00fcr\u00fc de \u00e7al\u0131\u015fanlar bunun yasal olmad\u0131\u011f\u0131n\u0131 bile bile itiraz edememekte, i\u015fsiz kalmaktan korkmaktad\u0131rlar. Ard\u0131ndan, haziran ay\u0131nda \u00e7al\u0131\u015fma bakan\u0131 taraf\u0131ndan yap\u0131lan a\u00e7\u0131klamayla sosyal sigorta yat\u0131r\u0131m primlerinde de\u011fi\u015fikli\u011fe gidilerek i\u015f\u00e7ilerin net maa\u015flar\u0131n\u0131n art\u0131r\u0131laca\u011f\u0131 m\u00fcjdelendi! Bunu da hayat pahal\u0131l\u0131\u011f\u0131, ekonomik kriz \u00f6nlemi, yap\u0131l(a)mayan asgari \u00fccret art\u0131\u015f\u0131 yerine say\u0131labilece\u011fi b\u00f6b\u00fcrlenerek anlat\u0131lm\u0131\u015ft\u0131r. Ama gelin g\u00f6r\u00fcn ki bu safsata sadece bir ay s\u00fcrm\u00fc\u015f, i\u015fveren pay\u0131na bir indirim uygulanmadan i\u015f\u00e7ilerin sosyal sigorta kesinti pay\u0131n\u0131n s\u0131f\u0131rlanmas\u0131 sermayenin \u00f6rg\u00fctlenmesiyle yap\u0131lan t\u00fcrl\u00fc itiraz ve bask\u0131larla sona erdirilmi\u015ftir. Ve her zamanki gibi g\u00f6zler i\u015f\u00e7ilerin cebine d\u00f6nm\u00fc\u015f, i\u015fverenlerin yat\u0131r\u0131m paylar\u0131 kald\u0131r\u0131l\u0131p i\u015f\u00e7ilerinki eski haline geri d\u00f6nm\u00fc\u015ft\u00fcr. H\u00fck\u00fcmet sadece \u00e7al\u0131\u015fanlar\u0131n de\u011fil kendi nam ve hesab\u0131na \u00e7al\u0131\u015f\u0131p ayakta durmak i\u00e7i debelenen k\u00fc\u00e7\u00fck i\u015fletmeleri ve esnaf\u0131 da ma\u011fdur etmekten geri kalmam\u0131\u015f, vaat etmi\u015f oldu\u011fu prim yat\u0131r\u0131m deste\u011fini yar\u0131m yamalak \u00f6demi\u015f, kurultay ve h\u00fck\u00fcmet kurma gibi dertlere d\u00fc\u015f\u00fcp bu konuyu tamamen unutmu\u015ftur (ya da unutturmaya \u00e7al\u0131\u015fm\u0131\u015ft\u0131r).<\/p>\n<p><b>B\u00fct\u00fcn i\u015f\u00e7i karde\u015flerim rica ediyorum birle\u015fin!<\/b><\/p>\n<p>\u00d6rg\u00fctl\u00fc k\u00f6t\u00fcl\u00fc\u011f\u00fcn g\u00fcn be g\u00fcn b\u00fcy\u00fcd\u00fc\u011f\u00fc \u00fclkemizde art\u0131k i\u015f\u00e7ilerin de \u00f6rg\u00fctlenmesi ve haklar\u0131 i\u00e7in daha fazla m\u00fccadele etmesi ka\u00e7\u0131n\u0131lmazd\u0131r. Tarih boyunca umudunu kaybetmeden m\u00fccadele eden i\u015f\u00e7i s\u0131n\u0131f\u0131n\u0131n elde etti\u011fi kazan\u0131mlar g\u00fcn\u00fcm\u00fcze de \u0131\u015f\u0131k tutar niteliktedir. Sermaye kar\u015f\u0131s\u0131nda i\u015f\u00e7ilerin ezilmesine yol a\u00e7an, yoksulla\u015ft\u0131rarak patronlara bel ba\u011flamas\u0131na sebep olan, gelecek ve g\u00fcvencelerini patronlar\u0131n iki duda\u011f\u0131 aras\u0131na teslim eden, \u00e7al\u0131\u015fma ya\u015fam\u0131n\u0131 zindana \u00e7eviren ve i\u015f\u00e7ilere k\u00f6le ya\u015fant\u0131s\u0131n\u0131 laik g\u00f6ren bu d\u00fczene ivedilikle dur demek hayat memat meselesi haline gelmi\u015ftir. T\u00fcm bunlar g\u00f6z \u00f6n\u00fcne al\u0131nd\u0131\u011f\u0131nda \u00f6zel sekt\u00f6re sendika zorunlulu\u011fu ka\u00e7\u0131n\u0131lmaz bir \u00e7\u00f6z\u00fcm yoludur. \u00c7\u00fcnk\u00fc i\u015f\u00e7ilerin i\u015f sa\u011fl\u0131\u011f\u0131 ve g\u00fcvenli\u011fini g\u00f6zeten, e\u015fit i\u015fe e\u015fit \u00fccret almalar\u0131n\u0131 sa\u011flayan, emeklerinin s\u00f6m\u00fcr\u00fclmedi\u011fi, \u00f6deneksiz ek mesai yapt\u0131r\u0131lmad\u0131\u011f\u0131, hamile kald\u0131\u011f\u0131 i\u00e7in i\u015ften at\u0131lmad\u0131\u011f\u0131, i\u015f yerinde u\u011frad\u0131\u011f\u0131 mobbingi sineye \u00e7ekmek zorunda b\u0131rak\u0131lmad\u0131\u011f\u0131, resmi tatil olsun y\u0131ll\u0131k izin olsun i\u015fverenleri taraf\u0131ndan izin haklar\u0131n\u0131n keyfi harcanmad\u0131\u011f\u0131 bir gelecek ancak \u00f6rg\u00fctlenerek gelecek. B\u00f6yle bir gelecek i\u00e7in umut varsa m\u00fccadele devam etmelidir. \u00dclkemizde de bu umudu y\u00fcre\u011finde ta\u015f\u0131yan sendikalardan olu\u015fan Emek Platformu ve \u00f6zel sekt\u00f6re sendika i\u00e7in \u00e7e\u015fitli \u00e7al\u0131\u015fmalar y\u00fcr\u00fcten Ba\u011f\u0131ms\u0131zl\u0131k Yolu \u00f6nc\u00fcl\u00fc\u011f\u00fcnde yeni bir m\u00fccadelenin ta\u015flar\u0131 \u00f6r\u00fclmektedir. B\u00f6yle bir gelecek \u00f6rg\u00fctlenmekten ge\u00e7iyorsa art\u0131k zaman kaybedilmemelidir. Hem bo\u015funa dememi\u015fler \u201ci\u015f\u00e7iler birlik olsa d\u00fcnya yerinden oynar!\u201d diye.<\/p>\n","protected":false},"excerpt":{"rendered":"<p>Argasdi yeni say\u0131 haz\u0131rl\u0131klar\u0131na devam ederken &#8220;Umut Bitmez M\u00fccadele S\u00fcrer&#8221; dosyal\u0131 60. say\u0131m\u0131zdan Pandemi d\u00f6neminde \u00e7al\u0131\u015fma hayat\u0131n\u0131 i\u00e7eren makalemizi sizlerle payla\u015f\u0131yoruz. Y\u0131llar boyunca haklar\u0131 en<\/p>\n","protected":false},"author":7,"featured_media":8018,"comment_status":"open","ping_status":"open","sticky":false,"template":"","format":"standard","meta":{"jetpack_post_was_ever_published":false,"_jetpack_newsletter_access":"","_jetpack_newsletter_tier_id":0,"jetpack_publicize_message":"","jetpack_is_tweetstorm":false,"jetpack_publicize_feature_enabled":true,"jetpack_social_post_already_shared":true,"jetpack_social_options":{"image_generator_settings":{"template":"highway","enabled":false}}},"categories":[40,67,44,9,1,39],"tags":[],"jetpack_publicize_connections":[],"jetpack_featured_media_url":"https:\/\/baraka.cc\/wp-content\/uploads\/2021\/03\/Screenshot_20210324-114345_Word.jpg","jetpack_shortlink":"https:\/\/wp.me\/p4eHWX-25j","jetpack_sharing_enabled":true,"_links":{"self":[{"href":"https:\/\/baraka.cc\/index.php?rest_route=\/wp\/v2\/posts\/8017"}],"collection":[{"href":"https:\/\/baraka.cc\/index.php?rest_route=\/wp\/v2\/posts"}],"about":[{"href":"https:\/\/baraka.cc\/index.php?rest_route=\/wp\/v2\/types\/post"}],"author":[{"embeddable":true,"href":"https:\/\/baraka.cc\/index.php?rest_route=\/wp\/v2\/users\/7"}],"replies":[{"embeddable":true,"href":"https:\/\/baraka.cc\/index.php?rest_route=%2Fwp%2Fv2%2Fcomments&post=8017"}],"version-history":[{"count":1,"href":"https:\/\/baraka.cc\/index.php?rest_route=\/wp\/v2\/posts\/8017\/revisions"}],"predecessor-version":[{"id":8019,"href":"https:\/\/baraka.cc\/index.php?rest_route=\/wp\/v2\/posts\/8017\/revisions\/8019"}],"wp:featuredmedia":[{"embeddable":true,"href":"https:\/\/baraka.cc\/index.php?rest_route=\/wp\/v2\/media\/8018"}],"wp:attachment":[{"href":"https:\/\/baraka.cc\/index.php?rest_route=%2Fwp%2Fv2%2Fmedia&parent=8017"}],"wp:term":[{"taxonomy":"category","embeddable":true,"href":"https:\/\/baraka.cc\/index.php?rest_route=%2Fwp%2Fv2%2Fcategories&post=8017"},{"taxonomy":"post_tag","embeddable":true,"href":"https:\/\/baraka.cc\/index.php?rest_route=%2Fwp%2Fv2%2Ftags&post=8017"}],"curies":[{"name":"wp","href":"https:\/\/api.w.org\/{rel}","templated":true}]}}