{"id":8073,"date":"2021-03-31T10:40:04","date_gmt":"2021-03-31T08:40:04","guid":{"rendered":"https:\/\/baraka.cc\/?p=8073"},"modified":"2021-03-31T10:40:04","modified_gmt":"2021-03-31T08:40:04","slug":"orff-egitiminin-cocuklarimiza-kazandirdiklari-saadet-caluda","status":"publish","type":"post","link":"https:\/\/baraka.cc\/?p=8073","title":{"rendered":"ORFF E\u011fitiminin \u00c7ocuklar\u0131m\u0131za Kazand\u0131rd\u0131klar\u0131-Saadet \u00c7aluda"},"content":{"rendered":"<p><em>Argasdi&#8217;nin Sanat sayfas\u0131ndaki m\u00fczik k\u00f6\u015fesinde bu say\u0131 Orff e\u011fitim tekni\u011fini konu ald\u0131k. Evde ve okulda e\u011flenceli ve \u00f6\u011fretici yarat\u0131c\u0131l\u0131\u011f\u0131 ama\u00e7layan bu e\u011fitimle tan\u0131\u015fmaya<\/em> <em>ne dersiniz?<\/em><\/p>\n<p><a href=\"https:\/\/baraka.cc\/wp-content\/uploads\/2021\/03\/orff.jpg\"><img decoding=\"async\" loading=\"lazy\" class=\"size-medium wp-image-8024 alignright\" alt=\"orff\" src=\"https:\/\/baraka.cc\/wp-content\/uploads\/2021\/03\/orff-300x217.jpg\" width=\"300\" height=\"217\" srcset=\"https:\/\/baraka.cc\/wp-content\/uploads\/2021\/03\/orff-300x217.jpg 300w, https:\/\/baraka.cc\/wp-content\/uploads\/2021\/03\/orff.jpg 350w\" sizes=\"(max-width: 300px) 100vw, 300px\" \/><\/a>\u201cOrff Yakla\u015f\u0131m\u0131\u2019\u2019, \u201cOrff Tekni\u011fi\u201d isimleriyle de an\u0131lan bu e\u011fitim, besteci Carl ORFF ve dans\u00e7\u0131 Gunild KEETMAN taraf\u0131ndan geli\u015ftirilmi\u015ftir. Orff e\u011fitim tekni\u011finin en temel amac\u0131 \u00e7ocuklarda yarat\u0131c\u0131l\u0131\u011f\u0131 g\u00fc\u00e7lendirmektir; tabi bunu ders gibi de\u011fil de oyun i\u00e7erisinde yapt\u0131rmakt\u0131r. Ayn\u0131 zamanda da m\u00fczik, dans, drama, konu\u015fma ve hareket \u00f6\u011felerinin birle\u015fimini olu\u015fturan bir tekniktir.<\/p>\n<p>Gelin Orff tekni\u011finde yarat\u0131c\u0131l\u0131k alan\u0131na bir \u00f6rnek ile de\u011finelim: \u00d6\u011fretmen, \u00f6\u011frencileri i\u00e7in g\u00fczel bir hikaye kitab\u0131 se\u00e7er. \u00d6nce onu resimlerle de destekleyerek detayl\u0131 bir \u015fekilde anlat\u0131r. Hikayeyi ses oyunlar\u0131 yaparak aktar\u0131r ki \u00f6\u011frencilerin dikkati hikayenin \u00fczerinde olsun ve hayal g\u00fc\u00e7lerini kullanabilsinler. Sonras\u0131ndaysa \u00f6\u011frencilerine \u00e7alg\u0131lar\u0131 verir ve hikayedeki belli ba\u015fl\u0131 karakterlerin seslerini ellerindeki \u00e7alg\u0131lar ile yaratmalar\u0131n\u0131 ister. Daha sonra \u00f6\u011frenciler hikayeyi aya\u011fa kalkarak dramatize eder ve oynar. Yeri gelir \u00e7alg\u0131 kendi bedenimiz olur ve beden perk\u00fcsyonu dedi\u011fimiz en g\u00fc\u00e7l\u00fc \u00e7alg\u0131m\u0131z\u0131 hikayede canland\u0131r\u0131r\u0131z. Belki de iki dakikada okuyup bitirilebilecek bir hikayeyi iki ders saati oynarken bulursunuz kendinizi\u2026 Bu kadar anlatt\u0131ktan sonra zihnimde canlanan kitab\u0131 payla\u015fmazsam olmaz tabi ki. Kitab\u0131m\u0131z\u0131n ad\u0131 \u201cK\u00fc\u00e7\u00fck Kara Bal\u0131k\u201d. \u0130\u015fte Orff tekni\u011finde bu ve buna benzer bir s\u00fcr\u00fc yarat\u0131c\u0131 oyun etkinlikleri vard\u0131r. Bu teknik \u00f6\u011frencilere anaokuldan ba\u015flayarak en fazla ilkokul sonuna kadar verilmesi hedeflenen bir e\u011fitim t\u00fcr\u00fcd\u00fcr. \u00d6zellikle anaokul, \u00f6\u011frencilerin ritim duygusunun en iyi geli\u015ftirilebildi\u011fi, \u00e7alg\u0131lar ve seslerine g\u00f6re onlar\u0131 en iyi ay\u0131rt edebildi\u011fi ya\u015f seviyesi olarak d\u00fc\u015f\u00fcn\u00fclmektedir. Orff tekni\u011finde asla g\u00f6remeyece\u011finiz \u015fey kal\u0131pla\u015fm\u0131\u015f kat\u0131 kurallard\u0131r; yani \u00f6\u011fretmenin derste \u00f6\u011fretece\u011fi \u015feyi tamamen ayn\u0131, de\u011fi\u015ftirmeksizin ve katk\u0131 koymaks\u0131z\u0131n uygulamas\u0131 s\u00f6z konusu de\u011fildir. Kal\u0131pla\u015fm\u0131\u015f kat\u0131 kurallar belki ba\u015fka derslerde bazen s\u00f6z konusu olsa bile Orff e\u011fitiminde buna asla rastlayamazs\u0131n\u0131z; \u00e7\u00fcnk\u00fc \u00f6\u011fretmenin istedi\u011fi ve \u00e7ocu\u011fa kazand\u0131rmay\u0131 hedefledi\u011fi davran\u0131\u015f tamamen yarat\u0131c\u0131l\u0131kt\u0131r.<\/p>\n<p>Gelelim bu yakla\u015f\u0131m\u0131n \u00e7alg\u0131lar\u0131na: Y\u00fcksek oranda tahtadan olu\u015fan Orff \u00e7alg\u0131lar\u0131m\u0131za \u00f6rnek olarak ritim \u00e7ubu\u011fu, \u00e7elik \u00fc\u00e7gen, ka\u015f\u0131k, ksilofon, marakas, tef, kastanyet, guiro, zil, yer davulunu verebiliriz. Bu \u00e7alg\u0131lar\u0131n her birinin kendine has \u00f6zellikleri vard\u0131r. Ancak sahip olduklar\u0131 belki de en \u00f6nemli ortak \u00f6zellik, bu aletlerin baz\u0131lar\u0131n\u0131 \u00e7ocuklarla birlikte yaparak, onlar\u0131 kendi \u00e7alg\u0131lar\u0131n\u0131 \u00fcretmeye te\u015fvik edebilecek, evlerindeyken devam eden bir m\u00fczik ser\u00fcvenin ba\u015flamas\u0131na vesile olabilecek bir potansiyeli bar\u0131nd\u0131rmas\u0131d\u0131r. Bu y\u00f6n\u00fc ile \u00e7ocuklar\u0131n hayatlar\u0131nda ger\u00e7ekten \u00f6nemli yer tutan bir tekniktir ku\u015fkusuz ki. Bu tekni\u011fin m\u00fcfredatta yer alan di\u011fer derslere de katk\u0131s\u0131n\u0131n oldu\u011funu belirtmekte fayda var; \u00f6rne\u011fin m\u00fczi\u011fe uygun ad\u0131mlamak, ad\u0131m ile el koordinasyonu uyumunu yakalamak ve \u015fark\u0131y\u0131 melodik s\u00f6ylemek sadece m\u00fczikte de\u011fil, t\u00fcrk\u00e7e ve matematik alan\u0131nda da \u00e7ocuklara fayda sa\u011flamaktad\u0131r.<\/p>\n<p>S\u00f6z\u00fcn \u00f6z\u00fc; Orff tekni\u011fi bir yandan yeteneklerin ke\u015ffedilerek \u00e7ocuklar\u0131n erken ya\u015fta \u00e7alg\u0131 e\u011fitimine ge\u00e7i\u015flerinde, el koordinasyonu ve k\u00fc\u00e7\u00fck kaslar\u0131n\u0131n geli\u015fiminde katk\u0131 sa\u011flarken di\u011fer yandan da onlara oyun ile m\u00fczi\u011fin muhte\u015fem uyumunu tatt\u0131rmaktad\u0131r.<\/p>\n<p>&nbsp;<\/p>\n<p>&nbsp;<\/p>\n<p>&nbsp;<\/p>\n","protected":false},"excerpt":{"rendered":"<p>Argasdi&#8217;nin Sanat sayfas\u0131ndaki m\u00fczik k\u00f6\u015fesinde bu say\u0131 Orff e\u011fitim tekni\u011fini konu ald\u0131k. Evde ve okulda e\u011flenceli ve \u00f6\u011fretici yarat\u0131c\u0131l\u0131\u011f\u0131 ama\u00e7layan bu e\u011fitimle tan\u0131\u015fmaya ne dersiniz?<\/p>\n","protected":false},"author":7,"featured_media":8024,"comment_status":"open","ping_status":"open","sticky":false,"template":"","format":"standard","meta":{"jetpack_post_was_ever_published":false,"_jetpack_newsletter_access":"","_jetpack_newsletter_tier_id":0,"jetpack_publicize_message":"","jetpack_is_tweetstorm":false,"jetpack_publicize_feature_enabled":true,"jetpack_social_post_already_shared":true,"jetpack_social_options":{"image_generator_settings":{"template":"highway","enabled":false}}},"categories":[40,67,44,9,1,39],"tags":[],"jetpack_publicize_connections":[],"jetpack_featured_media_url":"https:\/\/baraka.cc\/wp-content\/uploads\/2021\/03\/orff.jpg","jetpack_shortlink":"https:\/\/wp.me\/p4eHWX-26d","jetpack_sharing_enabled":true,"_links":{"self":[{"href":"https:\/\/baraka.cc\/index.php?rest_route=\/wp\/v2\/posts\/8073"}],"collection":[{"href":"https:\/\/baraka.cc\/index.php?rest_route=\/wp\/v2\/posts"}],"about":[{"href":"https:\/\/baraka.cc\/index.php?rest_route=\/wp\/v2\/types\/post"}],"author":[{"embeddable":true,"href":"https:\/\/baraka.cc\/index.php?rest_route=\/wp\/v2\/users\/7"}],"replies":[{"embeddable":true,"href":"https:\/\/baraka.cc\/index.php?rest_route=%2Fwp%2Fv2%2Fcomments&post=8073"}],"version-history":[{"count":1,"href":"https:\/\/baraka.cc\/index.php?rest_route=\/wp\/v2\/posts\/8073\/revisions"}],"predecessor-version":[{"id":8074,"href":"https:\/\/baraka.cc\/index.php?rest_route=\/wp\/v2\/posts\/8073\/revisions\/8074"}],"wp:featuredmedia":[{"embeddable":true,"href":"https:\/\/baraka.cc\/index.php?rest_route=\/wp\/v2\/media\/8024"}],"wp:attachment":[{"href":"https:\/\/baraka.cc\/index.php?rest_route=%2Fwp%2Fv2%2Fmedia&parent=8073"}],"wp:term":[{"taxonomy":"category","embeddable":true,"href":"https:\/\/baraka.cc\/index.php?rest_route=%2Fwp%2Fv2%2Fcategories&post=8073"},{"taxonomy":"post_tag","embeddable":true,"href":"https:\/\/baraka.cc\/index.php?rest_route=%2Fwp%2Fv2%2Ftags&post=8073"}],"curies":[{"name":"wp","href":"https:\/\/api.w.org\/{rel}","templated":true}]}}