{"id":8076,"date":"2021-04-01T13:59:20","date_gmt":"2021-04-01T11:59:20","guid":{"rendered":"https:\/\/baraka.cc\/?p=8076"},"modified":"2021-04-01T13:59:20","modified_gmt":"2021-04-01T11:59:20","slug":"john-steinbeck-ve-kitaplarina-dair-sifa-alcicioglu","status":"publish","type":"post","link":"https:\/\/baraka.cc\/?p=8076","title":{"rendered":"John Steinbeck ve Kitaplar\u0131na Dair- \u015eifa Al\u00e7\u0131c\u0131o\u011flu"},"content":{"rendered":"<p><em>Dergimizin Sanat sayfas\u0131nda yer alan &#8220;k\u00fc-t\u00fcp-ha!-ne? ben okudum pek hazettim&#8221; k\u00f6\u015fesinde yer alan makalemizi keyifle okuman\u0131z dile\u011fiyle&#8230;<\/em><\/p>\n<p><a href=\"https:\/\/baraka.cc\/wp-content\/uploads\/2021\/04\/27Subat2017_steinbeck.jpg\"><img decoding=\"async\" loading=\"lazy\" class=\"size-medium wp-image-8077 alignright\" alt=\"27Subat2017_steinbeck\" src=\"https:\/\/baraka.cc\/wp-content\/uploads\/2021\/04\/27Subat2017_steinbeck-300x143.jpg\" width=\"300\" height=\"143\" srcset=\"https:\/\/baraka.cc\/wp-content\/uploads\/2021\/04\/27Subat2017_steinbeck-300x143.jpg 300w, https:\/\/baraka.cc\/wp-content\/uploads\/2021\/04\/27Subat2017_steinbeck.jpg 702w\" sizes=\"(max-width: 300px) 100vw, 300px\" \/><\/a>John Steinbeck\u2019le ilk tan\u0131\u015fmam Fareler ve \u0130nsanlar kitab\u0131yla olmu\u015ftu. \u201cFareler ve \u0130nsanlar\u201d insan\u0131 h\u00fczne bo\u011fan bir hikaye olmas\u0131n\u0131n yan\u0131nda yazar\u0131n 1920\u2019li y\u0131llarda bizzat deneyimledi\u011fi evsiz ve gezici bir \u00e7iftlik \u00e7al\u0131\u015fan\u0131 oldu\u011fu zamanlara da at\u0131fta bulunuyor.\u00a0 Ezilenle ezeni, \u0131rklar aras\u0131ndaki adaletsizli\u011fi ve \u00f6\u011frenilmi\u015f \u00e7aresizli\u011fe inat, insan\u0131 ayakta tutan tek \u015feyin asl\u0131nda umut oldu\u011funu daha da iyi anlaman\u0131z\u0131 sa\u011flayan kitab\u0131n, film uyarlamalar\u0131 da olduk\u00e7a ba\u015far\u0131l\u0131 bir \u015fekilde beyaz perdeye aktar\u0131lm\u0131\u015f. Yazar\u0131n kitaba bu ismi vermesine Robert Burns&#8217;in \u201cTo A Mouse\u201d \u015fiirinde yer alan bir dize neden olmu\u015f: \u201cEn iyi planlar\u0131 farelerin ve insanlar\u0131n, s\u0131k\u00e7a ters gider\u201d.<\/p>\n<p>1902 y\u0131l\u0131n\u0131n 27 \u015eubat\u0131nda d\u00fcnyaya gelen Steinbeck, 1930\u2019lu y\u0131llarda B\u00fcy\u00fck Buhran\u2019\u0131n yaratt\u0131\u011f\u0131 y\u0131k\u0131mdan pay\u0131na d\u00fc\u015feni al\u0131r ancak bu kriz y\u0131llar\u0131, ona ilk roman\u0131n\u0131 yay\u0131mlama f\u0131rsat\u0131 da sunar. 1929 y\u0131l\u0131nda ilk roman\u0131, \u00fcnl\u00fc bir deniz korsan\u0131n\u0131 konu ald\u0131\u011f\u0131 \u201cAlt\u0131n Kupa\u201d yay\u0131mlan\u0131r. \u0130stedi\u011fi ilgiyi g\u00f6remeyen roman\u0131n ard\u0131ndan, denemelerine devam eder ve yaz\u0131n hayat\u0131na 1935\u2019te \u201cYukar\u0131 Mahalle\u201dyle tekrardan d\u00f6n\u00fc\u015f yapar. \u00a0Tar\u0131m i\u015f\u00e7ilerini \u00f6rg\u00fctlemeye \u00e7al\u0131\u015fan iki direni\u015f\u00e7inin hikayesini anlatt\u0131\u011f\u0131 ve adeta ad\u0131yla \u00f6zde\u015fle\u015fen \u201cBitmeyen Kavga\u201d \u00a0ise 1936\u2019da yay\u0131mlan\u0131r. Steinbeck\u2019in haks\u0131zl\u0131\u011fa gelemeyen ve \u00e7o\u011fu ki\u015fi taraf\u0131ndan \u201cayk\u0131r\u0131\u201d bulunan ruhunu bu roman\u0131yla daha da iyi anl\u0131yorsunuz.<\/p>\n<p>B\u00fcy\u00fck Buhran\u2019\u0131n etkileriyle kendi ya\u015fad\u0131\u011f\u0131 yerden kovulup Kaliforniya\u2019ya g\u00f6\u00e7 etmek durumunda b\u0131rak\u0131lan insanlar\u0131n maruz kald\u0131\u011f\u0131 zamanlar\u0131 ise 1936 y\u0131l\u0131nda kaleme ald\u0131\u011f\u0131 \u00f6d\u00fcll\u00fc roman\u0131 \u201cGazap \u00dcz\u00fcmleri\u201dni okurken iliklerinize kadar hissediyorsunuz. B\u00fcy\u00fck \u00e7iftliklerden el \u00e7ektirilen binlerce Amerikal\u0131n\u0131n, ekonomik s\u0131k\u0131nt\u0131lar yan\u0131nda kendi yurdunda g\u00f6\u00e7men olmas\u0131na da tan\u0131k oluyorsunuz.<\/p>\n<p>\u0130kinci Payla\u015f\u0131m Sava\u015f\u0131 zamanlar\u0131n\u0131 da ya\u015fayan yazar, \u00e7ok bilinmeyen ama olduk\u00e7a \u00e7arp\u0131c\u0131 bir esere daha imza atar: \u201cAy Batarken\u201d. Romanda isimsiz bir \u00fclke, isimsiz bir ba\u015fka \u00fclke taraf\u0131ndan i\u015fgal ediliyor. Ancak bu \u00fclkelerin a\u00e7\u0131k\u00e7a yazmasa da Norve\u00e7 ve Almanya oldu\u011funu g\u00f6rebiliyorsunuz. Romanda, kasaba halk\u0131n\u0131n i\u015fgalciye kar\u015f\u0131 \u00e7\u0131karak b\u00fct\u00fcnle\u015fmesinin, i\u015fgalin ve i\u015fgalcinin so\u011fuk suretiyle bo\u011fu\u015furken \u00f6zg\u00fcrl\u00fck u\u011fruna direni\u015f ate\u015fini yeniden alevlemenin anlam\u0131n\u0131 olduk\u00e7a derinden hissediyorsunuz. Ge\u00e7ti\u011fimiz y\u0131l tiyatro ekibimiz taraf\u0131ndan oyunu haz\u0131rlanan Ay Batarken,\u00a0 Pandemi nedeniyle seyircilere ula\u015famasa da youtube kanal\u0131m\u0131zdan izlenebilir.<\/p>\n<p>Eserlerini daktilonun statik sesi yerine kalemin ahengine b\u0131rakan John Steinbeck, 20 Aral\u0131k 1968 y\u0131l\u0131nda hayat\u0131n\u0131 kaybeder. Ger\u00e7ek\u00e7ili\u011fi, i\u015f\u00e7i sorunlar\u0131 ile toplumsal sorunlar\u0131 kendine dert edini\u015fi ve 20\u2019ye yak\u0131n yay\u0131mlanan roman\u0131 ile bu d\u00fcnyadan ge\u00e7en Steinbeck\u2019in baz\u0131 romanlar\u0131 hala g\u00fcncelli\u011fini koruyor. Ezilenin kar\u015f\u0131s\u0131nda, i\u015fgale kar\u015f\u0131 bir ses duymak istiyorsan\u0131z, bu asi ruhla tan\u0131\u015fmak i\u00e7in hala ge\u00e7 de\u011fil.<\/p>\n<div class=\"jetpack-video-wrapper\"><span class=\"embed-youtube\" style=\"text-align:center; display: block;\"><iframe loading=\"lazy\" class=\"youtube-player\" width=\"640\" height=\"360\" src=\"https:\/\/www.youtube.com\/embed\/vqpH-_0V474?version=3&#038;rel=1&#038;showsearch=0&#038;showinfo=1&#038;iv_load_policy=1&#038;fs=1&#038;hl=en-US&#038;autohide=2&#038;wmode=transparent\" allowfullscreen=\"true\" style=\"border:0;\" sandbox=\"allow-scripts allow-same-origin allow-popups allow-presentation\"><\/iframe><\/span><\/div>\n","protected":false},"excerpt":{"rendered":"<p>Dergimizin Sanat sayfas\u0131nda yer alan &#8220;k\u00fc-t\u00fcp-ha!-ne? ben okudum pek hazettim&#8221; k\u00f6\u015fesinde yer alan makalemizi keyifle okuman\u0131z dile\u011fiyle&#8230; John Steinbeck\u2019le ilk tan\u0131\u015fmam Fareler ve \u0130nsanlar kitab\u0131yla<\/p>\n","protected":false},"author":7,"featured_media":8077,"comment_status":"open","ping_status":"open","sticky":false,"template":"","format":"standard","meta":{"jetpack_post_was_ever_published":false,"_jetpack_newsletter_access":"","_jetpack_newsletter_tier_id":0,"jetpack_publicize_message":"","jetpack_is_tweetstorm":false,"jetpack_publicize_feature_enabled":true,"jetpack_social_post_already_shared":true,"jetpack_social_options":{"image_generator_settings":{"template":"highway","enabled":false}}},"categories":[40,67,44,9,1,39],"tags":[],"jetpack_publicize_connections":[],"jetpack_featured_media_url":"https:\/\/baraka.cc\/wp-content\/uploads\/2021\/04\/27Subat2017_steinbeck.jpg","jetpack_shortlink":"https:\/\/wp.me\/p4eHWX-26g","jetpack_sharing_enabled":true,"_links":{"self":[{"href":"https:\/\/baraka.cc\/index.php?rest_route=\/wp\/v2\/posts\/8076"}],"collection":[{"href":"https:\/\/baraka.cc\/index.php?rest_route=\/wp\/v2\/posts"}],"about":[{"href":"https:\/\/baraka.cc\/index.php?rest_route=\/wp\/v2\/types\/post"}],"author":[{"embeddable":true,"href":"https:\/\/baraka.cc\/index.php?rest_route=\/wp\/v2\/users\/7"}],"replies":[{"embeddable":true,"href":"https:\/\/baraka.cc\/index.php?rest_route=%2Fwp%2Fv2%2Fcomments&post=8076"}],"version-history":[{"count":2,"href":"https:\/\/baraka.cc\/index.php?rest_route=\/wp\/v2\/posts\/8076\/revisions"}],"predecessor-version":[{"id":8079,"href":"https:\/\/baraka.cc\/index.php?rest_route=\/wp\/v2\/posts\/8076\/revisions\/8079"}],"wp:featuredmedia":[{"embeddable":true,"href":"https:\/\/baraka.cc\/index.php?rest_route=\/wp\/v2\/media\/8077"}],"wp:attachment":[{"href":"https:\/\/baraka.cc\/index.php?rest_route=%2Fwp%2Fv2%2Fmedia&parent=8076"}],"wp:term":[{"taxonomy":"category","embeddable":true,"href":"https:\/\/baraka.cc\/index.php?rest_route=%2Fwp%2Fv2%2Fcategories&post=8076"},{"taxonomy":"post_tag","embeddable":true,"href":"https:\/\/baraka.cc\/index.php?rest_route=%2Fwp%2Fv2%2Ftags&post=8076"}],"curies":[{"name":"wp","href":"https:\/\/api.w.org\/{rel}","templated":true}]}}