{"id":8097,"date":"2021-04-07T14:31:38","date_gmt":"2021-04-07T12:31:38","guid":{"rendered":"https:\/\/baraka.cc\/?p=8097"},"modified":"2021-04-07T15:04:51","modified_gmt":"2021-04-07T13:04:51","slug":"kultur-sanat-dernekleri-yardim-tuzugu-ile-ilgili-basin-aciklamasi-yapacak-2","status":"publish","type":"post","link":"https:\/\/baraka.cc\/?p=8097","title":{"rendered":"K\u00fclt\u00fcr-Sanat Dernekleri \u201cYard\u0131m T\u00fcz\u00fc\u011f\u00fc\u201d \u0130le \u0130lgili Bas\u0131n A\u00e7\u0131klamas\u0131 Yapacak"},"content":{"rendered":"<p>&nbsp;<\/p>\n<p style=\"text-align: center;\"><b>\u00a0<a href=\"https:\/\/baraka.cc\/wp-content\/uploads\/2021\/04\/download-1.jpg\"><img decoding=\"async\" loading=\"lazy\" class=\"alignnone size-full wp-image-8094\" alt=\"download (1)\" src=\"https:\/\/baraka.cc\/wp-content\/uploads\/2021\/04\/download-1.jpg\" width=\"262\" height=\"192\" \/><\/a><\/b><\/p>\n<p>50\u2019den fazla dernek, 9 Nisan Cuma g\u00fcn\u00fc saat 13.00\u2019de Bakanlar Kurulu toplant\u0131s\u0131n\u0131n ger\u00e7ekle\u015fece\u011fi Ba\u015fbakanl\u0131k \u00f6n\u00fcnde bir bas\u0131n a\u00e7\u0131klamas\u0131 ger\u00e7ekle\u015ftirecek. Dernekler, \u201cG\u00fczel Sanatlarla \u0130lgili Derneklere Yard\u0131m T\u00fcz\u00fc\u011f\u00fc\u201dnde \u015eubat ay\u0131nda yap\u0131lm\u0131\u015f olan antidemokratik de\u011fi\u015fikli\u011fin, k\u00fclt\u00fcr-sanat\u0131n \u00f6zg\u00fcrce geli\u015fimine vuraca\u011f\u0131 darbeyi anlatarak H\u00fck\u00fcmeti bu yanl\u0131\u015ftan d\u00f6nmeye \u00e7a\u011f\u0131rmak amac\u0131yla b\u00f6yle bir eylem d\u00fczenliyor.<\/p>\n<p>Derneklerden yap\u0131lan a\u00e7\u0131klamaya g\u00f6re; \u201cK\u00fclt\u00fcr sanat projelerine maddi katk\u0131 yap\u0131l\u0131p yap\u0131lmamas\u0131na karar veren De\u011ferlendirme Komisyonu&#8217;nun zaten 8 \u00fcyesi devlet yetkililerinden ve\/veya temsilcilerinden olu\u015furken, derneklerin se\u00e7imle belirledi\u011fi 5 \u00fcyenin de siyasete ba\u011flanmas\u0131nda hi\u00e7bir \u015fekilde kamu yarar\u0131 yoktur. Demokrasiyi ve kat\u0131l\u0131mc\u0131l\u0131\u011f\u0131 yok eden bu t\u00fcz\u00fck de\u011fi\u015fikli\u011fi geri al\u0131nmaz ise sonu\u00e7ta kaybeden k\u00fclt\u00fcr-sanat alan\u0131ndaki \u00e7e\u015fitlilik, \u00e7o\u011fulculuk, nitelikli \u00fcretimler ve dolay\u0131s\u0131yla k\u00fclt\u00fcr-sanata duyarl\u0131 halk\u0131m\u0131z olacakt\u0131r.\u201d<\/p>\n<p><b>Ne olmu\u015ftu?<\/b><\/p>\n<p>G\u00fczel Sanatlarla \u0130lgili Derneklere Yard\u0131m T\u00fcz\u00fc\u011f\u00fc, \u015eubat ay\u0131nda, mevzuat gere\u011fi zorunlu olan K\u00fclt\u00fcr Sanat Dan\u0131\u015fma Kurulu\u2019nun g\u00f6r\u00fc\u015f\u00fc al\u0131nmadan de\u011fi\u015ftirilmi\u015f ve De\u011ferlendirme Komisyonu\u2019ndaki 5 dernek temsilcisi s\u00fcre\u00e7ten d\u0131\u015flanm\u0131\u015ft\u0131. Buna derhal tepki g\u00f6steren 50\u2019den fazla dernek, gerek imza kampanyas\u0131 gerekse de Bakan ve K\u00fclt\u00fcr Dairesi M\u00fcd\u00fcr\u00fc ile toplant\u0131lar ger\u00e7ekle\u015ftirerek bir uzla\u015f\u0131 yolu aram\u0131\u015flard\u0131. T\u00fcz\u00fckte bir tak\u0131m d\u00fczeltmeler yap\u0131lmas\u0131 y\u00f6n\u00fcnde \u00e7al\u0131\u015fmalar da ba\u015flat\u0131lm\u0131\u015ft\u0131. Ancak verilen baz\u0131 s\u00f6zlere ra\u011fmen, gelinen a\u015famada T\u00fcz\u00fck halen antidemokratik ve dernekleri d\u0131\u015flay\u0131c\u0131 \u015fekilde y\u00fcr\u00fcrl\u00fcktedir ve derneklere dayat\u0131lm\u0131\u015f durumdad\u0131r.<\/p>\n<p>9 Nisan Cuma g\u00fcn\u00fc saat 13.00\u2019de Bakanlar Kurulu (Ba\u015fbakanl\u0131k) \u00f6n\u00fcnde yap\u0131lacak bas\u0131n a\u00e7\u0131klamas\u0131na t\u00fcm bas\u0131n emek\u00e7ilerinin ve k\u00fclt\u00fcr-sanata duyarl\u0131 halk\u0131m\u0131z\u0131n ilgisini rica ederiz.<\/p>\n","protected":false},"excerpt":{"rendered":"<p>&nbsp; \u00a0 50\u2019den fazla dernek, 9 Nisan Cuma g\u00fcn\u00fc saat 13.00\u2019de Bakanlar Kurulu toplant\u0131s\u0131n\u0131n ger\u00e7ekle\u015fece\u011fi Ba\u015fbakanl\u0131k \u00f6n\u00fcnde bir bas\u0131n a\u00e7\u0131klamas\u0131 ger\u00e7ekle\u015ftirecek. Dernekler, \u201cG\u00fczel Sanatlarla \u0130lgili<\/p>\n","protected":false},"author":3,"featured_media":8098,"comment_status":"open","ping_status":"open","sticky":false,"template":"","format":"standard","meta":{"jetpack_post_was_ever_published":false,"_jetpack_newsletter_access":"","_jetpack_newsletter_tier_id":0,"jetpack_publicize_message":"","jetpack_is_tweetstorm":false,"jetpack_publicize_feature_enabled":true,"jetpack_social_post_already_shared":true,"jetpack_social_options":{"image_generator_settings":{"template":"highway","enabled":false}}},"categories":[9,1],"tags":[],"jetpack_publicize_connections":[],"jetpack_featured_media_url":"https:\/\/baraka.cc\/wp-content\/uploads\/2021\/04\/151220181123581238071_2.jpg","jetpack_shortlink":"https:\/\/wp.me\/p4eHWX-26B","jetpack_sharing_enabled":true,"_links":{"self":[{"href":"https:\/\/baraka.cc\/index.php?rest_route=\/wp\/v2\/posts\/8097"}],"collection":[{"href":"https:\/\/baraka.cc\/index.php?rest_route=\/wp\/v2\/posts"}],"about":[{"href":"https:\/\/baraka.cc\/index.php?rest_route=\/wp\/v2\/types\/post"}],"author":[{"embeddable":true,"href":"https:\/\/baraka.cc\/index.php?rest_route=\/wp\/v2\/users\/3"}],"replies":[{"embeddable":true,"href":"https:\/\/baraka.cc\/index.php?rest_route=%2Fwp%2Fv2%2Fcomments&post=8097"}],"version-history":[{"count":2,"href":"https:\/\/baraka.cc\/index.php?rest_route=\/wp\/v2\/posts\/8097\/revisions"}],"predecessor-version":[{"id":8100,"href":"https:\/\/baraka.cc\/index.php?rest_route=\/wp\/v2\/posts\/8097\/revisions\/8100"}],"wp:featuredmedia":[{"embeddable":true,"href":"https:\/\/baraka.cc\/index.php?rest_route=\/wp\/v2\/media\/8098"}],"wp:attachment":[{"href":"https:\/\/baraka.cc\/index.php?rest_route=%2Fwp%2Fv2%2Fmedia&parent=8097"}],"wp:term":[{"taxonomy":"category","embeddable":true,"href":"https:\/\/baraka.cc\/index.php?rest_route=%2Fwp%2Fv2%2Fcategories&post=8097"},{"taxonomy":"post_tag","embeddable":true,"href":"https:\/\/baraka.cc\/index.php?rest_route=%2Fwp%2Fv2%2Ftags&post=8097"}],"curies":[{"name":"wp","href":"https:\/\/api.w.org\/{rel}","templated":true}]}}