{"id":8101,"date":"2021-04-09T14:00:27","date_gmt":"2021-04-09T12:00:27","guid":{"rendered":"https:\/\/baraka.cc\/?p=8101"},"modified":"2021-04-09T14:00:27","modified_gmt":"2021-04-09T12:00:27","slug":"kultur-derneklerinden-basbakanlik-onunde-eylem-tuzuk-degisikligi-yapilmazsa-kaybeden-kultur-ve-sanatimiz-olacaktir","status":"publish","type":"post","link":"https:\/\/baraka.cc\/?p=8101","title":{"rendered":"K\u00fclt\u00fcr Derneklerinden Ba\u015fbakanl\u0131k \u00d6n\u00fcnde Eylem: \u201cT\u00fcz\u00fck de\u011fi\u015fikli\u011fi yap\u0131lmazsa kaybeden k\u00fclt\u00fcr ve sanat\u0131m\u0131z olacakt\u0131r\u201d"},"content":{"rendered":"<p style=\"text-align: center;\"><a href=\"https:\/\/baraka.cc\/wp-content\/uploads\/2021\/04\/1.jpg\"><img decoding=\"async\" loading=\"lazy\" class=\"alignnone size-medium wp-image-8102\" alt=\"1\" src=\"https:\/\/baraka.cc\/wp-content\/uploads\/2021\/04\/1-300x140.jpg\" width=\"300\" height=\"140\" srcset=\"https:\/\/baraka.cc\/wp-content\/uploads\/2021\/04\/1-300x140.jpg 300w, https:\/\/baraka.cc\/wp-content\/uploads\/2021\/04\/1-1024x481.jpg 1024w, https:\/\/baraka.cc\/wp-content\/uploads\/2021\/04\/1.jpg 1256w\" sizes=\"(max-width: 300px) 100vw, 300px\" \/><\/a><\/p>\n<p>\u00c7e\u015fitli alanlarda faaliyet g\u00f6steren 66 dernek ad\u0131na temsilciler, bug\u00fcn Bakanlar Kurulu toplant\u0131s\u0131n\u0131n yap\u0131laca\u011f\u0131 Ba\u015fbakanl\u0131k \u00f6n\u00fcnde bir bas\u0131n a\u00e7\u0131klamas\u0131 ger\u00e7ekle\u015ftirdi. Bas\u0131n a\u00e7\u0131klamas\u0131n\u0131 \u00f6ncesi yap\u0131lan konu\u015fmada, \u00fclkemizin do\u011fusundan bat\u0131s\u0131na, halk danslar\u0131, foto\u011fraf, seramik, edebiyat, m\u00fczik, tiyatro, kad\u0131n \u00e7al\u0131\u015fmalar\u0131 ve benzeri alanlarda \u00fcretimler yapan ve y\u00fczlerce \u00fcyesi bulunan derneklerin ortak bir s\u0131k\u0131nt\u0131s\u0131n\u0131n dile getirilece\u011fi vurguland\u0131. Pandemi ko\u015fullar\u0131 gere\u011fi, toplum sa\u011fl\u0131\u011f\u0131n\u0131 korumak ad\u0131na s\u0131n\u0131rl\u0131 say\u0131da temsilci ile ger\u00e7ekle\u015ftirilen eyleme destek veren turizm emek\u00e7ilerine ve Bu Memleket Bizim Platformu\u2019na da te\u015fekk\u00fcr edildi. Serkan Soyalan\u2019\u0131n okudu\u011fu ortak a\u00e7\u0131klamada; \u015eubat ay\u0131nda, G\u00fczel Sanatlarla \u0130lgili Derneklere Yard\u0131m T\u00fcz\u00fc\u011f\u00fc\u2019nde, derneklere hi\u00e7 dan\u0131\u015f\u0131lmadan de\u011fi\u015fiklik yap\u0131ld\u0131\u011f\u0131 ve derneklerin De\u011ferlendirme Komisyonu\u2019na se\u00e7ti\u011fi 5 \u00fcyenin iptal edildi\u011fi anlat\u0131ld\u0131. Komisyonda, Bakanl\u0131k\u00e7a g\u00f6revlendirilen 8 \u00fcye ile derneklerin demokratik se\u00e7imle belirledi\u011fi 5 \u00fcyenin y\u0131llard\u0131r uzla\u015f\u0131 i\u00e7erisinde \u00e7al\u0131\u015ft\u0131\u011f\u0131 vurgulanarak \u201cPandemi ko\u015fullar\u0131nda devletin, k\u00fclt\u00fcr ve sanat\u0131 ya\u015fatmak i\u00e7in daha \u00e7ok destek olmas\u0131 gerekirken b\u00f6ylesi bir de\u011fi\u015fikli\u011fe gidilmesini ve derneklerin d\u0131\u015flanmas\u0131n\u0131 protesto ediyoruz\u201d denildi. Ayr\u0131ca bir s\u00fcredir Bakan ve K\u00fclt\u00fcr Dairesi M\u00fcd\u00fcr\u00fc ile toplant\u0131lar ger\u00e7ekle\u015ftirildi\u011fi ve bu toplant\u0131lardan \u00e7\u0131kan sonu\u00e7lar\u0131n da takip\u00e7isi olunaca\u011f\u0131 belirtildi.<\/p>\n<p><a href=\"https:\/\/baraka.cc\/wp-content\/uploads\/2021\/04\/2.jpg\"><img decoding=\"async\" loading=\"lazy\" class=\"alignnone size-medium wp-image-8103\" alt=\"2\" src=\"https:\/\/baraka.cc\/wp-content\/uploads\/2021\/04\/2-300x192.jpg\" width=\"300\" height=\"192\" srcset=\"https:\/\/baraka.cc\/wp-content\/uploads\/2021\/04\/2-300x192.jpg 300w, https:\/\/baraka.cc\/wp-content\/uploads\/2021\/04\/2-1024x658.jpg 1024w, https:\/\/baraka.cc\/wp-content\/uploads\/2021\/04\/2.jpg 1440w\" sizes=\"(max-width: 300px) 100vw, 300px\" \/><\/a>\u00a0<a href=\"https:\/\/baraka.cc\/wp-content\/uploads\/2021\/04\/3.jpg\"><img decoding=\"async\" loading=\"lazy\" class=\"alignnone size-medium wp-image-8104\" alt=\"3\" src=\"https:\/\/baraka.cc\/wp-content\/uploads\/2021\/04\/3-267x300.jpg\" width=\"267\" height=\"300\" srcset=\"https:\/\/baraka.cc\/wp-content\/uploads\/2021\/04\/3-267x300.jpg 267w, https:\/\/baraka.cc\/wp-content\/uploads\/2021\/04\/3-911x1024.jpg 911w, https:\/\/baraka.cc\/wp-content\/uploads\/2021\/04\/3.jpg 1021w\" sizes=\"(max-width: 267px) 100vw, 267px\" \/><\/a><\/p>\n<p><b>A\u00e7\u0131klaman\u0131n tam metni ise \u015f\u00f6yle:<\/b><\/p>\n<p>De\u011ferli bas\u0131n emek\u00e7ileri k\u00fclt\u00fcr-sanata duyarl\u0131 halk\u0131m\u0131z,<\/p>\n<p>\u015eubat ay\u0131nda, G\u00fczel Sanatlarla \u0130lgili Derneklere Yard\u0131m T\u00fcz\u00fc\u011f\u00fc\u2019nde bir de\u011fi\u015fiklik yap\u0131larak De\u011ferlendirme Komisyonu&#8217;na, K\u00fclt\u00fcr-Sanat Dan\u0131\u015fma Kurulunca se\u00e7ilmekte olan 5 \u00fcyenin iptal edildi\u011fini ve yerine K\u00fclt\u00fcr Dairesi M\u00fcd\u00fcr\u00fc taraf\u0131ndan 5 \u00fcyenin atanaca\u011f\u0131n\u0131 \u00f6\u011frendik. \u00d6ncelikle \u015funu belirtmek isteriz ki, y\u0131llard\u0131r bu alanda aktif olarak \u00e7al\u0131\u015fan; m\u00fczikten halk danslar\u0131na, tiyatrodan foto\u011fraf\u00e7\u0131l\u0131\u011fa, tangodan edebiyata kadar pek \u00e7ok konudaki \u00fcretimlere imza atarak k\u00fclt\u00fcr ve sanat\u0131n geli\u015fimine katk\u0131 yapan onlarca dernek varken hi\u00e7birinin fikri al\u0131nmadan b\u00f6yle bir de\u011fi\u015fikli\u011fe gidilmesi kabul edilemezdir. \u00dcstelik yasal dayanakla kurulmu\u015f olan ve derneklerin se\u00e7ilmi\u015f temsilcilerinin de yer ald\u0131\u011f\u0131 K\u00fclt\u00fcr Sanat Dan\u0131\u015fma Kurulu, yasa ve t\u00fcz\u00fck gere\u011fi Bakan&#8217;a dan\u0131\u015fmanl\u0131k yapmakla g\u00f6revli ve yetkilidir. T\u00fcz\u00fck de\u011fi\u015fikli\u011fine gidilmeden bu Kurulun g\u00f6r\u00fc\u015f\u00fcn\u00fcn al\u0131nmas\u0131 \u00e7ok daha do\u011fru ve sa\u011fl\u0131kl\u0131 olurdu. Oysa Bakanl\u0131k, bunu yapmadan G\u00fczel Sanatlarla \u0130lgili Derneklere Yard\u0131m T\u00fcz\u00fc\u011f\u00fc\u2019n\u00fc de\u011fi\u015ftirmi\u015ftir. Dolay\u0131s\u0131yla bu T\u00fcz\u00fck de\u011fi\u015fikli\u011fi sadece antidemokratik de\u011fil, team\u00fcllere de ayk\u0131r\u0131 olmu\u015ftur.<\/p>\n<p>De\u011ferlendirme Komisyonu\u2019nda, mevcut t\u00fcz\u00fc\u011fe g\u00f6re Bakanl\u0131k\u00e7a g\u00f6revlendirilen 8 \u00fcye ile K\u00fclt\u00fcr Sanat Dan\u0131\u015fma Kurulu taraf\u0131ndan demokratik se\u00e7imle belirlenen 5 \u00fcye, y\u0131llard\u0131r uyumlu ve uzla\u015f\u0131 i\u00e7erisinde \u00e7al\u0131\u015fmaktayd\u0131. \u015eimdi bunca zorlu\u011fun ya\u015fand\u0131\u011f\u0131 Pandemi ko\u015fullar\u0131nda devletin, k\u00fclt\u00fcr ve sanat\u0131 ya\u015fatmak i\u00e7in derneklere daha \u00e7ok destek olmas\u0131 gerekirken b\u00f6ylesi bir de\u011fi\u015fikli\u011fe gidilmesini \u015fiddetle k\u0131n\u0131yoruz ve protesto ediyoruz. Mevcut t\u00fcz\u00fck, devlet olanaklar\u0131n\u0131n, atanm\u0131\u015f ki\u015filerin iki duda\u011f\u0131 aras\u0131ndan \u00e7\u0131kacak keyfi ve partizan kararlarla y\u00fcr\u00fct\u00fclmesine alternatif, demokratik, kat\u0131l\u0131mc\u0131 ve devlet ile derneklerin i\u015fbirli\u011fini hayata ge\u00e7iren bir t\u00fcz\u00fck olarak kurgulanm\u0131\u015ft\u0131. Ancak y\u0131llar i\u00e7inde uygulamada ortaya \u00e7\u0131kan eksiklikleri gidermenin yolu, kesinlikle dernek temsilcilerinin karar alma s\u00fcreci d\u0131\u015f\u0131na at\u0131lmas\u0131 olamaz. Hep ayn\u0131 ki\u015filerin g\u00f6rev yapmas\u0131 bir sorun olarak g\u00f6r\u00fcl\u00fcrse, Komisyon \u00fcyeli\u011fine belli bir s\u00fcre s\u0131n\u0131r\u0131 konmas\u0131 gayet uygun, demokratik ve kat\u0131l\u0131mc\u0131 bir \u00e7\u00f6z\u00fcm olacakt\u0131r.<\/p>\n<p>Bu ama\u00e7la bir s\u00fcredir Bakan ve K\u00fclt\u00fcr Dairesi M\u00fcd\u00fcr\u00fc ile toplant\u0131lar ger\u00e7ekle\u015ftirdik ve bir uzla\u015f\u0131 noktas\u0131 bulmak \u00fczere \u00e7e\u015fitli \u00f6nerilerde bulunduk. \u00d6nerilerimiz t\u00fcm\u00fcyle kabul g\u00f6rmedi ancak d\u00fcn yapt\u0131\u011f\u0131m\u0131z toplant\u0131da Bakan\u2019dan bir s\u00f6z ald\u0131k. \u015e\u00f6yle ki; derneklerin se\u00e7ece\u011fi sadece 2 ki\u015fi aras\u0131ndan Bakan\u0131n veya K\u00fclt\u00fcr Dairesi M\u00fcd\u00fcr\u00fcn\u00fcn atama yapmas\u0131 \u015feklinde T\u00fcz\u00fc\u011f\u00fcn de\u011fi\u015ftirilece\u011fi bize a\u00e7\u0131kland\u0131. Bu y\u00f6ndeki bir uygulaman\u0131n yarataca\u011f\u0131 sak\u0131ncalar\u0131 veya sa\u011flayaca\u011f\u0131 fayday\u0131 hen\u00fcz enine boyuna de\u011ferlendirme imkan\u0131m\u0131z olmasa da ve bu hususta \u00e7e\u015fitli dernekler farkl\u0131 g\u00f6r\u00fc\u015flerde olmakla birlikte, t\u00fcm dernekler olarak Bakan\u0131n en az\u0131ndan verdi\u011fi bu s\u00f6z\u00fc tutmas\u0131n\u0131n takip\u00e7isi olaca\u011f\u0131z. Bu T\u00fcz\u00fck de\u011fi\u015fikli\u011fi Nisan ay\u0131 sonuna kadar yap\u0131lmaz ise sonu\u00e7ta kaybeden k\u00fclt\u00fcr-sanat alan\u0131ndaki \u00e7e\u015fitlilik, \u00e7o\u011fulculuk, nitelikli \u00fcretimler ve dolay\u0131s\u0131yla k\u00fclt\u00fcr-sanata duyarl\u0131 halk\u0131m\u0131z olacakt\u0131r.<\/p>\n<p>\u015eunu da kaydetmek gerekir ki; k\u00fclt\u00fcr ve sanat\u0131n geli\u015fmesi i\u00e7in devletin deste\u011fi \u00f6nemli ve gereklidir hatta bu, devletin Anayasal \u00f6devidir. Ancak k\u00fclt\u00fcr-sanat, devletin ve resmi ideolojinin uhdesinde olmamal\u0131, farkl\u0131 ve renkli alternatif seslere ve yarat\u0131c\u0131 d\u00fc\u015f\u00fcncelere yer a\u00e7\u0131lmal\u0131d\u0131r. Bu a\u00e7\u0131klamay\u0131 yapan k\u00fclt\u00fcr-sanat dernekleri olarak, tek derdimiz devletten katk\u0131 almak de\u011fildir. Elbette parasal destekle \u00fcretimlerimiz daha kaliteli olabilmekte, halk\u0131m\u0131za daha fazla ula\u015fabilmekte, gen\u00e7lerimize, \u00e7ocuklar\u0131m\u0131za \u00fccretsiz etkinliklere d\u00f6n\u00fc\u015febilmektedir. Ancak bizler, \u00fclkesine, k\u00fclt\u00fcr\u00fcne ve sanata g\u00f6n\u00fcl vermi\u015f ki\u015filer olarak kendi dayan\u0131\u015fma a\u011flar\u0131m\u0131zla da \u00fcretimlerimizi her \u015fekilde s\u00fcrd\u00fcrece\u011fiz. Derdimiz, y\u0131llar i\u00e7inde m\u00fccadele ile kazand\u0131\u011f\u0131m\u0131z demokratik ve kat\u0131l\u0131mc\u0131 bir anlay\u0131\u015f\u0131n, topluma da zarar verecek \u015fekilde otoriter bir zihniyetle de\u011fi\u015ftirilmi\u015f olmas\u0131d\u0131r. Bakanl\u0131\u011f\u0131 bu konuda verdi\u011fi s\u00f6z\u00fc tutmaya ve t\u00fcm halk\u0131m\u0131z\u0131 da k\u00fclt\u00fcr-sanata sahip \u00e7\u0131kmaya \u00e7a\u011f\u0131r\u0131yoruz.<\/p>\n<p>Akademi Sanat Derne\u011fi<\/p>\n<p>Akdeniz Avrupa Sanat Derne\u011fi (EMAA)<\/p>\n<p>Ak\u00e7ay K\u00fclt\u00fcr Sanat Derne\u011fi (AKDER)<\/p>\n<p>Alayk\u00f6y Folklor Derne\u011fi<\/p>\n<p>Alpay Volkan K\u00fclt\u00fcr Sanat Derne\u011fi<\/p>\n<p>Alzheimer Derne\u011fi<\/p>\n<p>AVSAD<\/p>\n<p>AYDER<\/p>\n<p>Baraka K\u00fclt\u00fcr Merkezi<\/p>\n<p>\u00c7atalk\u00f6y\u2019\u00fc Geli\u015ftirme ve K\u00fclt\u00fcr Derne\u011fi (\u00c7ADER)<\/p>\n<p>Dikmen Gen\u00e7lik Merkezi Derne\u011fi (D\u0130GEM)<\/p>\n<p>D\u00f6rd\u00fcnc\u00fc Duvar K\u00fclt\u00fcr ve D\u00fc\u015f\u00fcnce Derne\u011fi<\/p>\n<p>Envision Diversity<\/p>\n<p>Evrensel Hasta Haklar\u0131 Derne\u011fi<\/p>\n<p>Gen\u00e7 Yetenekler K\u00fclt\u00fcr Sanat Derne\u011fi<\/p>\n<p>Gen\u00e7lik Merkezi Birli\u011fi<\/p>\n<p>Girne Gen\u00e7lik Merkezi<\/p>\n<p>G\u00f6\u00e7menk\u00f6y Ta\u015fk\u0131nk\u00f6y K\u00fclt\u00fcr Derne\u011fi (G\u00d6\u00c7-TA\u015e)<\/p>\n<p>G\u00fczelyurt Amat\u00f6r Sanat\u00e7\u0131lar Derne\u011fi (GASAD)<\/p>\n<p>G\u00fczelyurt At\u0131l\u0131mc\u0131 Sanat Derne\u011fi (GASAD)<\/p>\n<p>G\u00fczelyurt Geli\u015ftirme ve Kalk\u0131nd\u0131rma Derne\u011fi (G\u00dcKAD)<\/p>\n<p>Halk Sanatlar\u0131 Derne\u011fi (HASDER)<\/p>\n<p>Hayata Dokun Hareketi<\/p>\n<p>\u0130n\u00f6n\u00fc Gen\u00e7lik Merkezi K\u00fclt\u00fcr Sanat ve Spor Derne\u011fi (\u0130GEM)<\/p>\n<p>\u0130nsan Kaynaklar\u0131 Y\u00f6netimi Derne\u011fi (\u0130KYD)<\/p>\n<p>\u0130skele K\u00fclt\u00fcr Sanat Derne\u011fi (\u0130SDER)<\/p>\n<p>Kad\u0131ndan Ya\u015fama Destek Derne\u011fi (KAYAD)<\/p>\n<p>Kalkanl\u0131 Yard\u0131mla\u015fma ve Dayan\u0131\u015fma Derne\u011fi (KAYDER)<\/p>\n<p>K\u0131br\u0131s AB Derne\u011fi<\/p>\n<p>K\u0131br\u0131s Ada Tango Derne\u011fi<\/p>\n<p>K\u0131br\u0131s Edebiyat Derne\u011fi<\/p>\n<p>K\u0131br\u0131s Foto\u011fraf Sanat\u0131 Derne\u011fi (KIFSAD)<\/p>\n<p>K\u0131br\u0131s Havalar\u0131 Derne\u011fi (KIBHAD)<\/p>\n<p>K\u0131br\u0131s K\u00e2\u011f\u0131t Sanat\u00e7\u0131lar\u0131 Derne\u011fi<\/p>\n<p>K\u0131br\u0131s Polifonik Korolar Derne\u011fi<\/p>\n<p>K\u0131br\u0131s Sanat Derne\u011fi<\/p>\n<p>K\u0131br\u0131s Sanat\u00e7\u0131 ve Yazarlar Birli\u011fi<\/p>\n<p>K\u0131br\u0131s T\u00fcrk Foto\u011fraf Derne\u011fi<\/p>\n<p>K\u0131br\u0131s T\u00fcrk Frans\u0131z K\u00fclt\u00fcr Derne\u011fi<\/p>\n<p>K\u0131br\u0131s T\u00fcrk K\u00fct\u00fcphaneciler Derne\u011fi<\/p>\n<p>K\u0131br\u0131s T\u00fcrk \u00dcniversiteli Kad\u0131nlar Derne\u011fi (KT\u00dcKD)<\/p>\n<p>K\u0131br\u0131s T\u00fcrk Yazarlar Birli\u011fi<\/p>\n<p>Kuir K\u0131br\u0131s Derne\u011fi<\/p>\n<p>Kuzey K\u0131br\u0131s Seramik\u00e7iler Derne\u011fi<\/p>\n<p>Lefko\u015fa Folklor Derne\u011fi (FOLKDER)<\/p>\n<p>Lefko\u015fa Folklor ve Gen\u00e7lik Merkezi (FOGEM)<\/p>\n<p>Lirik \u015eiir Grubu<\/p>\n<p>Mehmet\u00e7ik K\u00fclt\u00fcr ve Dayan\u0131\u015fma Derne\u011fi<\/p>\n<p>Ma\u011fusa Kad\u0131n Merkezi Derne\u011fi (MAKAMER)<\/p>\n<p>Ma\u011fusa K\u00fclt\u00fcr Derne\u011fi<\/p>\n<p>Nicosia New Generation Lions Kul\u00fcb\u00fc<\/p>\n<p>\u00d6zg\u00fcr Ad\u0131mlar K\u00fclt\u00fcr ve Sanat Derne\u011fi<\/p>\n<p>Sevgi \u00c7i\u00e7e\u011fi K\u00fclt\u00fcr Sanat Derne\u011fi (SE\u00c7DER)<\/p>\n<p>Sivil Toplum \u0130nisiyatifi<\/p>\n<p>Sonare \u00c7oksesli Korolar Derne\u011fi<\/p>\n<p>Tango Siempre Dans ve Sosyal Aktivite Derne\u011fi<\/p>\n<p>Turizm ve Folklor Ara\u015ft\u0131rmalar\u0131 Derne\u011fi (TUFAD)<\/p>\n<p>\u00dc\u00e7\u00fcnc\u00fc Toplum Forumu<\/p>\n<p>\u00dcretim Merkezi<\/p>\n<p>Yeni Erenk\u00f6y K\u00fclt\u00fcr ve Sanat Derne\u011fi (YENDER)<\/p>\n<p>Yunan Dili Derne\u011fi (YUDER)<\/p>\n<p>&nbsp;<\/p>\n<p><i>Ayr\u0131ca \u201cBu Memleket Bizim Platformu\u201d da derneklere destek a\u00e7\u0131klam\u0131\u015ft\u0131r. <\/i><\/p>\n<p>&nbsp;<\/p>\n<p>&nbsp;<\/p>\n","protected":false},"excerpt":{"rendered":"<p>\u00c7e\u015fitli alanlarda faaliyet g\u00f6steren 66 dernek ad\u0131na temsilciler, bug\u00fcn Bakanlar Kurulu toplant\u0131s\u0131n\u0131n yap\u0131laca\u011f\u0131 Ba\u015fbakanl\u0131k \u00f6n\u00fcnde bir bas\u0131n a\u00e7\u0131klamas\u0131 ger\u00e7ekle\u015ftirdi. Bas\u0131n a\u00e7\u0131klamas\u0131n\u0131 \u00f6ncesi yap\u0131lan konu\u015fmada, \u00fclkemizin<\/p>\n","protected":false},"author":3,"featured_media":8103,"comment_status":"open","ping_status":"open","sticky":false,"template":"","format":"standard","meta":{"jetpack_post_was_ever_published":false,"_jetpack_newsletter_access":"","_jetpack_newsletter_tier_id":0,"jetpack_publicize_message":"","jetpack_is_tweetstorm":false,"jetpack_publicize_feature_enabled":true,"jetpack_social_post_already_shared":true,"jetpack_social_options":{"image_generator_settings":{"template":"highway","enabled":false}}},"categories":[41,38,66,45,9,1],"tags":[],"jetpack_publicize_connections":[],"jetpack_featured_media_url":"https:\/\/baraka.cc\/wp-content\/uploads\/2021\/04\/2.jpg","jetpack_shortlink":"https:\/\/wp.me\/p4eHWX-26F","jetpack_sharing_enabled":true,"_links":{"self":[{"href":"https:\/\/baraka.cc\/index.php?rest_route=\/wp\/v2\/posts\/8101"}],"collection":[{"href":"https:\/\/baraka.cc\/index.php?rest_route=\/wp\/v2\/posts"}],"about":[{"href":"https:\/\/baraka.cc\/index.php?rest_route=\/wp\/v2\/types\/post"}],"author":[{"embeddable":true,"href":"https:\/\/baraka.cc\/index.php?rest_route=\/wp\/v2\/users\/3"}],"replies":[{"embeddable":true,"href":"https:\/\/baraka.cc\/index.php?rest_route=%2Fwp%2Fv2%2Fcomments&post=8101"}],"version-history":[{"count":1,"href":"https:\/\/baraka.cc\/index.php?rest_route=\/wp\/v2\/posts\/8101\/revisions"}],"predecessor-version":[{"id":8105,"href":"https:\/\/baraka.cc\/index.php?rest_route=\/wp\/v2\/posts\/8101\/revisions\/8105"}],"wp:featuredmedia":[{"embeddable":true,"href":"https:\/\/baraka.cc\/index.php?rest_route=\/wp\/v2\/media\/8103"}],"wp:attachment":[{"href":"https:\/\/baraka.cc\/index.php?rest_route=%2Fwp%2Fv2%2Fmedia&parent=8101"}],"wp:term":[{"taxonomy":"category","embeddable":true,"href":"https:\/\/baraka.cc\/index.php?rest_route=%2Fwp%2Fv2%2Fcategories&post=8101"},{"taxonomy":"post_tag","embeddable":true,"href":"https:\/\/baraka.cc\/index.php?rest_route=%2Fwp%2Fv2%2Ftags&post=8101"}],"curies":[{"name":"wp","href":"https:\/\/api.w.org\/{rel}","templated":true}]}}