{"id":814,"date":"2010-08-02T16:28:13","date_gmt":"2010-08-02T13:28:13","guid":{"rendered":"https:\/\/baraka.cc\/?p=814"},"modified":"2017-09-19T12:02:16","modified_gmt":"2017-09-19T10:02:16","slug":"toplumsal-varolu-mytyngynde-25-gozalti","status":"publish","type":"post","link":"https:\/\/baraka.cc\/?p=814","title":{"rendered":"TOPLUMSAL VAROLU\u015e M\u0130TY\u0130G\u0130NDE 25 G\u00d6ZALTI"},"content":{"rendered":"<p class=\"MsoNoSpacing\" style=\"margin: 0cm 0cm 0pt; line-height: 150%; text-align: justify;\">\n<p><b>Ulusal Birlik Partisi (UBP) h\u00fck\u00fcmetinin AKP\u2019nin dayatmalar\u0131 ile ge\u00e7irdi\u011fi neo-liberal yasalar\u0131 protesto i\u00e7in sendikalar taraf\u0131ndan 2 A\u011fustos 2010 tarihinde Lefko\u015fa\u2019da\u00a0organize edilen mitinge g\u00f6zalt\u0131lar damgas\u0131n\u0131 vurdu.\u00a0Meclis \u00f6n\u00fc ve \u00e7evresinin polis ablukas\u0131nda olan mitingde aralar\u0131nda sendika ba\u015fkanlar\u0131n\u0131n da bulundu\u011fu toplam 25 ki\u015fi g\u00f6zalt\u0131na al\u0131nd\u0131.<\/b><\/p>\n<p class=\"MsoNoSpacing\" style=\"margin: 0cm 0cm 0pt; line-height: 150%; text-align: justify;\">\n<p><b>\u00a0 \u00a0 \u00a0<\/b><\/p>\n<p class=\"MsoNoSpacing\" style=\"margin: 0cm 0cm 0pt; line-height: 150%; text-align: justify;\">\n<p><b>\u00a0\u00a0<\/b><b>\u00a0 \u00a0 \u00a0 \u00a0 \u00a0 \u00a0 \u00a0 \u00a0 \u00a0 \u00a0 \u00a0 \u00a0 \u00a0 \u00a0 \u00a0 \u00a0 \u00a0 \u00a0 \u00a0 \u00a0<\/b><\/p>\n<p class=\"MsoNoSpacing\" style=\"margin: 0cm 0cm 0pt; line-height: 150%; text-align: justify;\">\n<p>&nbsp;<\/p>\n<p class=\"MsoNoSpacing\" style=\"margin: 0cm 0cm 0pt; line-height: 150%; text-align: justify;\">\n<p>&nbsp;<\/p>\n<p class=\"MsoNoSpacing\" style=\"margin: 0cm 0cm 0pt; line-height: 150%; text-align: justify;\">\n<p>UBP h\u00fck\u00fcmetinin AKP dayatmalar\u0131 ile ge\u00e7irdi\u011fi \u2018ekonomik \u00f6nlemler paketine kar\u015f\u0131 \u00fclke genelinde greve \u00e7\u0131kan \u2018sendikal platform\u2019 2 A\u011fustos Pazartesi g\u00fcn\u00fc Lefko\u015fa\u2019da Toplumsal Varolu\u015f Mitingi ger\u00e7ekle\u015ftirdi.<\/p>\n<p class=\"MsoNoSpacing\" style=\"margin: 0cm 0cm 0pt; line-height: 150%; text-align: justify;\">\n<p class=\"MsoNoSpacing\" style=\"margin: 0cm 0cm 0pt; line-height: 150%; text-align: justify;\">\n<p>Yakla\u015f\u0131k 1000 ki\u015finin kat\u0131ld\u0131\u011f\u0131 eylemde polis ve \u00e7evik kuvvet y\u00fcr\u00fcy\u00fc\u015f g\u00fczerg\u00e2h\u0131na barikat \u00e7ekerek eylemcileri engellemeye \u00e7al\u0131\u015ft\u0131. Meclis \u00f6n\u00fcne y\u00fcr\u00fcmek isteyen eylemciler ile polis aras\u0131nda \u00e7\u0131kan ilk arbedede 7 ki\u015fi g\u00f6zalt\u0131na al\u0131nd\u0131. G\u00f6zalt\u0131lar ya\u015fan\u0131rken polis barikat\u0131 eylemciler taraf\u0131ndan a\u015f\u0131ld\u0131.<\/p>\n<p class=\"MsoNoSpacing\" style=\"margin: 0cm 0cm 0pt; line-height: 150%; text-align: justify;\">\n<p class=\"MsoNoSpacing\" style=\"margin: 0cm 0cm 0pt; line-height: 150%; text-align: justify;\">\n<p class=\"MsoNoSpacing\" style=\"margin: 0cm 0cm 0pt; line-height: 150%; text-align: justify;\">\n<p>&nbsp;<\/p>\n<p class=\"MsoNoSpacing\" style=\"margin: 0cm 0cm 0pt; line-height: 150%; text-align: justify;\">\n<p>Kalabal\u0131\u011f\u0131n Meclis \u00f6n\u00fcne gelmesiyle \u00e7evik kuvvetin olu\u015fturdu\u011fu ikinci polis barikat\u0131 ile kar\u015f\u0131la\u015f\u0131ld\u0131. Eylemcilerin barikata y\u00fcklenmesiyle aralar\u0131nda sendika ba\u015fkanlar\u0131n\u0131n da bulundu\u011fu bir\u00e7ok ki\u015fi g\u00f6zalt\u0131na al\u0131nd\u0131. Polis barikat\u0131 yine a\u015f\u0131ld\u0131.<\/p>\n<p class=\"MsoNoSpacing\" style=\"margin: 0cm 0cm 0pt; line-height: 150%; text-align: justify;\">\n<p class=\"MsoNoSpacing\" style=\"margin: 0cm 0cm 0pt; line-height: 150%; text-align: justify;\">\n<p>Meclis \u00f6n\u00fcne yakla\u015fan eylemciler \u00fc\u00e7\u00fcnc\u00fc bir polis barikat\u0131 ile kar\u015f\u0131la\u015ft\u0131. Burada da ya\u015fanan iti\u015fmede ger\u00e7ekle\u015ftirilen g\u00f6zalt\u0131lar ile g\u00f6zalt\u0131na al\u0131nanlar\u0131n say\u0131s\u0131 25\u2019e ula\u015ft\u0131.<\/p>\n<p class=\"MsoNoSpacing\" style=\"margin: 0cm 0cm 0pt; line-height: 150%; text-align: justify;\">\n<p class=\"MsoNoSpacing\" style=\"margin: 0cm 0cm 0pt; line-height: 150%; text-align: justify;\">\n<p class=\"MsoNoSpacing\" style=\"margin: 0cm 0cm 0pt; line-height: 150%; text-align: justify;\">\n<p>&nbsp;<\/p>\n<p class=\"MsoNoSpacing\" style=\"margin: 0cm 0cm 0pt; line-height: 150%; text-align: justify;\">\n<p>Ger\u00e7ekle\u015ftirilen g\u00f6zalt\u0131lar kalabal\u0131\u011f\u0131n daha da \u00f6fkelenmesine neden oldu. Uzun s\u00fcre meclis \u00f6n\u00fcndeki \u00e7evik kuvvet birimleri ile eylemciler aras\u0131nda iti\u015fme ya\u015fand\u0131.<\/p>\n<p class=\"MsoNoSpacing\" style=\"margin: 0cm 0cm 0pt; line-height: 150%; text-align: justify;\">\n<p class=\"MsoNoSpacing\" style=\"margin: 0cm 0cm 0pt; line-height: 150%; text-align: justify;\">\n<p>Kalabal\u0131k daha sonra Cumhuriyet Meclisi kar\u015f\u0131s\u0131ndaki TC el\u00e7ili\u011fine y\u00f6nelerek yeni atanan El\u00e7iyi protesto ederek El\u00e7ili\u011fin \u00f6n\u00fcnde \u201cAnkara ne paran\u0131 ne paketini ne de memurunu istiyoruz\u201d yaz\u0131l\u0131 pankart a\u00e7t\u0131.<\/p>\n<p class=\"MsoNoSpacing\" style=\"margin: 0cm 0cm 0pt; line-height: 150%; text-align: justify;\">\n<p class=\"MsoNoSpacing\" style=\"margin: 0cm 0cm 0pt; line-height: 150%; text-align: justify;\">\n<p class=\"MsoNoSpacing\" style=\"margin: 0cm 0cm 0pt; line-height: 150%; text-align: justify;\">\n<p>&nbsp;<\/p>\n<p class=\"MsoNoSpacing\" style=\"margin: 0cm 0cm 0pt; line-height: 150%; text-align: justify;\">\n<p>G\u00f6zalt\u0131na al\u0131nanlar\u0131n isimleri \u015f\u00f6yle:\u00a0<i>Ozan Al\u00e7\u0131ner, O\u011fuz K\u00f6se, Erol Ordan, Yusuf \u00d6ztav\u015fanl\u0131lar, Turgut \u00c7al\u0131c\u0131, Adnan Eraslan, Mehmet Seyis, Mehmet \u00d6zkarda\u015f, G\u00fcven Varo\u011flu, Tuluy Kalyoncu, Ersin G\u00fcrdo\u011fano\u011flu, Yakup Latifo\u011flu, Ahmet Kaptan, U\u011fur Karaka\u015fl\u0131, Buran Atakan, Salih Batak, Sami Dilek, Faik Fellaho\u011flu, Yusuf Alk\u0131m, G\u00f6kmen Mertek\u00e7i, Mustafa Ta\u015f\u00e7yo\u011flu, Atilla Aysan, Turgay Derya, Altay Ays\u0131z, Cengiz Kur\u015fun.<\/i><\/p>\n<p class=\"MsoNoSpacing\" style=\"margin: 0cm 0cm 0pt; line-height: 150%; text-align: justify;\"><strong><span style=\"font-family: 'Verdana','sans-serif';\"><span style=\"font-size: medium;\">\u00a0<\/span><\/span><\/strong><\/p>\n<p class=\"MsoNoSpacing\" style=\"margin: 0cm 0cm 0pt; line-height: 150%; text-align: justify;\"><strong><span style=\"font-family: 'Verdana','sans-serif';\"><span style=\"font-size: medium;\">\u00a0\u00a0\u00a0\u00a0\u00a0\u00a0\u00a0\u00a0\u00a0\u00a0\u00a0\u00a0\u00a0\u00a0\u00a0\u00a0\u00a0\u00a0\u00a0\u00a0 <\/span><\/span><\/strong><\/p>\n<p><strong><span style=\"font-family: 'Verdana','sans-serif';\"><span style=\"font-size: medium;\">\u00a0\u00a0\u00a0\u00a0\u00a0\u00a0\u00a0\u00a0\u00a0\u00a0\u00a0\u00a0\u00a0\u00a0\u00a0\u00a0\u00a0\u00a0\u00a0\u00a0\u00a0\u00a0\u00a0\u00a0\u00a0\u00a0\u00a0\u00a0\u00a0\u00a0\u00a0\u00a0\u00a0\u00a0\u00a0\u00a0\u00a0\u00a0 <\/span><\/span><\/strong><span style=\"font-family: 'Verdana','sans-serif';\"><span style=\"font-size: medium;\">\u00a0<\/span><\/span><strong><span style=\"font-family: 'Verdana','sans-serif';\"><span style=\"font-size: medium;\"><br \/>\n<\/span><\/span><\/strong><\/p>\n<p class=\"MsoNormal\" style=\"margin: 0cm 0cm 0pt; line-height: 150%; text-align: justify;\"><span style=\"font-size: 11pt; line-height: 150%; font-family: 'Verdana','sans-serif';\"><strong><a href=\"https:\/\/www.baraka.cc\/images\/stories\/2Agu2010eylem1.jpg\" target=\"_blank\"><img decoding=\"async\" loading=\"lazy\" alt=\" \" src=\"https:\/\/www.baraka.cc\/images\/stories\/2Agu2010eylem1.jpg\" width=\"200\" height=\"133\" align=\"left\" border=\"2\" \/><\/a><\/strong><\/span><\/p>\n<p class=\"MsoNormal\" style=\"margin: 0cm 0cm 0pt; line-height: 200%; text-align: justify;\"><strong><span style=\"font-family: 'Verdana','sans-serif';\"><span style=\"font-size: medium;\">\u00a0 \u00a0 \u00a0\u00a0<\/span><\/span><\/strong><strong><span style=\"font-family: 'Verdana','sans-serif';\"><span style=\"font-size: medium;\">\u00a0<\/span><\/span><\/strong><\/p>\n<p class=\"MsoNoSpacing\" style=\"margin: 0cm 0cm 0pt; line-height: 150%; text-align: justify;\"><a href=\"https:\/\/www.baraka.cc\/images\/stories\/2Agu2010eylem2.jpg\" target=\"_blank\"><img decoding=\"async\" loading=\"lazy\" alt=\" \" src=\"https:\/\/www.baraka.cc\/images\/stories\/2Agu2010eylem2.jpg\" width=\"200\" height=\"133\" align=\"left\" border=\"2\" \/><\/a><\/p>\n<p class=\"MsoNormal\" style=\"margin: 0cm 0cm 0pt; line-height: 200%; text-align: justify;\"><span style=\"font-family: 'Verdana','sans-serif';\"><a href=\"https:\/\/www.baraka.cc\/images\/stories\/2Agu2010eylem4.jpg\" target=\"_blank\"><img decoding=\"async\" loading=\"lazy\" alt=\" \" src=\"https:\/\/www.baraka.cc\/images\/stories\/2Agu2010eylem4.jpg\" width=\"200\" height=\"150\" align=\"right\" border=\"2\" \/><\/a><\/span><\/p>\n<p><span style=\"font-family: 'Verdana','sans-serif';\">\u00a0\u00a0\u00a0\u00a0\u00a0\u00a0\u00a0\u00a0\u00a0\u00a0\u00a0\u00a0\u00a0\u00a0\u00a0\u00a0\u00a0\u00a0\u00a0\u00a0\u00a0\u00a0\u00a0\u00a0\u00a0\u00a0\u00a0\u00a0 \u00a0\u00a0\u00a0\u00a0\u00a0\u00a0\u00a0\u00a0\u00a0\u00a0\u00a0\u00a0\u00a0\u00a0\u00a0\u00a0\u00a0\u00a0\u00a0\u00a0\u00a0<\/span><\/p>\n<p><span style=\"font-family: 'Verdana','sans-serif';\"><span style=\"font-size: medium;\">\u00a0\u00a0\u00a0\u00a0\u00a0\u00a0\u00a0\u00a0\u00a0\u00a0\u00a0\u00a0\u00a0\u00a0\u00a0\u00a0\u00a0\u00a0\u00a0\u00a0\u00a0\u00a0\u00a0\u00a0\u00a0\u00a0\u00a0\u00a0\u00a0\u00a0\u00a0\u00a0\u00a0\u00a0\u00a0\u00a0\u00a0\u00a0\u00a0<\/span><\/span><span style=\"font-family: 'Verdana','sans-serif';\"><span style=\"font-size: medium;\">\u00a0<\/span><\/span><\/p>\n<p><span style=\"font-family: 'Verdana','sans-serif';\">\u00a0<\/span><\/p>\n<p class=\"MsoNormal\" style=\"margin: 0cm 0cm 0pt; line-height: 200%; text-align: justify;\"><span style=\"font-family: 'Verdana','sans-serif';\"><span style=\"font-size: medium;\"><span style=\"font-size: medium;\">\u00a0 \u00a0 \u00a0 \u00a0 \u00a0 \u00a0 \u00a0 \u00a0 \u00a0 \u00a0 \u00a0 \u00a0 \u00a0 \u00a0\u00a0<\/span><span style=\"font-family: 'Verdana','sans-serif';\"><span style=\"font-size: medium;\">\u00a0<\/span><\/span><\/span><\/span><\/p>\n<p><span style=\"font-family: 'Verdana','sans-serif';\"><a href=\"https:\/\/www.baraka.cc\/images\/stories\/2Agu2010eylem3.jpg\" target=\"_blank\"><span style=\"font-size: medium;\"><img decoding=\"async\" loading=\"lazy\" alt=\" \" src=\"https:\/\/www.baraka.cc\/images\/stories\/2Agu2010eylem3.jpg\" width=\"200\" height=\"133\" align=\"right\" border=\"2\" \/><\/span><\/a><\/span><span style=\"font-family: 'Verdana','sans-serif';\"><br \/>\n<\/span><\/p>\n<p class=\"MsoNormal\" style=\"margin: 0cm 0cm 0pt; line-height: 200%; text-align: justify;\"><span style=\"font-family: 'Verdana','sans-serif';\"><span style=\"font-size: medium;\">\u00a0<\/span><\/span><\/p>\n","protected":false},"excerpt":{"rendered":"<p>Ulusal Birlik Partisi (UBP) h\u00fck\u00fcmetinin AKP\u2019nin dayatmalar\u0131 ile ge\u00e7irdi\u011fi neo-liberal yasalar\u0131 protesto i\u00e7in sendikalar taraf\u0131ndan 2 A\u011fustos 2010 tarihinde Lefko\u015fa\u2019da\u00a0organize edilen mitinge g\u00f6zalt\u0131lar damgas\u0131n\u0131 vurdu.\u00a0Meclis<\/p>\n","protected":false},"author":1,"featured_media":0,"comment_status":"open","ping_status":"open","sticky":false,"template":"","format":"standard","meta":{"jetpack_post_was_ever_published":false,"_jetpack_newsletter_access":"","_jetpack_newsletter_tier_id":0,"jetpack_publicize_message":"","jetpack_is_tweetstorm":false,"jetpack_publicize_feature_enabled":true,"jetpack_social_post_already_shared":false,"jetpack_social_options":{"image_generator_settings":{"template":"highway","enabled":false}}},"categories":[66],"tags":[],"jetpack_publicize_connections":[],"jetpack_featured_media_url":"","jetpack_shortlink":"https:\/\/wp.me\/p4eHWX-d8","jetpack_sharing_enabled":true,"_links":{"self":[{"href":"https:\/\/baraka.cc\/index.php?rest_route=\/wp\/v2\/posts\/814"}],"collection":[{"href":"https:\/\/baraka.cc\/index.php?rest_route=\/wp\/v2\/posts"}],"about":[{"href":"https:\/\/baraka.cc\/index.php?rest_route=\/wp\/v2\/types\/post"}],"author":[{"embeddable":true,"href":"https:\/\/baraka.cc\/index.php?rest_route=\/wp\/v2\/users\/1"}],"replies":[{"embeddable":true,"href":"https:\/\/baraka.cc\/index.php?rest_route=%2Fwp%2Fv2%2Fcomments&post=814"}],"version-history":[{"count":3,"href":"https:\/\/baraka.cc\/index.php?rest_route=\/wp\/v2\/posts\/814\/revisions"}],"predecessor-version":[{"id":5401,"href":"https:\/\/baraka.cc\/index.php?rest_route=\/wp\/v2\/posts\/814\/revisions\/5401"}],"wp:attachment":[{"href":"https:\/\/baraka.cc\/index.php?rest_route=%2Fwp%2Fv2%2Fmedia&parent=814"}],"wp:term":[{"taxonomy":"category","embeddable":true,"href":"https:\/\/baraka.cc\/index.php?rest_route=%2Fwp%2Fv2%2Fcategories&post=814"},{"taxonomy":"post_tag","embeddable":true,"href":"https:\/\/baraka.cc\/index.php?rest_route=%2Fwp%2Fv2%2Ftags&post=814"}],"curies":[{"name":"wp","href":"https:\/\/api.w.org\/{rel}","templated":true}]}}