{"id":8147,"date":"2021-05-04T09:05:51","date_gmt":"2021-05-04T07:05:51","guid":{"rendered":"https:\/\/baraka.cc\/?p=8147"},"modified":"2021-05-04T09:05:51","modified_gmt":"2021-05-04T07:05:51","slug":"patron-salonun-ortasina-oturmus-kalkmiyor-zekiye-senturkler","status":"publish","type":"post","link":"https:\/\/baraka.cc\/?p=8147","title":{"rendered":"Patron Salonun Ortas\u0131na Oturmu\u015f, Kalkm\u0131yor!- Zekiye \u015eent\u00fcrkler"},"content":{"rendered":"<p><em>Argasdi&#8217;nin 61. Say\u0131s\u0131 &#8220;Tembellik&#8221; dosya konusuyla bayiilerdeki yerini ald\u0131. Bug\u00fcn dosyadan bir yaz\u0131m\u0131z\u0131 sizlerle bulu\u015fturuyoruz: &#8220;Patron Salonun Ortas\u0131na Oturmu\u015f, Kalkm\u0131yor!&#8221;.\u00a0 Pandemide evden \u00e7al\u0131\u015fma durumunda b\u0131rak\u0131lan emek\u00e7ileri inceleyen makalemizi sizlerle payla\u015f\u0131yoruz. Aktivistimiz Zekiye \u015eent\u00fcrkler taraf\u0131ndan kaleme al\u0131nan yaz\u0131da kendinizden \u00e7ok \u015fey bulacaks\u0131n\u0131z&#8230;<\/em><\/p>\n<p><a href=\"https:\/\/baraka.cc\/wp-content\/uploads\/2021\/05\/photo.jpg\"><img decoding=\"async\" loading=\"lazy\" class=\"size-medium wp-image-8148 alignright\" alt=\"photo\" src=\"https:\/\/baraka.cc\/wp-content\/uploads\/2021\/05\/photo-300x168.jpg\" width=\"300\" height=\"168\" srcset=\"https:\/\/baraka.cc\/wp-content\/uploads\/2021\/05\/photo-300x168.jpg 300w, https:\/\/baraka.cc\/wp-content\/uploads\/2021\/05\/photo.jpg 864w\" sizes=\"(max-width: 300px) 100vw, 300px\" \/><\/a>\u00a0\u201cEvden ba\u011flanal\u0131m\u201d, \u201czoom a\u00e7al\u0131m\u201d, \u201conline meeting at\u0131yorum\u201d, \u201c\u00e7evirim i\u00e7i olal\u0131m\u201d, \u201caman Pandemi var evden \u00e7\u0131kmay\u0131n ama i\u015fleri de aksatmay\u0131n\u201d diyerek hayat\u0131m\u0131za sokulan yeni terminolojilerin san\u0131r\u0131m u\u011framad\u0131\u011f\u0131 ender kap\u0131 kald\u0131. Koronavir\u00fcs\u00fcn uzun s\u00fcre bizlerle olaca\u011f\u0131n\u0131 idrak ederek ya\u015fam\u0131m\u0131z\u0131 s\u00fcrd\u00fcrd\u00fc\u011f\u00fcm\u00fcz g\u00fcn\u00fcm\u00fczde, koronavir\u00fcsten daha da bela bir evden \u00e7al\u0131\u015fma furyas\u0131 ald\u0131 ba\u015f\u0131n\u0131 gidiyor ve ne yaz\u0131k ki baz\u0131 kesimler i\u00e7in koronavir\u00fcs gitse bile evden \u00e7al\u0131\u015fma durumu hi\u00e7 gidece\u011fe benzemiyor.<\/p>\n<p><b>Devletten yine hay\u0131r gelmedi<\/b><\/p>\n<p>\u201cKoyun can derdinde, kasap et\u201d s\u00f6z\u00fc herhalde durumu en iyi \u00f6zetleyendir. Ge\u00e7en y\u0131l Mart ay\u0131nda salg\u0131n\u0131n \u00fclkemize gelmesiyle birlikte ilk kapanma ko\u015fullar\u0131n\u0131 ya\u015fad\u0131k. \u0130lk a\u015famada herkes can derdinde oldu\u011fundan dolay\u0131 evde kalmay\u0131 her \u015feyin \u00f6n\u00fcne koyabilmi\u015f ve kapanm\u0131\u015ft\u0131. Zorunlu a\u00e7\u0131k olmas\u0131 gereken sekt\u00f6rler hari\u00e7 herkes evindeydi ve devletten medet umuyordu. Ancak ilerleyen zaman i\u00e7erisinde, komik bile denilemeyecek destekler a\u00e7\u0131klayan devlet, her zamanki gibi elini i\u015f\u00e7ilerin cebine atsa da i\u015fverenleri de yeterince memnun edemedi. B\u00f6ylece patronlar hemen harekete ge\u00e7ti. Hem \u00e7al\u0131\u015fanlar\u0131na bo\u015funa para vermeyeceklerdi hem de kendileri daha fazla para kaybetmeyecekti. Sonu\u00e7 olarak, i\u015f\u00e7ileri evden \u00e7\u0131karmadan \u00e7al\u0131\u015ft\u0131rabilmenin yollar\u0131n\u0131 aramaya ba\u015flad\u0131lar ki bunu bulmak g\u00fcn\u00fcm\u00fczde pek \u00e7ok \u00fclkede kullan\u0131lan bir \u00e7al\u0131\u015fma y\u00f6ntemi oldu\u011fundan dolay\u0131 pek de zor olmad\u0131. Evlerden yap\u0131labilecek i\u015fler i\u00e7in gerekli altyap\u0131 harcamalar\u0131n\u0131 da i\u015f\u00e7ilerin \u00fczerine y\u0131kan pek \u00e7ok patron internet, telefon, laptop gibi ara\u00e7 gere\u00e7leri de sa\u011flamadan, \u00e7al\u0131\u015fanlara i\u015f ba\u015f\u0131 yapt\u0131rmaya ba\u015flad\u0131. Bu durumun patronlara kat be kat fayda sa\u011flayaca\u011f\u0131n\u0131n ve i\u015f\u00e7iler i\u00e7in ciddi bir s\u00f6m\u00fcr\u00fc olaca\u011f\u0131n\u0131n herkes fark\u0131ndayd\u0131. Ama ilerleyen g\u00fcnlerde ya\u015fan\u0131lacak ekonomik kriz, \u00f6denmesi gereken faturalar, krediler, \u00e7ocuklar\u0131n masraflar\u0131, ev ge\u00e7indirme derdi derken \u00e7al\u0131\u015fanlar da mecburen bu duruma boyun e\u011fmek zorunda b\u0131rak\u0131ld\u0131.<\/p>\n<p><b>Her daim krizi f\u0131rsata \u00e7evirenler<\/b><\/p>\n<p>\u00d6ncelikle gasp edilen elbette ki \u00e7al\u0131\u015fanlar\u0131n zaman\u0131 olmu\u015ftur. Mesai saati mevhumu ortadan kalkm\u0131\u015f; \u00f6\u011fle aras\u0131, ak\u015fam\u00fcst\u00fc, i\u015f biti\u015f saati dinlemeyen patronlar, dur durak bilmeden mailler, mesajlar, telefonlar ya\u011fd\u0131rmaktad\u0131r. \u201cZaten evdesin ba\u015fka i\u015fin ne!\u201d bak\u0131\u015f a\u00e7\u0131s\u0131yla, \u00e7al\u0131\u015fanlar\u0131n emeklerini s\u00f6m\u00fcrebildik\u00e7e s\u00f6m\u00fcren patronlar, \u00f6zellikle ayn\u0131 zamanda evi \u00e7ekip \u00e7evirme, ya\u015fl\u0131\/hasta\/\u00e7ocuk bak\u0131m\u0131 gibi pek \u00e7ok g\u00f6rev \u00fczerine y\u0131k\u0131lan, ev i\u00e7i eme\u011fi yok say\u0131lan kad\u0131nlar\u0131 iki kat daha fazla ezmi\u015ftir. Her an i\u015fteymi\u015f gibi \u201chaz\u0131r ol\u201dda patrondan emir beklemenin yaratt\u0131\u011f\u0131 psikolojik bask\u0131ya, ge\u00e7imini sa\u011flamak i\u00e7in buna katlanmak zorunda olman\u0131n yaratt\u0131\u011f\u0131 bask\u0131 da eklenince insanlar i\u00e7inden \u00e7\u0131k\u0131lmaz bir bunal\u0131ma s\u00fcr\u00fcklenmi\u015ftir. Sabah, patronlar\u0131n istedi\u011fi saatte ba\u015flay\u0131p ak\u015fam ge\u00e7 saatlere kadar s\u00fcren mesailerin kar\u015f\u0131l\u0131\u011f\u0131n\u0131n \u00f6denmesi s\u00f6z konusu olmazken, patronlar insanlar\u0131n \u00f6zel hayat\u0131n\u0131n i\u00e7erisinde olmay\u0131 normalle\u015ftirme yolunda h\u0131zla ilerlemektedir. Patronlar, davetsiz bir misafir gibi eve gelip salonun ortas\u0131na oturmu\u015f ve kesinlikle kalkmay\u0131 da d\u00fc\u015f\u00fcnmemektedir. Zorunlu kapal\u0131 olunan d\u00f6nemde \u00f6deneksiz izin gibi pek \u00e7ok se\u00e7ene\u011fi kullanarak \u00e7al\u0131\u015fanlar\u0131n\u0131n yat\u0131r\u0131mlar\u0131ndan k\u0131rpan, maa\u015flar\u0131n\u0131 \u00f6demeyen ya da ciddi kesintilere u\u011fratan, tabiri caizse \u00e7al\u0131\u015fanlar\u0131na bu zor d\u00f6nemde hi\u00e7bir destek g\u00f6stermeyen patronlar \u015fimdi \u00e7al\u0131\u015fanlar\u0131ndan onlar\u0131n k\u00f6lesi olmas\u0131n\u0131 talep etmektedir. Her durumda krizi f\u0131rsata \u00e7evirip kendi menfaatlerine \u00f6ncelik veren patronlar a\u00e7\u0131k\u00e7a \u00e7al\u0131\u015fan haklar\u0131n\u0131 hi\u00e7e say\u0131yor, \u0130\u015f Yasas\u0131\u2019na g\u00f6re ek mesailerini \u00f6demeyerek, zorunlu izine \u00e7\u0131kar\u0131p y\u0131ll\u0131k izin haklar\u0131n\u0131 t\u00fcketerek su\u00e7 i\u015fliyor ancak buna dur diyebilecek yetkili organlar \u00fc\u00e7 maymunu oynuyor. \u0130\u015fsizli\u011fin g\u00fcn ge\u00e7tik\u00e7e katlanarak artt\u0131\u011f\u0131 bu zamanlarda ise \u00e7al\u0131\u015fanlar da bu duruma katlanmak zorunda b\u0131rak\u0131l\u0131yor.<\/p>\n<p><b>Beterin beteri var dedikleri<\/b><\/p>\n<p>Bir de Pandemi kurallar\u0131 gev\u015fetilip art\u0131k ofislerine d\u00f6nme imkan\u0131 olsa da d\u00f6nemeyen bir kesim var ki onlar i\u00e7in beterin beteri tabirini kullanmak tam yerinde olur. \u00d6zellikle \u00e7a\u011fr\u0131 merkezi gibi vardiyal\u0131 g\u00f6revlerde \u00e7al\u0131\u015fan ki\u015filer evlere hapsedilmeye devam ediyor. Bunun gerek\u00e7esi ise tam bir rezalet! Gecelerini g\u00fcnd\u00fczlerini patronlar\u0131n cebini doldurmak i\u00e7in i\u015f yerinde harcayan bu kesimin \u0131s\u0131nma\/so\u011fuma,\u00a0 i\u00e7ecek ve tuvalet gibi temel ihtiya\u00e7lar\u0131n\u0131 evde \u00e7al\u0131\u015fma durumunda kendi ceplerinden kar\u015f\u0131lamalar\u0131, patronlar\u0131n cebini biraz daha fazla \u015fi\u015firiyor. F\u0131rsat\u00e7\u0131 patronlar bu gibi \u00e7al\u0131\u015fanlar\u0131 evlerine hapsetmeye devam edip, bu giderleri de onlar\u0131n \u00fczerine y\u0131k\u0131yor. \u00d6zetle bu \u00e7al\u0131\u015fanlar i\u00e7in hem 8 saatlik mesai kavram\u0131 ortadan kald\u0131r\u0131l\u0131p, ek mesai \u00f6demeleri yap\u0131lm\u0131yor hem de bu ki\u015filere ek gider yarat\u0131l\u0131yor. \u00dclkemizde, sermaye-h\u00fck\u00fcmet el ele \u00e7al\u0131\u015fanlar\u0131 k\u00f6lele\u015ftiriyor. Oysa emek\u00e7ilerin \u00f6rg\u00fctl\u00fc bir yap\u0131s\u0131 olabilse, bu k\u00e2r d\u00fczeni i\u00e7inde bile bir tak\u0131m iyile\u015ftirici \u00f6nlemler al\u0131nabilir. \u00d6rne\u011fin baz\u0131 Avrupa \u00fclkelerindeki \u015firketler, evden \u00e7al\u0131\u015fan emek\u00e7ilerin kiras\u0131n\u0131n ve \u0131s\u0131nma\/so\u011fuma masraf\u0131n\u0131n yar\u0131s\u0131n\u0131 \u00f6demeye ba\u015flad\u0131 bile.<\/p>\n<p><b>Acilen yasal d\u00fczenleme!<\/b><\/p>\n<p>Bu insanca \u00e7al\u0131\u015fma hakk\u0131n\u0131 hi\u00e7e sayan uygulamalar\u0131n derhal sona ermesi i\u00e7in evde \u00e7al\u0131\u015fan i\u015f\u00e7ilere ek yasal d\u00fczenlemelerin, cezai yapt\u0131r\u0131mlar\u0131n ve denetimlerin bir an \u00f6nce yap\u0131lmas\u0131 hayati \u00f6nem ta\u015f\u0131maktad\u0131r. Devletin, evde \u00e7al\u0131\u015fma ko\u015fullar\u0131n\u0131 ve bu kesimdeki i\u015f\u00e7ilerin haklar\u0131n\u0131 yasalar nezdinde ivedilikle d\u00fczenlemesi ve \u00e7al\u0131\u015fanlar\u0131 patronlar\u0131n k\u00f6lesi olmaktan kurtarmas\u0131 gerekmektedir. \u00c7al\u0131\u015fanlar\u0131n u\u011frad\u0131\u011f\u0131 haks\u0131zl\u0131klar\u0131 h\u0131zl\u0131ca \u00e7\u00f6zme kabiliyetine sahip \u0130\u015f Mahkemelerinin kurulmas\u0131 da bu s\u00fcreci destekleyecek \u00f6nemli bir ad\u0131m olacakt\u0131r.<\/p>\n","protected":false},"excerpt":{"rendered":"<p>Argasdi&#8217;nin 61. Say\u0131s\u0131 &#8220;Tembellik&#8221; dosya konusuyla bayiilerdeki yerini ald\u0131. Bug\u00fcn dosyadan bir yaz\u0131m\u0131z\u0131 sizlerle bulu\u015fturuyoruz: &#8220;Patron Salonun Ortas\u0131na Oturmu\u015f, Kalkm\u0131yor!&#8221;.\u00a0 Pandemide evden \u00e7al\u0131\u015fma durumunda b\u0131rak\u0131lan<\/p>\n","protected":false},"author":7,"featured_media":8148,"comment_status":"open","ping_status":"open","sticky":false,"template":"","format":"standard","meta":{"jetpack_post_was_ever_published":false,"_jetpack_newsletter_access":"","_jetpack_newsletter_tier_id":0,"jetpack_publicize_message":"","jetpack_is_tweetstorm":false,"jetpack_publicize_feature_enabled":true,"jetpack_social_post_already_shared":true,"jetpack_social_options":{"image_generator_settings":{"template":"highway","enabled":false}}},"categories":[40,67,44,9,1,39],"tags":[],"jetpack_publicize_connections":[],"jetpack_featured_media_url":"https:\/\/baraka.cc\/wp-content\/uploads\/2021\/05\/photo.jpg","jetpack_shortlink":"https:\/\/wp.me\/p4eHWX-27p","jetpack_sharing_enabled":true,"_links":{"self":[{"href":"https:\/\/baraka.cc\/index.php?rest_route=\/wp\/v2\/posts\/8147"}],"collection":[{"href":"https:\/\/baraka.cc\/index.php?rest_route=\/wp\/v2\/posts"}],"about":[{"href":"https:\/\/baraka.cc\/index.php?rest_route=\/wp\/v2\/types\/post"}],"author":[{"embeddable":true,"href":"https:\/\/baraka.cc\/index.php?rest_route=\/wp\/v2\/users\/7"}],"replies":[{"embeddable":true,"href":"https:\/\/baraka.cc\/index.php?rest_route=%2Fwp%2Fv2%2Fcomments&post=8147"}],"version-history":[{"count":1,"href":"https:\/\/baraka.cc\/index.php?rest_route=\/wp\/v2\/posts\/8147\/revisions"}],"predecessor-version":[{"id":8149,"href":"https:\/\/baraka.cc\/index.php?rest_route=\/wp\/v2\/posts\/8147\/revisions\/8149"}],"wp:featuredmedia":[{"embeddable":true,"href":"https:\/\/baraka.cc\/index.php?rest_route=\/wp\/v2\/media\/8148"}],"wp:attachment":[{"href":"https:\/\/baraka.cc\/index.php?rest_route=%2Fwp%2Fv2%2Fmedia&parent=8147"}],"wp:term":[{"taxonomy":"category","embeddable":true,"href":"https:\/\/baraka.cc\/index.php?rest_route=%2Fwp%2Fv2%2Fcategories&post=8147"},{"taxonomy":"post_tag","embeddable":true,"href":"https:\/\/baraka.cc\/index.php?rest_route=%2Fwp%2Fv2%2Ftags&post=8147"}],"curies":[{"name":"wp","href":"https:\/\/api.w.org\/{rel}","templated":true}]}}