{"id":8167,"date":"2021-05-26T10:49:34","date_gmt":"2021-05-26T08:49:34","guid":{"rendered":"https:\/\/baraka.cc\/?p=8167"},"modified":"2021-05-26T10:49:34","modified_gmt":"2021-05-26T08:49:34","slug":"sol-anahtari-bestelerimiz-etkinligine-katildi","status":"publish","type":"post","link":"https:\/\/baraka.cc\/?p=8167","title":{"rendered":"Sol Anahtar\u0131 \u201cBestelerimiz\u201d Etkinli\u011fine Kat\u0131ld\u0131"},"content":{"rendered":"<p>M\u00fczik grubumuz Sol Anahtar\u0131, G\u00fczelyurt Portakal Festivali kapsam\u0131nda d\u00fczenlenen \u201cBestelerimiz\u201d gecesine BRT\u2019nin konu\u011fu olarak kat\u0131ld\u0131. Sol Anahtar\u0131 taraf\u0131ndan Fikret Demira\u011f\u2019\u0131n \u201cSen \u00d6ld\u00fckten Sonra da\u201d \u015fiirinden bestelenen son st\u00fcdyo \u00e7al\u0131\u015fmam\u0131z\u0131n, etkinlikte \u00fclkemizin \u00fcnl\u00fc gruplar\u0131ndan SOS taraf\u0131ndan icra edildi\u011fi konsere, solistimiz Tahsin Oygar Sol Anahtar\u0131\u2019n\u0131 temsilen kat\u0131larak \u201cSen \u00d6ld\u00fckten Sonra da\u201d \u015fark\u0131s\u0131n\u0131 seslendirdi ve dinleyenlerin be\u011fenisini ald\u0131.<\/p>\n<p><a href=\"https:\/\/baraka.cc\/wp-content\/uploads\/2021\/05\/191199894_295920502204432_5867150628113194273_n.jpg\"><img decoding=\"async\" loading=\"lazy\" class=\"alignnone size-medium wp-image-8168\" alt=\"191199894_295920502204432_5867150628113194273_n\" src=\"https:\/\/baraka.cc\/wp-content\/uploads\/2021\/05\/191199894_295920502204432_5867150628113194273_n-300x225.jpg\" width=\"300\" height=\"225\" srcset=\"https:\/\/baraka.cc\/wp-content\/uploads\/2021\/05\/191199894_295920502204432_5867150628113194273_n-300x225.jpg 300w, https:\/\/baraka.cc\/wp-content\/uploads\/2021\/05\/191199894_295920502204432_5867150628113194273_n.jpg 768w\" sizes=\"(max-width: 300px) 100vw, 300px\" \/><\/a><\/p>\n","protected":false},"excerpt":{"rendered":"<p>M\u00fczik grubumuz Sol Anahtar\u0131, G\u00fczelyurt Portakal Festivali kapsam\u0131nda d\u00fczenlenen \u201cBestelerimiz\u201d gecesine BRT\u2019nin konu\u011fu olarak kat\u0131ld\u0131. Sol Anahtar\u0131 taraf\u0131ndan Fikret Demira\u011f\u2019\u0131n \u201cSen \u00d6ld\u00fckten Sonra da\u201d \u015fiirinden<\/p>\n","protected":false},"author":4,"featured_media":8168,"comment_status":"open","ping_status":"open","sticky":false,"template":"","format":"standard","meta":{"jetpack_post_was_ever_published":false,"_jetpack_newsletter_access":"","_jetpack_newsletter_tier_id":0,"jetpack_publicize_message":"","jetpack_is_tweetstorm":false,"jetpack_publicize_feature_enabled":true,"jetpack_social_post_already_shared":true,"jetpack_social_options":{"image_generator_settings":{"template":"highway","enabled":false}}},"categories":[9,1],"tags":[],"jetpack_publicize_connections":[],"jetpack_featured_media_url":"https:\/\/baraka.cc\/wp-content\/uploads\/2021\/05\/191199894_295920502204432_5867150628113194273_n.jpg","jetpack_shortlink":"https:\/\/wp.me\/p4eHWX-27J","jetpack_sharing_enabled":true,"_links":{"self":[{"href":"https:\/\/baraka.cc\/index.php?rest_route=\/wp\/v2\/posts\/8167"}],"collection":[{"href":"https:\/\/baraka.cc\/index.php?rest_route=\/wp\/v2\/posts"}],"about":[{"href":"https:\/\/baraka.cc\/index.php?rest_route=\/wp\/v2\/types\/post"}],"author":[{"embeddable":true,"href":"https:\/\/baraka.cc\/index.php?rest_route=\/wp\/v2\/users\/4"}],"replies":[{"embeddable":true,"href":"https:\/\/baraka.cc\/index.php?rest_route=%2Fwp%2Fv2%2Fcomments&post=8167"}],"version-history":[{"count":1,"href":"https:\/\/baraka.cc\/index.php?rest_route=\/wp\/v2\/posts\/8167\/revisions"}],"predecessor-version":[{"id":8169,"href":"https:\/\/baraka.cc\/index.php?rest_route=\/wp\/v2\/posts\/8167\/revisions\/8169"}],"wp:featuredmedia":[{"embeddable":true,"href":"https:\/\/baraka.cc\/index.php?rest_route=\/wp\/v2\/media\/8168"}],"wp:attachment":[{"href":"https:\/\/baraka.cc\/index.php?rest_route=%2Fwp%2Fv2%2Fmedia&parent=8167"}],"wp:term":[{"taxonomy":"category","embeddable":true,"href":"https:\/\/baraka.cc\/index.php?rest_route=%2Fwp%2Fv2%2Fcategories&post=8167"},{"taxonomy":"post_tag","embeddable":true,"href":"https:\/\/baraka.cc\/index.php?rest_route=%2Fwp%2Fv2%2Ftags&post=8167"}],"curies":[{"name":"wp","href":"https:\/\/api.w.org\/{rel}","templated":true}]}}