{"id":817,"date":"2010-05-22T16:34:01","date_gmt":"2010-05-22T13:34:01","guid":{"rendered":"https:\/\/baraka.cc\/?p=817"},"modified":"2014-01-02T16:34:53","modified_gmt":"2014-01-02T13:34:53","slug":"huseyin-alasyaya-cevap","status":"publish","type":"post","link":"https:\/\/baraka.cc\/?p=817","title":{"rendered":"H\u00fcseyin Alasya\u2019ya Cevap"},"content":{"rendered":"<p><!--  \/* Font Definitions *\/  @font-face \t{font-family:\"Cambria Math\"; \tpanose-1:2 4 5 3 5 4 6 3 2 4; \tmso-font-charset:0; \tmso-generic-font-family:roman; \tmso-font-pitch:variable; \tmso-font-signature:-1610611985 1107304683 0 0 415 0;} @font-face \t{font-family:Verdana; \tpanose-1:2 11 6 4 3 5 4 4 2 4; \tmso-font-charset:0; \tmso-generic-font-family:swiss; \tmso-font-pitch:variable; \tmso-font-signature:-1593833729 1073750107 16 0 415 0;}  \/* Style Definitions *\/  p.MsoNormal, li.MsoNormal, div.MsoNormal \t{mso-style-unhide:no; \tmso-style-qformat:yes; \tmso-style-parent:\"\"; \tmargin:0in; \tmargin-bottom:.0001pt; \tmso-pagination:widow-orphan; \tfont-size:12.0pt; \tfont-family:\"Times New Roman\",\"serif\"; \tmso-fareast-font-family:\"Times New Roman\";} p.MsoHeader, li.MsoHeader, div.MsoHeader \t{mso-style-unhide:no; \tmso-style-link:\"Header Char\"; \tmargin:0in; \tmargin-bottom:.0001pt; \tmso-pagination:widow-orphan; \ttab-stops:center 235.15pt right 470.3pt; \tfont-size:12.0pt; \tfont-family:\"Times New Roman\",\"serif\"; \tmso-fareast-font-family:\"Times New Roman\";} a:link, span.MsoHyperlink \t{mso-style-unhide:no; \tcolor:blue; \ttext-decoration:underline; \ttext-underline:single;} a:visited, span.MsoHyperlinkFollowed \t{mso-style-noshow:yes; \tmso-style-priority:99; \tcolor:purple; \tmso-themecolor:followedhyperlink; \ttext-decoration:underline; \ttext-underline:single;} span.HeaderChar \t{mso-style-name:\"Header Char\"; \tmso-style-unhide:no; \tmso-style-locked:yes; \tmso-style-link:Header; \tmso-ansi-font-size:12.0pt; \tmso-bidi-font-size:12.0pt;} .MsoChpDefault \t{mso-style-type:export-only; \tmso-default-props:yes; \tfont-size:10.0pt; \tmso-ansi-font-size:10.0pt; \tmso-bidi-font-size:10.0pt;} @page Section1 \t{size:8.5in 11.0in; \tmargin:63.0pt 70.85pt .5in 70.85pt; \tmso-header-margin:35.4pt; \tmso-footer-margin:35.4pt; \tmso-paper-source:0;} div.Section1 \t{page:Section1;} --><\/p>\n<p class=\"MsoNormal\" style=\"text-align: center; line-height: 150%;\" align=\"center\"><strong><span style=\"line-height: 150%; font-family: 'Verdana','sans-serif'; font-size: 11pt;\">H\u00fcseyin Alasya\u2019ya Cevap<\/span><\/strong><\/p>\n<p class=\"MsoNormal\" style=\"text-align: center; line-height: 150%;\" align=\"center\">\n<p class=\"MsoNormal\" style=\"line-height: 150%;\">\n<p class=\"MsoNormal\" style=\"line-height: 150%;\">\n<p class=\"MsoNormal\" style=\"text-align: justify; line-height: 150%; text-indent: 14.2pt;\"><span style=\"line-height: 150%; font-family: 'Verdana','sans-serif'; font-size: 11pt;\">17 Mayys Pazartesi sabahy, Posta FM\u2019de yayynlanan Can Sarvan\u2019la Sabah Postasy programyna konuk olarak katylan, H\u00fcseyin Alasya isimli ki?i, derne?imiz Baraka K\u00fclt\u00fcr Merkezi\u2019ni de dahil etti?i bazy iddia ve ithamlarda bulunmu?tur. S\u00f6z konusu programyn konu?ma d\u00f6k\u00fcmleri Kybrys Postasy haber portalynda <a href=\"http:\/\/www.kibrispostasi.com\/index.php\/cat\/35\/news\/35894\/PageName\/KIBRIS_HABERLERI\"><span>http:\/\/www.kibrispostasi.com\/index.php\/cat\/35\/news\/35894\/PageName\/KIBRIS_HABERLERI <\/span><\/a>linkinde g\u00f6r\u00fclebilir.<\/span><\/p>\n<p class=\"MsoNormal\" style=\"text-align: justify; line-height: 150%; text-indent: 14.2pt;\"><span style=\"line-height: 150%; font-family: 'Verdana','sans-serif'; font-size: 11pt;\"><span>\u00a0 \u00a0 \u00a0 \u00a0 \u00a0 \u00a0 \u00a0 \u00a0 \u00a0 \u00a0 \u00a0 \u00a0 \u00a0 \u00a0 \u00a0 \u00a0\u00a0 <\/span><\/span><\/p>\n<p class=\"MsoNormal\" style=\"text-align: justify; line-height: 150%; text-indent: 14.2pt;\"><span style=\"line-height: 150%; font-family: 'Verdana','sans-serif'; font-size: 11pt;\">Baraka olarak H\u00fcseyin Alasya\u2019nyn iddia ve ithamlaryna yanyt vermezden \u00f6nce; kendisi tarafyndan yapylan \u201cistedi?imiz ortamda tarty?ma\u201d davetini b\u00fcy\u00fck bir memnuniyetle kabul etti?imizi vurgulamak isteriz. Kendisi ile tarafsyz herhangi bir ortamda (televizyon, radyo, konferans salonu vb.) bizimle ilgili istedi?i her ?eyi konu?maya a\u00e7yk oldu?umuzu b\u00fcy\u00fck bir hevesle duyururuz.<\/span><\/p>\n<p class=\"MsoNormal\" style=\"text-align: justify; line-height: 150%; text-indent: 14.2pt;\">\n<p class=\"MsoNormal\" style=\"text-align: justify; line-height: 150%; text-indent: 14.2pt;\"><span style=\"line-height: 150%; font-family: 'Verdana','sans-serif'; font-size: 11pt;\">H\u00fcseyin Alasya, Baraka K\u00fclt\u00fcr Merkezi\u2019nin T\u00fcrkiye\u2019yi Kybrys\u2019ta i?galci olarak niteledi?ini s\u00f6ylemektedir. Bu \u00e7er\u00e7evede de Baraka ile Kybrys Cumhuriyeti yetkililerinin s\u00f6ylemlerinin ayny zeminde oldu?unu s\u00f6yleyerek aslynda ne Kybrys sorununu ne de Baraka\u2019nyn bu soruna baky?yny anlamady?yny g\u00f6stermektedir. Baraka Kybrys adasynyn sadece kuzeyinin de?il bir b\u00fct\u00fcn halinde tamamynyn i?gal altynda oldu?u olgusunu vurgular. Baraka bu i?galin T\u00fcrkiye ve Yunanistan gibi emperyalizmin yeni-s\u00f6m\u00fcrgeleri tarafyndan de?il, bizzat emperyalistlerin kendisi ABD-AB tarafyndan yaratyldy?y ger\u00e7e?ini her zaman s\u00f6ylemlerinde \u00f6nde tutar. Yunanistan ve T\u00fcrkiye gibi devletlerin Kybrys halklarynyn i?gal altynda tutulmasyndaki rol\u00fc sadece emperyalizmin el ayak i?lerini g\u00f6ren birer ta?eron olmalaryndan ileri gelir. Bug\u00fcn T\u00fcrkiye Cumhuriyeti kendi halkynyn iste?i aleyhine Afganistan\u2019da nasyl i?galci ABD\u2019nin ta?eronlu?unu yapmaktaysa, ayny ?ekilde Kybrys\u2019ta da kendisine verilen rol\u00fc oynamaktadyr. Buradan hareketle biz Baraka\u2019cy devrimciler olarak T\u00fcrkiye\u2019ye i?galci de?il, bizce daha a?yr olmak \u00fczere, i?galcinin ta?eronu demekteyiz. Y?galin esas kayna?y ABD ve AB \u00fclkeleriyken, i?galci adyna ada halklaryny birbirine d\u00fc?man eden ta?eronlar T\u00fcrkiye ve Yunanistan da elbette kendi konumlaryndan belli \u00e7ykarlar sa?lamaktadyrlar. Ama bu onlary esas \u00f6zne yapmamaktadyr. T\u00fcrkiye\u2019nin ve Yunanistan\u2019yn adamyzda hi\u00e7bir yasal gerek\u00e7eye de?il emperyalistlerin fiili deste?ine dayaly olarak bulundurdu?u askeri, ekonomik, sosyal ve k\u00fclt\u00fcrel n\u00fcfuz, bal tutan parmak yalar misali avantajlar yanynda, iki eski imparatorlu?un (Osmanly ve Bizans) anysyny canly tutarak alt-emperyalist duygularyn tatminine de hizmet etmektedir. <\/span><\/p>\n<p class=\"MsoNormal\" style=\"text-align: justify; line-height: 150%; text-indent: 14.2pt;\">\n<p class=\"MsoNormal\" style=\"text-align: justify; line-height: 150%; text-indent: 14.2pt;\"><span style=\"line-height: 150%; font-family: 'Verdana','sans-serif'; font-size: 11pt;\">T\u00fcrkiye\u2019nin Kybrysly T\u00fcrk halkyny \u201csizi biz kurtardyk\u201d s\u00f6ylemi ve duygulanymy altynda kendisi ile ilgili hi\u00e7bir konuda karar veremez bir konuma iteklemesinin en g\u00f6r\u00fcnen \u00f6rneklerinden birisi olan Polis Synavy rezaletinde takyndy?ymyz tavyr; halkymyzyn onurunu ayaklar altyna alan bir dy? oda?a kararly bir cevaptyr. Bu cevap gerekli yerlerden gerekli ?ekillerde do?ru algylanmy?tyr. Ancak H\u00fcseyin Alaysa gibi g\u00f6revlendirilmi? ki?iler aracyly?yyla mesajymyzyn bozulmasy \u00e7abalary hala devam etse de halkymyz tarafyndan i\u00e7tenlikle benimsenmi?tir. Yazyly synavda ba?aryly olan, spor synavynda kendisini ispatlayan Kybrysly T\u00fcrk gen\u00e7lerin, kendi polis te?kilatymyza alynyp alynamayaca?yna bizim karar veremeyece?imiz y\u00f6n\u00fcnde hareket eden bir devlet; e?er bu hareketini \u201csizi biz kurtardyk\u201d s\u00f6ylemine dayandyryyorsa, o zaman kendine \u201cbuyur al diyetini\u201d demek her onurlu halkyn yapmasy gereken ?eydir. Alasya\u2019nyn \u201cEl\u00e7ilik \u00f6n\u00fcne kanly kol atmak\u201d olarak tarif etti?i bu eylem, \u00d6mer Seyfettin\u2019in DYYET \u00f6yk\u00fcs\u00fcn\u00fcn bir canlandyrmasyndan ve irademizi bize layyk g\u00f6rmeyenlere kararlyly?ymyzyn g\u00f6sterilmesinden ibarettir. Bu ba?lamda kendi kaderini tayin etmek konusunda d\u00fcnyadaki her halk kadar basiret sahibi olan Kybrysly T\u00fcrk halkynyn, kimseye ?\u00fckran \u00e7ekecek bir onursuzlukta de?il ama T\u00fcrkiye dahil d\u00fcnyanyn her \u00fclkesi ile onurlu bir e?itlik temelinde ili?ki kurmasyndan yana olan Baraka; s\u00f6z konusu eylemi gururla sahiplenmektedir. <\/span><\/p>\n<p class=\"MsoNormal\" style=\"text-align: justify; line-height: 150%; text-indent: 14.2pt;\">\n<p class=\"MsoNormal\" style=\"text-align: justify; line-height: 150%; text-indent: 14.2pt;\"><span style=\"line-height: 150%; font-family: 'Verdana','sans-serif'; font-size: 11pt;\">Bu eylem, bu adada onuru ile ya?amak isteyen Kybrysly T\u00fcrkleri de?il yalnyz ve yalnyz bu halky ba?ka bir devlete kul k\u00f6le yapmak isteyen ?\u00fckrancylary rahatsyz edebilir, nitekim de etmi?tir. H\u00fcseyin Alasya\u2019nyn uzla?macylyk, \u00e7aty?madan uzak olmak gibi beyanatlaryny da hayretle okuduk. Kendisinin, 2008 yylynda \u00c7a?layan Parky\u2019nyn adynyn Kybrysly T\u00fcrklerin iradesine ra?men de?i?tirilmesini savundu?unu, Lefko?a\u2019ya Lefko?e dedi?ini, bunu hayretle kar?ylayan ki?ilere LTB Meclis toplantysynda kameralaryn \u00f6n\u00fcnde ARKADAN VURDU?UNU unutmu? de?iliz. Bu \u00fclkenin ba?kentinin kendisinin \u00e7ok savundu?unu iddia etti?i yasal ismini bilerek yanly? telaffuz eden ve sonra da buna tepki g\u00f6steren ki?ilere arkadan vuran bir ki?inin; ky?kyrtycylyktan ve uzla?macylyktan bahsetmesi bize bir hayli dokunakly gelmi?tir. <\/span><\/p>\n<p class=\"MsoNormal\" style=\"text-align: justify; line-height: 150%; text-indent: 14.2pt;\">\n<p class=\"MsoNormal\" style=\"text-align: justify; line-height: 150%; text-indent: 14.2pt;\"><span style=\"line-height: 150%; font-family: 'Verdana','sans-serif'; font-size: 11pt;\">H\u00fcseyin Alasya\u2019nyn s\u00f6yle?isinde bir\u00e7ok tarih, isim, olgu ve yakla?ymda yanly?lyklar s\u00f6z konusudur. Ancak cevap yazymyzy uzatmamak i\u00e7in bunlara de?inmiyoruz. Kamuya a\u00e7yk bir ?ekilde kendisi ile (bizzat kendisi ile) tarty?mak istedi?imizi tekrar ediyoruz. B\u00f6ylesi bir tarty?ma kendisi gibi g\u00fcce tapan ki?ilerin saldyrgan davrany?lar i\u00e7erisinde olmalarynyn temel nedeninin bilgiden ve fikirden yoksun olmalary oldu?unu halkymyza \u00e7ok daha net bir ?ekilde g\u00f6sterecektir. <\/span><\/p>\n<p class=\"MsoNormal\" style=\"line-height: 150%;\">\u00a0 \u00a0 \u00a0 \u00a0 \u00a0 \u00a0 \u00a0 \u00a0 \u00a0 \u00a0 \u00a0 \u00a0 \u00a0 \u00a0 \u00a0 \u00a0 \u00a0\u00a0\u00a0 <span style=\"line-height: 150%; font-family: 'Verdana','sans-serif'; font-size: 11pt;\"><br \/>\n<\/span><\/p>\n<p class=\"MsoNormal\" style=\"line-height: 150%;\">\n<p class=\"MsoNormal\" style=\"text-align: right; line-height: 150%;\" align=\"right\"><strong><span style=\"line-height: 150%; font-family: 'Verdana','sans-serif'; font-size: 11pt;\">Baraka K\u00fclt\u00fcr Merkezi <\/span><\/strong><\/p>\n<p class=\"MsoNormal\" style=\"text-align: right; line-height: 150%;\" align=\"right\">\n","protected":false},"excerpt":{"rendered":"<p>H\u00fcseyin Alasya\u2019ya Cevap 17 Mayys Pazartesi sabahy, Posta FM\u2019de yayynlanan Can Sarvan\u2019la Sabah Postasy programyna konuk olarak katylan, H\u00fcseyin Alasya isimli ki?i, derne?imiz Baraka K\u00fclt\u00fcr<\/p>\n","protected":false},"author":1,"featured_media":0,"comment_status":"open","ping_status":"open","sticky":false,"template":"","format":"standard","meta":{"jetpack_post_was_ever_published":false,"_jetpack_newsletter_access":"","_jetpack_newsletter_tier_id":0,"jetpack_publicize_message":"","jetpack_is_tweetstorm":false,"jetpack_publicize_feature_enabled":true,"jetpack_social_post_already_shared":false,"jetpack_social_options":{"image_generator_settings":{"template":"highway","enabled":false}}},"categories":[1],"tags":[],"jetpack_publicize_connections":[],"jetpack_featured_media_url":"","jetpack_shortlink":"https:\/\/wp.me\/p4eHWX-db","jetpack_sharing_enabled":true,"_links":{"self":[{"href":"https:\/\/baraka.cc\/index.php?rest_route=\/wp\/v2\/posts\/817"}],"collection":[{"href":"https:\/\/baraka.cc\/index.php?rest_route=\/wp\/v2\/posts"}],"about":[{"href":"https:\/\/baraka.cc\/index.php?rest_route=\/wp\/v2\/types\/post"}],"author":[{"embeddable":true,"href":"https:\/\/baraka.cc\/index.php?rest_route=\/wp\/v2\/users\/1"}],"replies":[{"embeddable":true,"href":"https:\/\/baraka.cc\/index.php?rest_route=%2Fwp%2Fv2%2Fcomments&post=817"}],"version-history":[{"count":1,"href":"https:\/\/baraka.cc\/index.php?rest_route=\/wp\/v2\/posts\/817\/revisions"}],"predecessor-version":[{"id":818,"href":"https:\/\/baraka.cc\/index.php?rest_route=\/wp\/v2\/posts\/817\/revisions\/818"}],"wp:attachment":[{"href":"https:\/\/baraka.cc\/index.php?rest_route=%2Fwp%2Fv2%2Fmedia&parent=817"}],"wp:term":[{"taxonomy":"category","embeddable":true,"href":"https:\/\/baraka.cc\/index.php?rest_route=%2Fwp%2Fv2%2Fcategories&post=817"},{"taxonomy":"post_tag","embeddable":true,"href":"https:\/\/baraka.cc\/index.php?rest_route=%2Fwp%2Fv2%2Ftags&post=817"}],"curies":[{"name":"wp","href":"https:\/\/api.w.org\/{rel}","templated":true}]}}