{"id":8171,"date":"2021-05-27T08:07:49","date_gmt":"2021-05-27T06:07:49","guid":{"rendered":"https:\/\/baraka.cc\/?p=8171"},"modified":"2021-05-27T01:15:30","modified_gmt":"2021-05-26T23:15:30","slug":"ayni-denizdeyiz-ayni-gemide-degiliz","status":"publish","type":"post","link":"https:\/\/baraka.cc\/?p=8171","title":{"rendered":"Ayn\u0131 Denizdeyiz, Ayn\u0131 Gemide De\u011filiz"},"content":{"rendered":"<p>Bu y\u0131l da, E\u015fcinselli\u011fin, D\u00fcnya Sa\u011fl\u0131k \u00d6rg\u00fct\u00fc taraf\u0131ndan hastal\u0131ktan \u00e7\u0131kar\u0131lmas\u0131n\u0131n 31. y\u0131ld\u00f6n\u00fcm\u00fc dolay\u0131s\u0131 ile \u00fclkemizde bir hafta boyunca s\u00fcren etkinlikler ger\u00e7ekle\u015ftirildi.<\/p>\n<p>Pandemi ko\u015fullar\u0131n\u0131n LGBT\u0130+\u2019lar\u0131 farkl\u0131 etkiledi\u011fini isteyen komite bile\u015fenleri; AYNI DEN\u0130ZDEY\u0130Z, AYNI GEM\u0130DE DE\u011e\u0130L\u0130Z temas\u0131 etkinlikler d\u00fczenlediler. Derne\u011fimizin de her y\u0131l yer ald\u0131\u011f\u0131 17 May\u0131s organizasyon komitesi taraf\u0131ndan d\u00fczenlenen Onur Y\u00fcr\u00fcy\u00fc\u015f\u00fc ise 17 May\u0131s g\u00fcn\u00fc Dereboyu \u00c7emberinden ba\u015flayan G\u00f6kku\u015fa\u011f\u0131 Zinciri ile Meclise ula\u015ft\u0131. Sokaklar\u0131n g\u00f6kku\u015fa\u011f\u0131 renklerine b\u00fcr\u00fcnd\u00fc\u011f\u00fc eylem, Meclis \u00f6n\u00fcnde okunan bas\u0131n a\u00e7\u0131klamas\u0131 ile son buldu.<\/p>\n<p><a href=\"https:\/\/baraka.cc\/wp-content\/uploads\/2021\/05\/192547910_840638719867364_1851074947441002670_n.jpg\"><img decoding=\"async\" loading=\"lazy\" class=\"alignnone size-medium wp-image-8173\" alt=\"192547910_840638719867364_1851074947441002670_n\" src=\"https:\/\/baraka.cc\/wp-content\/uploads\/2021\/05\/192547910_840638719867364_1851074947441002670_n-300x199.jpg\" width=\"300\" height=\"199\" srcset=\"https:\/\/baraka.cc\/wp-content\/uploads\/2021\/05\/192547910_840638719867364_1851074947441002670_n-300x199.jpg 300w, https:\/\/baraka.cc\/wp-content\/uploads\/2021\/05\/192547910_840638719867364_1851074947441002670_n-1024x682.jpg 1024w, https:\/\/baraka.cc\/wp-content\/uploads\/2021\/05\/192547910_840638719867364_1851074947441002670_n.jpg 2048w\" sizes=\"(max-width: 300px) 100vw, 300px\" \/><a href=\"https:\/\/baraka.cc\/wp-content\/uploads\/2021\/05\/189627231_498329391312311_5359945036343866490_n.jpg\"><img decoding=\"async\" loading=\"lazy\" class=\"alignnone size-medium wp-image-8174\" alt=\"189627231_498329391312311_5359945036343866490_n\" src=\"https:\/\/baraka.cc\/wp-content\/uploads\/2021\/05\/189627231_498329391312311_5359945036343866490_n-300x199.jpg\" width=\"300\" height=\"199\" srcset=\"https:\/\/baraka.cc\/wp-content\/uploads\/2021\/05\/189627231_498329391312311_5359945036343866490_n-300x199.jpg 300w, https:\/\/baraka.cc\/wp-content\/uploads\/2021\/05\/189627231_498329391312311_5359945036343866490_n-1024x682.jpg 1024w, https:\/\/baraka.cc\/wp-content\/uploads\/2021\/05\/189627231_498329391312311_5359945036343866490_n.jpg 2048w\" sizes=\"(max-width: 300px) 100vw, 300px\" \/><\/a><\/a><\/p>\n<p>Komitenin ortak bas\u0131n a\u00e7\u0131klamas\u0131 Onur Haftas\u0131 etkinliklerinin ba\u015flang\u0131c\u0131 olan G\u00f6kku\u015fa\u011f\u0131 Zinciri\u2019ne ho\u015f geldiniz! Bug\u00fcn D\u00fcnya Sa\u011fl\u0131k \u00d6rg\u00fct\u00fc taraf\u0131ndan e\u015fcinselli\u011fin hastal\u0131k olmaktan \u00e7\u0131kar\u0131lmas\u0131n\u0131n 31. y\u0131l\u0131. 17 May\u0131s her y\u0131l Uluslararas\u0131 Homofobi, Bifobi, Transfobi ve \u0130nterfobi Kar\u015f\u0131tl\u0131\u011f\u0131 G\u00fcn olarak t\u00fcm d\u00fcnyada an\u0131lmaktad\u0131r.<\/p>\n<p>K\u0131br\u0131s\u2019\u0131n kuzey kesiminde ise onur y\u00fcr\u00fcy\u00fc\u015fleri e\u015fcinselli\u011fin Ceza Yasas\u0131\u2019nda su\u00e7 olmaktan \u00e7\u0131kar\u0131ld\u0131\u011f\u0131 2014 y\u0131l\u0131ndan beridir her y\u0131l d\u00fczenlenmektedir. Bu y\u00fcr\u00fcy\u00fc\u015fler lezbiyen, gey, biseks\u00fcel, trans, interseks ve art\u0131lar\u0131n ayr\u0131mc\u0131l\u0131\u011fa u\u011framamas\u0131 ve insan haklar\u0131na e\u015fit eri\u015fiminin sa\u011flanmas\u0131 i\u00e7in yap\u0131lmaktad\u0131r. Son y\u0131llarda ise onur y\u00fcr\u00fcy\u00fc\u015fleri ve bu kapsamda bir\u00e7ok etkinli\u011fi bizler 17 May\u0131s Organizasyon Komitesi olarak d\u00fczenlemekteyiz. Her y\u0131l \u00e7e\u015fitli \u00f6rg\u00fct\u00fcn bir araya gelerek Kuir K\u0131br\u0131s Derne\u011fi ile dayan\u0131\u015fma i\u00e7inde d\u00fczenledi\u011fi bu etkinliklerde hem g\u00f6r\u00fcn\u00fcrl\u00fck hem de fark\u0131ndal\u0131\u011f\u0131 art\u0131rmay\u0131 ama\u00e7lamaktay\u0131z. Ge\u00e7ti\u011fimiz y\u0131l t\u00fcm d\u00fcnyay\u0131 etkisi alt\u0131na alan COVID-19 Pandemisinedeniyle etkinliklerimizi online olarak ger\u00e7ekle\u015ftirdik ve Pandemi\u2019nin bizler \u00fczerindeki etkisini tart\u0131\u015ft\u0131k. Bu bir y\u0131l bizlere g\u00f6stermi\u015ftir ki t\u00fcm d\u00fcnyada Pandemi\u2019den \u00f6zellikle biz LGBT\u0130+\u2019lar ba\u015fta olmak \u00fczere m\u00fclteciler, kad\u0131nlar, \u00e7ocuklar, i\u015f\u00e7i s\u0131n\u0131f\u0131, sa\u011fl\u0131k \u00e7al\u0131\u015fanlar\u0131, ya\u015fl\u0131lar ve daha bir\u00e7ok dezavantajl\u0131 grup olumsuz olarak etkilenmekte ve y\u00f6neticiler bu durumu kontrol alt\u0131na almakta ba\u015far\u0131s\u0131z kalmaktad\u0131r. \u00d6zellikle Pandemi s\u00fcrecinde bir\u00e7ok politikac\u0131n\u0131n \u201cHepimiz ayn\u0131 gemideyiz\u201d s\u00f6ylemine kar\u015f\u0131 bizler \u201cAyn\u0131 denizdeyiz, ayn\u0131 gemide de\u011filiz\u201d slogan\u0131 ile tepki g\u00f6steriyoruz. \u00d6zellikle Kuir K\u0131br\u0131s Derne\u011fi\u2019nin son y\u0131llarda y\u00fcr\u00fctm\u00fc\u015f oldu\u011fu \u00e7al\u0131\u015fmalarda da LGBT\u0130+\u2019lar\u0131n istihdam, sa\u011fl\u0131k, bar\u0131nma, e\u011fitim vb. alanlarda ayr\u0131mc\u0131l\u0131\u011fa u\u011frad\u0131\u011f\u0131 ve en temel insan haklar\u0131n\u0131n bile ihlal edildi\u011fi saptanm\u0131\u015ft\u0131r.<\/p>\n<p>\u00dclkemizde; &#8211; \u0130nterseksler k\u00fc\u00e7\u00fck ya\u015flarda gerekli olmayan t\u0131bbi m\u00fcdahalelere maruz b\u0131rak\u0131lmakta, &#8211; Bir\u00e7ok trans cinsiyet uyum s\u00fcrecine ve cinsiyetin hukuken tan\u0131nmas\u0131 hakk\u0131na eri\u015fememektedir, &#8211; E\u015fcinseller ve biseks\u00fceller okullarda, i\u015f yerlerinde, sosyalle\u015fme ortamlar\u0131nda gizlenmek zorunda b\u0131rak\u0131lmakta ve a\u00e7\u0131lmalar\u0131durumunda da b\u00fcy\u00fck risklerle kar\u015f\u0131 kar\u015f\u0131ya kalmaktad\u0131rlar, &#8211; \u00d6zellikle okullarda ve i\u015f yerlerinde LGBT\u0130+\u2019lar \u00e7evresindekiler taraf\u0131ndan zorbal\u0131\u011fa, ayr\u0131mc\u0131l\u0131\u011fa maruz b\u0131rak\u0131lmakta, &#8211; Yani \u00f6zetle bug\u00fcn heteroseks\u00fcel ve natranslara tan\u0131nan yasal ve sosyal haklar LGBT\u0130+\u2019lara tan\u0131nmamaktad\u0131r. Bu nedenle ayr\u0131mc\u0131l\u0131k son bulana kadar bizler m\u00fccadelemize devam edecek ve renklerimizle g\u00fc\u00e7lenerek var olaca\u011f\u0131z. G\u00f6kku\u015fa\u011f\u0131 Zinciri ile ba\u015flayan Onur Haftas\u0131 etkinliklerimiz bug\u00fcnden itibaren 25 May\u0131s\u2019a kadar her g\u00fcn farkl\u0131 farkl\u0131 etkinliklerle ger\u00e7ekle\u015fecektir.<\/p>\n<p>Dileyen herkes K\u0131br\u0131s\u2019ta 17 May\u0131s adl\u0131 sosyal medya hesaplar\u0131m\u0131zdan etkinliklerin detaylar\u0131na ula\u015fabilir.<\/p>\n<p>17 May\u0131s Organizasyon Komitesi Bile\u015fenleri: Kuir K\u0131br\u0131s Derne\u011fi, M\u00fclteci Haklar\u0131 Derne\u011fi, Kad\u0131n E\u011fitimi Kolektifi, VOIS K\u0131br\u0131s Uluslararas\u0131 \u00d6\u011frenciler, Baraka K\u00fclt\u00fcr Merkezi, Ba\u011f\u0131ms\u0131zl\u0131k Yolu, Akdeniz Avrupa Sanat Merkezi (EMAA), \u00dc\u00e7\u00fcnc\u00fc Toplum \u00d6rg\u00fct\u00fc, K\u0131br\u0131s Kad\u0131n Sa\u011fl\u0131\u011f\u0131 Ara\u015ft\u0131rma Derne\u011fi (KISAD), Sol Hareket \u2013 Sol Gen\u00e7lik, Halk\u0131n Partisi \u2013 Toplumsal Cinsiyet E\u015fitli\u011fi Komitesi, Cumhuriyet\u00e7i T\u00fcrk Partisi \u2013 Gen\u00e7lik \u00d6rg\u00fct\u00fc ve Kad\u0131n \u00d6rg\u00fct\u00fc, Toplumcu Demokrasi Partisi \u2013 Gen\u00e7lik \u00d6rg\u00fct\u00fc ve Toplumsal Cinsiyet E\u015fitli\u011fi Komitesi.<\/p>\n","protected":false},"excerpt":{"rendered":"<p>Bu y\u0131l da, E\u015fcinselli\u011fin, D\u00fcnya Sa\u011fl\u0131k \u00d6rg\u00fct\u00fc taraf\u0131ndan hastal\u0131ktan \u00e7\u0131kar\u0131lmas\u0131n\u0131n 31. y\u0131ld\u00f6n\u00fcm\u00fc dolay\u0131s\u0131 ile \u00fclkemizde bir hafta boyunca s\u00fcren etkinlikler ger\u00e7ekle\u015ftirildi. Pandemi ko\u015fullar\u0131n\u0131n LGBT\u0130+\u2019lar\u0131 farkl\u0131<\/p>\n","protected":false},"author":12,"featured_media":8172,"comment_status":"open","ping_status":"open","sticky":false,"template":"","format":"standard","meta":{"jetpack_post_was_ever_published":false,"_jetpack_newsletter_access":"","_jetpack_newsletter_tier_id":0,"jetpack_publicize_message":"Ayn\u0131 Denizdeyiz, Ayn\u0131 Gemide De\u011filiz","jetpack_is_tweetstorm":false,"jetpack_publicize_feature_enabled":true,"jetpack_social_post_already_shared":true,"jetpack_social_options":{"image_generator_settings":{"template":"highway","enabled":false}}},"categories":[66,45,9],"tags":[],"jetpack_publicize_connections":[],"jetpack_featured_media_url":"https:\/\/baraka.cc\/wp-content\/uploads\/2021\/05\/191795922_919610635252073_4034825240889913112_n.jpg","jetpack_shortlink":"https:\/\/wp.me\/p4eHWX-27N","jetpack_sharing_enabled":true,"_links":{"self":[{"href":"https:\/\/baraka.cc\/index.php?rest_route=\/wp\/v2\/posts\/8171"}],"collection":[{"href":"https:\/\/baraka.cc\/index.php?rest_route=\/wp\/v2\/posts"}],"about":[{"href":"https:\/\/baraka.cc\/index.php?rest_route=\/wp\/v2\/types\/post"}],"author":[{"embeddable":true,"href":"https:\/\/baraka.cc\/index.php?rest_route=\/wp\/v2\/users\/12"}],"replies":[{"embeddable":true,"href":"https:\/\/baraka.cc\/index.php?rest_route=%2Fwp%2Fv2%2Fcomments&post=8171"}],"version-history":[{"count":1,"href":"https:\/\/baraka.cc\/index.php?rest_route=\/wp\/v2\/posts\/8171\/revisions"}],"predecessor-version":[{"id":8175,"href":"https:\/\/baraka.cc\/index.php?rest_route=\/wp\/v2\/posts\/8171\/revisions\/8175"}],"wp:featuredmedia":[{"embeddable":true,"href":"https:\/\/baraka.cc\/index.php?rest_route=\/wp\/v2\/media\/8172"}],"wp:attachment":[{"href":"https:\/\/baraka.cc\/index.php?rest_route=%2Fwp%2Fv2%2Fmedia&parent=8171"}],"wp:term":[{"taxonomy":"category","embeddable":true,"href":"https:\/\/baraka.cc\/index.php?rest_route=%2Fwp%2Fv2%2Fcategories&post=8171"},{"taxonomy":"post_tag","embeddable":true,"href":"https:\/\/baraka.cc\/index.php?rest_route=%2Fwp%2Fv2%2Ftags&post=8171"}],"curies":[{"name":"wp","href":"https:\/\/api.w.org\/{rel}","templated":true}]}}