{"id":829,"date":"2011-10-31T21:22:26","date_gmt":"2011-10-31T19:22:26","guid":{"rendered":"https:\/\/baraka.cc\/?p=829"},"modified":"2014-01-02T21:23:11","modified_gmt":"2014-01-02T19:23:11","slug":"hedef-ankara-baska-hedef-yok","status":"publish","type":"post","link":"https:\/\/baraka.cc\/?p=829","title":{"rendered":"HEDEF ANKARA BA\u015eKA HEDEF YOK!"},"content":{"rendered":"<p><a href=\"https:\/\/www.baraka.cc\/images\/stories\/31ekim2011_afis.jpg\" target=\"_blank\"><img decoding=\"async\" alt=\" \" src=\"https:\/\/www.baraka.cc\/images\/stories\/31ekim2011_afis.jpg\" width=\"150\" align=\"left\" border=\"2\" \/><\/a> <span style=\"font-size: 10pt; line-height: 200%; font-family: 'Verdana','sans-serif';\">Toplumsal Varolu\u015f M\u00fccadelemiz devam ediyor. Baraka K\u00fclt\u00fcr Merkezi olarak esas hedefin ta\u015feron, i\u015fbirlik\u00e7i h\u00fck\u00fcmetler olmad\u0131\u011f\u0131n\u0131n bilincindeyiz. UBP\u2019nin yerine kurulacak olan h\u00fck\u00fcmetin de ge\u00e7mi\u015fte oldu\u011fu gibi t\u00fckeni\u015f paketlerinin yarat\u0131c\u0131s\u0131 T\u00fcrkiye Cumhuriyeti ve El\u00e7ilik ile kusursuz uyum i\u00e7erisinde olaca\u011f\u0131n\u0131n fark\u0131nday\u0131z. Bundan dolay\u0131 hareketimiz ve slogan\u0131m\u0131z temel olarak K\u0131br\u0131sl\u0131 T\u00fcrk halk\u0131n\u0131 t\u00fckeni\u015f projesine tabi tutan <span class=\"yshortcuts\">TC<\/span> ve TC El\u00e7ili\u011finedir. Bunun i\u00e7in 31 Ekim 2011 tarihinde, i<\/span><span style=\"font-size: 10pt; line-height: 200%; font-family: 'Verdana','sans-serif';\">\u015fbirlik\u00e7i ta\u015feron h\u00fck\u00fcmetlere ve esas iktidara kar\u015f\u0131, <\/span><span style=\"font-size: 10pt; line-height: 200%; font-family: 'Verdana','sans-serif';\">daha da g\u00fcr bi\u00e7imde \u2018Ankara Elini Yakam\u0131zdan \u00c7ek\u2019 dedik!\u00a0 <\/span><\/p>\n<p>&nbsp;<\/p>\n<p style=\"margin: 0cm 0cm 0.0001pt; text-align: justify; line-height: 200%;\"><span style=\"font-size: 10pt; line-height: 200%; font-family: 'Verdana','sans-serif';\">Baraka K\u00fclt\u00fcr Merkezi aktivistleri, meclis \u00f6n\u00fcne gelir gelmez &#8220;Ankara Elini Yakam\u0131zdan \u00c7ek&#8221; pankart\u0131n\u0131 TC El\u00e7ili\u011fi taraf\u0131na \u00e7evirerek el\u00e7ili\u011fe sloganlar att\u0131. &#8220;Tek hedef Ankara, ba\u015fka hedef yok&#8221;, &#8220;Ankara elini yakam\u0131zdan \u00e7ek&#8221; \u015feklinde sloganlar atmaya ba\u015flayan Baraka aktivistleri, protestosunu ger\u00e7ekle\u015ftirip miting bitmeden eylem yerinden ayr\u0131ld\u0131. Yakla\u015f\u0131k 10 dakika kadar miting alan\u0131nda kalan Barakac\u0131lar &#8220;<\/span><span style=\"font-size: 10pt; line-height: 200%; font-family: 'Verdana','sans-serif';\">HEDEF ANKARA BA\u015eKA HEDEF YOK<\/span><span style=\"font-size: 10pt; line-height: 200%; font-family: 'Verdana','sans-serif';\">&#8221; slogan\u0131yla olays\u0131z bir \u015fekilde mitingden ayr\u0131ld\u0131.\u00a0<\/span><\/p>\n<p style=\"margin: 0cm 0cm 0.0001pt; text-align: justify; line-height: 200%;\"><a href=\"https:\/\/www.baraka.cc\/images\/stories\/31ekim2011_2.jpg\" target=\"_blank\"><img decoding=\"async\" loading=\"lazy\" alt=\" \" src=\"https:\/\/www.baraka.cc\/images\/stories\/31ekim2011_2.jpg\" width=\"200\" height=\"150\" border=\"2\" \/><\/a>\u00a0\u00a0\u00a0 <a href=\"https:\/\/www.baraka.cc\/images\/stories\/31ekim2011_3.jpg\" target=\"_blank\"><img decoding=\"async\" loading=\"lazy\" alt=\" \" src=\"https:\/\/www.baraka.cc\/images\/stories\/31ekim2011_3.jpg\" width=\"200\" height=\"150\" border=\"2\" \/><\/a><\/p>\n","protected":false},"excerpt":{"rendered":"<p>Toplumsal Varolu\u015f M\u00fccadelemiz devam ediyor. Baraka K\u00fclt\u00fcr Merkezi olarak esas hedefin ta\u015feron, i\u015fbirlik\u00e7i h\u00fck\u00fcmetler olmad\u0131\u011f\u0131n\u0131n bilincindeyiz. UBP\u2019nin yerine kurulacak olan h\u00fck\u00fcmetin de ge\u00e7mi\u015fte oldu\u011fu gibi<\/p>\n","protected":false},"author":1,"featured_media":0,"comment_status":"open","ping_status":"open","sticky":false,"template":"","format":"standard","meta":{"jetpack_post_was_ever_published":false,"_jetpack_newsletter_access":"","_jetpack_newsletter_tier_id":0,"jetpack_publicize_message":"","jetpack_is_tweetstorm":false,"jetpack_publicize_feature_enabled":true,"jetpack_social_post_already_shared":false,"jetpack_social_options":{"image_generator_settings":{"template":"highway","enabled":false}}},"categories":[66],"tags":[],"jetpack_publicize_connections":[],"jetpack_featured_media_url":"","jetpack_shortlink":"https:\/\/wp.me\/p4eHWX-dn","jetpack_sharing_enabled":true,"_links":{"self":[{"href":"https:\/\/baraka.cc\/index.php?rest_route=\/wp\/v2\/posts\/829"}],"collection":[{"href":"https:\/\/baraka.cc\/index.php?rest_route=\/wp\/v2\/posts"}],"about":[{"href":"https:\/\/baraka.cc\/index.php?rest_route=\/wp\/v2\/types\/post"}],"author":[{"embeddable":true,"href":"https:\/\/baraka.cc\/index.php?rest_route=\/wp\/v2\/users\/1"}],"replies":[{"embeddable":true,"href":"https:\/\/baraka.cc\/index.php?rest_route=%2Fwp%2Fv2%2Fcomments&post=829"}],"version-history":[{"count":1,"href":"https:\/\/baraka.cc\/index.php?rest_route=\/wp\/v2\/posts\/829\/revisions"}],"predecessor-version":[{"id":831,"href":"https:\/\/baraka.cc\/index.php?rest_route=\/wp\/v2\/posts\/829\/revisions\/831"}],"wp:attachment":[{"href":"https:\/\/baraka.cc\/index.php?rest_route=%2Fwp%2Fv2%2Fmedia&parent=829"}],"wp:term":[{"taxonomy":"category","embeddable":true,"href":"https:\/\/baraka.cc\/index.php?rest_route=%2Fwp%2Fv2%2Fcategories&post=829"},{"taxonomy":"post_tag","embeddable":true,"href":"https:\/\/baraka.cc\/index.php?rest_route=%2Fwp%2Fv2%2Ftags&post=829"}],"curies":[{"name":"wp","href":"https:\/\/api.w.org\/{rel}","templated":true}]}}