{"id":8349,"date":"2021-09-02T08:30:31","date_gmt":"2021-09-02T06:30:31","guid":{"rendered":"https:\/\/baraka.cc\/?p=8349"},"modified":"2021-09-02T08:37:06","modified_gmt":"2021-09-02T06:37:06","slug":"dunya-baris-gunu-basin-aciklamasi-cumhurbaskanligi-onunde-yapildi","status":"publish","type":"post","link":"https:\/\/baraka.cc\/?p=8349","title":{"rendered":"D\u00fcnya Bar\u0131\u015f G\u00fcn\u00fc Bas\u0131n A\u00e7\u0131klamas\u0131 Cumhurba\u015fkanl\u0131\u011f\u0131 \u00d6n\u00fcnde Yap\u0131ld\u0131"},"content":{"rendered":"<div dir=\"auto\" style=\"text-align: center;\"><a href=\"https:\/\/baraka.cc\/wp-content\/uploads\/2021\/09\/240912616_4787262391284099_6077733649618392448_n.jpg\"><a href=\"https:\/\/baraka.cc\/wp-content\/uploads\/2021\/09\/x.jpg\"><img decoding=\"async\" loading=\"lazy\" class=\"alignnone size-medium wp-image-8356\" alt=\"x\" src=\"https:\/\/baraka.cc\/wp-content\/uploads\/2021\/09\/x-300x168.jpg\" width=\"300\" height=\"168\" srcset=\"https:\/\/baraka.cc\/wp-content\/uploads\/2021\/09\/x-300x168.jpg 300w, https:\/\/baraka.cc\/wp-content\/uploads\/2021\/09\/x-1024x576.jpg 1024w, https:\/\/baraka.cc\/wp-content\/uploads\/2021\/09\/x.jpg 1280w\" sizes=\"(max-width: 300px) 100vw, 300px\" \/><\/a>\u00a0<\/a><\/div>\n<div dir=\"auto\">1 Eyl\u00fcl D\u00fcnya Bar\u0131\u015f G\u00fcn\u00fc i\u00e7in Ba\u011f\u0131ms\u0131zl\u0131k Yolu ile birlikte Cumhurba\u015fkanl\u0131\u011f\u0131 \u00f6n\u00fcnde bir bas\u0131n a\u00e7\u0131klamas\u0131 d\u00fczenledik. Aktivistimiz Nazen \u015eansal, \u201c1 Eyl\u00fcl D\u00fcnya Bar\u0131\u015f G\u00fcn\u00fc\u201dn\u00fcn tarihine ve \u00f6nemine de\u011findi\u011fi konu\u015fmas\u0131nda, ger\u00e7ek ve kal\u0131c\u0131 bir bar\u0131\u015f i\u00e7in, do\u011fa ve emek d\u00fc\u015fman\u0131 bu sistemle sava\u015fmak gerekti\u011fini vurgulad\u0131. Bertolt Brecht&#8217;ten bir \u015fiirin de okundu\u011fu konu\u015fmada, Frans\u0131z Devrimi&#8217;nin &#8220;saraylara sava\u015f, kul\u00fcbelere bar\u0131\u015f&#8221; slogan\u0131 hat\u0131rlat\u0131ld\u0131. . Ard\u0131ndan Ba\u011f\u0131ms\u0131zl\u0131k Yolu Genel Sekreteri Celal \u00d6zk\u0131zan ortak bas\u0131n a\u00e7\u0131klamas\u0131n\u0131 okudu.<\/div>\n<div dir=\"auto\"><a href=\"https:\/\/baraka.cc\/wp-content\/uploads\/2021\/09\/240948997_4787262357950769_7911297888580558507_n.jpg\"><img decoding=\"async\" loading=\"lazy\" class=\"alignnone size-medium wp-image-8351\" alt=\"240948997_4787262357950769_7911297888580558507_n\" src=\"https:\/\/baraka.cc\/wp-content\/uploads\/2021\/09\/240948997_4787262357950769_7911297888580558507_n-300x225.jpg\" width=\"300\" height=\"225\" srcset=\"https:\/\/baraka.cc\/wp-content\/uploads\/2021\/09\/240948997_4787262357950769_7911297888580558507_n-300x225.jpg 300w, https:\/\/baraka.cc\/wp-content\/uploads\/2021\/09\/240948997_4787262357950769_7911297888580558507_n-1024x768.jpg 1024w, https:\/\/baraka.cc\/wp-content\/uploads\/2021\/09\/240948997_4787262357950769_7911297888580558507_n.jpg 2048w\" sizes=\"(max-width: 300px) 100vw, 300px\" \/><\/a><\/div>\n<div dir=\"auto\">Ortak bas\u0131n a\u00e7\u0131klamas\u0131n\u0131n tam metni \u015f\u00f6yle:<\/div>\n<div dir=\"auto\">KIBRISLI T\u00dcRK HALKININ ERS\u0130N TATAR \u0130LE KAYBEDECEK ZAMANI YOKTUR<\/div>\n<div dir=\"auto\">Ersin Tatar, cumhurba\u015fkanl\u0131\u011f\u0131 se\u00e7im kampanyas\u0131 boyunca, federasyon g\u00f6r\u00fc\u015fmenin zaman kayb\u0131 oldu\u011funu, K\u0131br\u0131sl\u0131 T\u00fcrklerin art\u0131k federasyonla kaybedecek zamanlar\u0131 olmad\u0131\u011f\u0131n\u0131 s\u00f6ylemi\u015fti. \u201cKaybedecek zaman\u0131m\u0131z yok\u201d diyen Ersin Tatar, g\u00f6reve geldi\u011fi g\u00fcnden beridir, gerek K\u0131br\u0131sl\u0131 T\u00fcrklerin \u00e7\u0131karlar\u0131n\u0131 ilgilendiren meselelerde, gerekse de bizzat kendisinin vaat etti\u011fi ve s\u00f6z verdi\u011fi konularda tek bir ad\u0131m dahi atmam\u0131\u015ft\u0131r. B\u0131rak\u0131n ad\u0131m atmay\u0131, ne gibi ad\u0131mlar ataca\u011f\u0131na ili\u015fkin bir yol haritas\u0131 dahi ortaya koymam\u0131\u015ft\u0131r.<\/div>\n<div dir=\"auto\">Federasyon s\u00f6z konusu oldu\u011funda \u201ckaybedecek zaman\u0131m\u0131z yok\u201d diyen Ersin Tatar, K\u0131br\u0131sl\u0131 T\u00fcrk halk\u0131 hayat pahal\u0131l\u0131\u011f\u0131, ekonomik darbo\u011faz ve pandemi kriziyle birlikte \u00e7ok s\u0131k\u0131nt\u0131l\u0131 bir d\u00f6nemden ge\u00e7erken, K\u0131br\u0131sl\u0131 T\u00fcrklerin d\u00fcnya taraf\u0131ndan muhatap al\u0131nan tek siyasi temsiliyet makam\u0131 olan cumhurba\u015fkanl\u0131\u011f\u0131 makam\u0131n\u0131 kendi ki\u015fisel emeklilik tatili i\u00e7in kullanmaktad\u0131r . Halk marketlerde en temel t\u00fcketim maddelerini sepetine atarken bile kara kara d\u00fc\u015f\u00fcn\u00fcrken, Tatar, bir turist gibi K\u0131br\u0131s\u2019ta ve T\u00fcrkiye\u2019de s\u00fcrekli dola\u015fmakta siyasi ve toplumsal hi\u00e7bir i\u00e7eri\u011fi ve faydas\u0131 olmayan ziyaretlerin keyfini s\u00fcrmekte, sosyalle\u015fme faaliyetinden \u00f6teye gidemeyen kabullerle ve toplant\u0131larla g\u00fcn\u00fcn\u00fc g\u00fcn etmektedir. K\u0131br\u0131sl\u0131 T\u00fcrk gen\u00e7ler ev sahibi olma, ev borcu \u00f6deme, kira \u00f6deme ve ba\u015f\u0131n\u0131 sokacak bir konut bulma derdinin a\u011f\u0131rl\u0131\u011f\u0131n\u0131 her ge\u00e7en g\u00fcn daha da hissetmekteyken, Ersin Tatar, cumhurba\u015fkanl\u0131\u011f\u0131 se\u00e7imini t\u00fcrl\u00fc dalaverelerle kendisine hediye eden Erdo\u011fan ile birlikte, y\u00fcz\u00fc hi\u00e7 k\u0131zarmadan halka \u201cyeni bir saray\u0131\u201d m\u00fcjde olarak verebilmektedir.<\/div>\n<div dir=\"auto\">**<\/div>\n<div dir=\"auto\">Bizler, federasyondan yanay\u0131z. Bunun sebebi, federasyonun, K\u0131br\u0131sl\u0131 T\u00fcrklerin K\u0131br\u0131s sorunundan dolay\u0131 ya\u015fad\u0131\u011f\u0131 en acil iki soruna \u00e7\u00f6z\u00fcm getirecek olmas\u0131d\u0131r. Bu iki sorun, tan\u0131nmama sorunu ve adan\u0131n b\u00f6l\u00fcnm\u00fc\u015fl\u00fc\u011f\u00fcd\u00fcr. Federasyon, K\u0131br\u0131sl\u0131 T\u00fcrklerin tan\u0131nmam\u0131\u015fl\u0131\u011f\u0131n\u0131, yani stat\u00fc sorununu ortadan kald\u0131racakt\u0131r. Bir toplum olarak K\u0131br\u0131sl\u0131 T\u00fcrk kimli\u011fi ve varl\u0131\u011f\u0131 d\u00fcnyadaki t\u00fcm uluslar nezdinde kabul g\u00f6recektir. Federasyon ayr\u0131ca adam\u0131z\u0131n b\u00f6l\u00fcnm\u00fc\u015fl\u00fc\u011f\u00fcn\u00fc ortadan kald\u0131racak ve birle\u015fik bir K\u0131br\u0131s olu\u015fturacakt\u0131r.<\/div>\n<div dir=\"auto\">Bu iki sorunun \u00e7\u00f6z\u00fcm\u00fc, K\u0131br\u0131sl\u0131 T\u00fcrk halk\u0131n\u0131n \u00e7\u0131kar\u0131nad\u0131r. Federasyonu, bu iki soruna \u00e7\u00f6z\u00fcm bulacak tek yol oldu\u011fu i\u00e7in savunmaktay\u0131z. Federasyon, k\u00f6keni fark etmeksizin, do\u011fdu\u011fu yer fark etmeksizin K\u0131br\u0131sl\u0131 T\u00fcrk halk\u0131n\u0131n t\u00fcm mensuplar\u0131n\u0131n \u00e7\u0131kar\u0131nad\u0131r. Yayg\u0131n propagandan\u0131n aksine, federal bir \u00e7\u00f6z\u00fcm, en \u00e7ok da T\u00fcrkiye k\u00f6kenli K\u0131br\u0131sl\u0131 T\u00fcrklerin ve K\u0131br\u0131s Cumhuriyeti pasaportuna sahip olmayan t\u00fcm K\u0131br\u0131sl\u0131 T\u00fcrklerin \u00e7\u0131kar\u0131na olacakt\u0131r. K\u0131br\u0131s Cumhuriyeti pasaportundan mahrum olan K\u0131br\u0131sl\u0131 T\u00fcrkler, tan\u0131nmam\u0131\u015f bir devletin vatanda\u015f\u0131 olman\u0131n do\u011furdu\u011fu ac\u0131 sonu\u00e7lar\u0131 sadece toplumsal olarak de\u011fil ki\u015fisel hayatlar\u0131nda da ya\u015famaktad\u0131rlar. Ayn\u0131 \u015fekilde, adan\u0131n g\u00fcneyine s\u0131n\u0131r kap\u0131lar\u0131ndan ge\u00e7i\u015f yapma imk\u00e2n\u0131 olmayan K\u0131br\u0131sl\u0131 T\u00fcrkler, adan\u0131n b\u00f6l\u00fcnm\u00fc\u015fl\u00fc\u011f\u00fcn\u00fc sadece siyasi bir sorun olarak de\u011fil, her g\u00fcn ya\u015fad\u0131klar\u0131 ki\u015fisel bir sorun olarak da deneyimlemektedirler. \u0130\u015fte federasyon, tam da bu y\u00fczden t\u00fcm K\u0131br\u0131sl\u0131 T\u00fcrklerin \u00e7\u0131kar\u0131nad\u0131r.<\/div>\n<div dir=\"auto\">**<\/div>\n<div dir=\"auto\">Ersin Tatar\u2019\u0131n \u201cadan\u0131n birle\u015fmesi\u201d diye bir derdinin olmad\u0131\u011f\u0131, b\u00f6l\u00fcnm\u00fc\u015fl\u00fckten \u00e7\u0131kar sa\u011flad\u0131\u011f\u0131 zaten herkesin malumudur. Ancak Tatar, \u201ctan\u0131nmama\u201d sorununu dert etti\u011fini s\u00f6ylemi\u015f, bu soruna bir \u00e7\u00f6z\u00fcm getirece\u011fini vaat etmi\u015f, b\u00fct\u00fcn kampanyas\u0131n\u0131 ve s\u00f6ylemini tan\u0131nmama sorununun \u00e7\u00f6z\u00fcm\u00fc \u00fczerine kurmu\u015ftur. Tatar, K\u0131br\u0131sl\u0131 T\u00fcrklerin d\u00fcnya taraf\u0131ndan tan\u0131nmas\u0131 i\u00e7in federasyona ihtiya\u00e7 olmad\u0131\u011f\u0131n\u0131, aksine federasyonun bir zaman kayb\u0131 oldu\u011funu s\u00f6ylemi\u015f; K\u0131br\u0131sl\u0131 T\u00fcrklerin tan\u0131nmama sorununun \u201cegemen iki devlet\u201d ve \u201ciki devletlilik\u201d ad\u0131n\u0131 verdi\u011fi \u00e7\u00f6z\u00fcm modeliyle ortadan kald\u0131r\u0131laca\u011f\u0131n\u0131 vaat etmi\u015ftir.<\/div>\n<div dir=\"auto\">Ancak, Ersin Tatar, cumhurba\u015fkanl\u0131\u011f\u0131 g\u00f6revi ba\u015flad\u0131\u011f\u0131ndan beri, kktc\u2019yi tant\u0131mak y\u00f6n\u00fcnde herhangi bir giri\u015fimde bulunmam\u0131\u015ft\u0131r. Ersin Tatar, kktc\u2019yi tan\u0131tmaya \u00e7al\u0131\u015fmamaktad\u0131r bile. Bu konuda bir giri\u015fimde, bir denemede, en ufak bir ciddi \u00e7abada dahi bulunmamaktad\u0131r. Yani Tatar\u2019\u0131n, K\u0131br\u0131sl\u0131 T\u00fcrklerin tan\u0131nmama sorununu \u00e7\u00f6zmek gibi bir g\u00fcndemi dahi yoktur.<\/div>\n<div dir=\"auto\">Yoktur, \u00e7\u00fcnk\u00fc Ersin Tatar da kktc\u2019ye ve kktc\u2019nin tan\u0131t\u0131labilece\u011fine inanmamaktad\u0131r. Ersin Tatar da kktc\u2019nin d\u00fcnyada bir devlet olarak kabul g\u00f6remeyece\u011fini herkes kadar iyi bilmektedir. Bildi\u011fi i\u00e7in de, kktc\u2019yi tan\u0131tmaya \u00e7al\u0131\u015fmamakta, bunun yerine, alt\u0131 bo\u015f hamasi s\u00f6zlerle K\u0131br\u0131sl\u0131 T\u00fcrklerin zaman\u0131n\u0131 bo\u015fa harcamaktad\u0131r.<\/div>\n<div dir=\"auto\">Bug\u00fcn burda Ersin Tatar\u2019a sormak istiyoruz; kendisi, kktc\u2019yi tan\u0131tmak i\u00e7in nas\u0131l bir yol haritas\u0131 izlemeyi d\u00fc\u015f\u00fcnmektedir? BM G\u00fcvenlik Konseyi \u00fcyesi olan 5 devlet ile gayriresmi bir bi\u00e7imde de olsa ne gibi ili\u015fkiler kurmay\u0131 d\u00fc\u015f\u00fcnmektedir? BM \u00fcyesi olan 193 devlet aras\u0131ndan hangileri ile kktc\u2019yi tan\u0131tmak y\u00f6n\u00fcnde lobi \u00e7al\u0131\u015fmas\u0131 y\u00fcr\u00fctmeyi planlamaktad\u0131r? K\u0131br\u0131s sorununa do\u011frudan taraf olan Britanya ve AB ile kktc\u2019nin tan\u0131t\u0131lmas\u0131 y\u00f6n\u00fcnde ne gibi \u00e7al\u0131\u015fmalar yap\u0131lmaktad\u0131r? \u00c7ok uza\u011fa gitmeye gerek de yoktur\u2026 Ersin Tatar, T\u00fcrkiye\u2019nin en yak\u0131n m\u00fcttefiki olan Pakistan, Azerbaycan, Bosna Hersek, Kazakistan, \u00d6zbekistan ve K\u0131rgizistan gibi \u00fclkelerde ve \u0130slam \u0130\u015fbirli\u011fi Te\u015fkilat\u0131 gibi uluslararas\u0131 kurulu\u015flarda kktc\u2019nin tan\u0131t\u0131lmas\u0131 konusunda ne gibi giri\u015fimlerde bulunmay\u0131 d\u00fc\u015f\u00fcnmektedir? Bu konuda bir yol haritas\u0131 var m\u0131d\u0131r? Daha da yak\u0131na gelecek olursak, T\u00fcrkiye\u2019nin kktc\u2019yi tan\u0131mas\u0131 konusunda ne gibi \u00e7al\u0131\u015fmalar y\u00fcr\u00fct\u00fclmektedir? T\u00fcrkiye\u2019deki futbol tak\u0131mlar\u0131, ne zaman kktc tak\u0131mlar\u0131 ile resmi ma\u00e7lar yapacakt\u0131r? T\u00fcrkiye\u2019de d\u00fczenlenen her t\u00fcrden resmi uluslararas\u0131 organizasyona ve toplant\u0131ya neden K\u0131br\u0131s Cumhuriyeti bile resmi olarak kat\u0131labilirken kktc resmi olarak kat\u0131lamamaktad\u0131r? T\u00fcrkiye\u2019nin bile kktc\u2019yi devlet olarak resmi bir bi\u00e7imde tan\u0131mad\u0131\u011f\u0131 ve ciddiye almad\u0131\u011f\u0131 bir ortamda, ba\u015fka \u00fclkelere kktc\u2019yi tan\u0131tmak konusunda nas\u0131l bir plan izlenecektir?<\/div>\n<div dir=\"auto\">Ersin Tatar\u2019\u0131n bu sorulara verecek bir cevab\u0131 yoktur. Kendi verdi\u011fi vaadi b\u0131rak\u0131n yerine getirmeyi, yerine getirmek i\u00e7in ciddi hi\u00e7bir giri\u015fimde dahi bulunmayan, denemeye bile \u00e7al\u0131\u015fmayan bir ki\u015fi, K\u0131br\u0131sl\u0131 T\u00fcrkler i\u00e7in bir zaman kayb\u0131d\u0131r. K\u0131br\u0131sl\u0131 T\u00fcrklerin Ersin Tatar ile kaybedecek zaman\u0131 yoktur. Tatar sadece K\u0131br\u0131sl\u0131 T\u00fcrklerin zaman\u0131n\u0131 bo\u015fa harcamakla kalmamakta, sa\u00e7mal\u0131k derecesine varan a\u00e7\u0131klamalar\u0131 ve tav\u0131rlar\u0131yla Anastasiadis\u2019in ve K\u0131br\u0131sl\u0131 Elen \u015fovenistlerin ekme\u011fine de ya\u011f s\u00fcrmekte, K\u0131br\u0131sl\u0131 T\u00fcrkleri zor duruma sokmakta, kimsenin ciddiye almad\u0131\u011f\u0131 bir fig\u00fcr haline d\u00f6n\u00fc\u015fmektedir. Bu y\u00fczden, 1 Eyl\u00fcl D\u00fcnya Bar\u0131\u015f G\u00fcn\u00fc vesilesiyle, zaman\u0131m\u0131z\u0131 kaybetmek yerine, federasyon i\u00e7in m\u00fccadele etmeye devam edece\u011fimizi burdan bir kez daha ilan ederiz. Federasyon se\u00e7ene\u011fini bir kenara atan ba\u015fta Tatar ve Erdo\u011fan olmak \u00fczere t\u00fcm kesimlerin de, K\u0131br\u0131sl\u0131 T\u00fcrklerin tan\u0131nmam\u0131\u015fl\u0131\u011f\u0131n\u0131 nas\u0131l ortadan kald\u0131racaklar\u0131n\u0131 bize anlatmalar\u0131n\u0131 bekleriz.<\/div>\n<div dir=\"auto\">BA\u011eIMSIZLIK YOLU<\/div>\n<div dir=\"auto\">BARAKA K\u00dcLT\u00dcR MERKEZ\u0130<\/div>\n<div dir=\"auto\"><a href=\"https:\/\/baraka.cc\/wp-content\/uploads\/2021\/09\/240965383_4787262377950767_7306685004221990199_n.jpg\"><img decoding=\"async\" loading=\"lazy\" class=\"alignnone size-medium wp-image-8352\" alt=\"240965383_4787262377950767_7306685004221990199_n\" src=\"https:\/\/baraka.cc\/wp-content\/uploads\/2021\/09\/240965383_4787262377950767_7306685004221990199_n-300x225.jpg\" width=\"300\" height=\"225\" srcset=\"https:\/\/baraka.cc\/wp-content\/uploads\/2021\/09\/240965383_4787262377950767_7306685004221990199_n-300x225.jpg 300w, https:\/\/baraka.cc\/wp-content\/uploads\/2021\/09\/240965383_4787262377950767_7306685004221990199_n-1024x768.jpg 1024w, https:\/\/baraka.cc\/wp-content\/uploads\/2021\/09\/240965383_4787262377950767_7306685004221990199_n.jpg 2048w\" sizes=\"(max-width: 300px) 100vw, 300px\" \/><\/a>\u00a0 \u00a0<a href=\"https:\/\/baraka.cc\/wp-content\/uploads\/2021\/09\/241018569_4787262311284107_515935505509868979_n.jpg\"><img decoding=\"async\" loading=\"lazy\" class=\"alignnone size-medium wp-image-8353\" alt=\"241018569_4787262311284107_515935505509868979_n\" src=\"https:\/\/baraka.cc\/wp-content\/uploads\/2021\/09\/241018569_4787262311284107_515935505509868979_n-225x300.jpg\" width=\"225\" height=\"300\" srcset=\"https:\/\/baraka.cc\/wp-content\/uploads\/2021\/09\/241018569_4787262311284107_515935505509868979_n-225x300.jpg 225w, https:\/\/baraka.cc\/wp-content\/uploads\/2021\/09\/241018569_4787262311284107_515935505509868979_n-768x1024.jpg 768w, https:\/\/baraka.cc\/wp-content\/uploads\/2021\/09\/241018569_4787262311284107_515935505509868979_n.jpg 1536w\" sizes=\"(max-width: 225px) 100vw, 225px\" \/><\/a><\/div>\n","protected":false},"excerpt":{"rendered":"<p>\u00a0 1 Eyl\u00fcl D\u00fcnya Bar\u0131\u015f G\u00fcn\u00fc i\u00e7in Ba\u011f\u0131ms\u0131zl\u0131k Yolu ile birlikte Cumhurba\u015fkanl\u0131\u011f\u0131 \u00f6n\u00fcnde bir bas\u0131n a\u00e7\u0131klamas\u0131 d\u00fczenledik. Aktivistimiz Nazen \u015eansal, \u201c1 Eyl\u00fcl D\u00fcnya Bar\u0131\u015f G\u00fcn\u00fc\u201dn\u00fcn<\/p>\n","protected":false},"author":3,"featured_media":8350,"comment_status":"open","ping_status":"open","sticky":false,"template":"","format":"standard","meta":{"jetpack_post_was_ever_published":false,"_jetpack_newsletter_access":"","_jetpack_newsletter_tier_id":0,"jetpack_publicize_message":"","jetpack_is_tweetstorm":false,"jetpack_publicize_feature_enabled":true,"jetpack_social_post_already_shared":true,"jetpack_social_options":{"image_generator_settings":{"template":"highway","enabled":false}}},"categories":[52,45,47,9,1],"tags":[],"jetpack_publicize_connections":[],"jetpack_featured_media_url":"https:\/\/baraka.cc\/wp-content\/uploads\/2021\/09\/240912616_4787262391284099_6077733649618392448_n.jpg","jetpack_shortlink":"https:\/\/wp.me\/p4eHWX-2aF","jetpack_sharing_enabled":true,"_links":{"self":[{"href":"https:\/\/baraka.cc\/index.php?rest_route=\/wp\/v2\/posts\/8349"}],"collection":[{"href":"https:\/\/baraka.cc\/index.php?rest_route=\/wp\/v2\/posts"}],"about":[{"href":"https:\/\/baraka.cc\/index.php?rest_route=\/wp\/v2\/types\/post"}],"author":[{"embeddable":true,"href":"https:\/\/baraka.cc\/index.php?rest_route=\/wp\/v2\/users\/3"}],"replies":[{"embeddable":true,"href":"https:\/\/baraka.cc\/index.php?rest_route=%2Fwp%2Fv2%2Fcomments&post=8349"}],"version-history":[{"count":3,"href":"https:\/\/baraka.cc\/index.php?rest_route=\/wp\/v2\/posts\/8349\/revisions"}],"predecessor-version":[{"id":8358,"href":"https:\/\/baraka.cc\/index.php?rest_route=\/wp\/v2\/posts\/8349\/revisions\/8358"}],"wp:featuredmedia":[{"embeddable":true,"href":"https:\/\/baraka.cc\/index.php?rest_route=\/wp\/v2\/media\/8350"}],"wp:attachment":[{"href":"https:\/\/baraka.cc\/index.php?rest_route=%2Fwp%2Fv2%2Fmedia&parent=8349"}],"wp:term":[{"taxonomy":"category","embeddable":true,"href":"https:\/\/baraka.cc\/index.php?rest_route=%2Fwp%2Fv2%2Fcategories&post=8349"},{"taxonomy":"post_tag","embeddable":true,"href":"https:\/\/baraka.cc\/index.php?rest_route=%2Fwp%2Fv2%2Ftags&post=8349"}],"curies":[{"name":"wp","href":"https:\/\/api.w.org\/{rel}","templated":true}]}}