{"id":838,"date":"2011-05-19T21:29:09","date_gmt":"2011-05-19T19:29:09","guid":{"rendered":"https:\/\/baraka.cc\/?p=838"},"modified":"2014-01-02T21:30:05","modified_gmt":"2014-01-02T19:30:05","slug":"saglik-hakki-eylemi","status":"publish","type":"post","link":"https:\/\/baraka.cc\/?p=838","title":{"rendered":"SA\u011eLIK HAKKI EYLEM\u0130"},"content":{"rendered":"<p class=\"MsoNormal\" style=\"margin-bottom: 0.0001pt; text-align: justify; line-height: 200%;\">\n<p class=\"MsoNormal\" style=\"margin-bottom: 0.0001pt; text-align: justify; line-height: 200%;\"><a title=\"_GoBack\" name=\"_GoBack\"><\/a><\/p>\n<p><img decoding=\"async\" alt=\" \" src=\"https:\/\/www.baraka.cc\/images\/stories\/saglikhakki_recete.jpg\" width=\"200\" align=\"left\" border=\"2\" \/><span style=\"font-size: 10pt; line-height: 200%; font-family: 'Verdana','sans-serif';\">K\u0131br\u0131sl\u0131 T\u00fcrklere ait bir\u00e7ok kurum, kurulu\u015f, do\u011fal alan ve kaynaklar neoliberal politikalar \u00e7er\u00e7evesinde sermayeye pe\u015fke\u015f \u00e7ekilmi\u015f, \u00e7ekilmeye devam etmektedir.<\/span><span style=\"font-size: 10pt; line-height: 200%; font-family: 'Verdana','sans-serif';\"> \u0130\u015fbirlik\u00e7i UBP H\u00fck\u00fcmeti, bunlarla da yetinmeyip, e\u011fitim, sa\u011fl\u0131k, sosyal g\u00fcvence gibi temel insan haklar\u0131n\u0131 piyasaya a\u00e7maya \u00e7al\u0131\u015fmakta, devlet eliyle kamusal alanlarda \u00fccretsiz verilen hizmetlerden, \u00fccret talep etmektedir.<\/span><\/p>\n<p class=\"MsoNormal\" style=\"margin-bottom: 0.0001pt; text-align: justify; line-height: 200%;\"><span style=\"font-size: 10pt; line-height: 200%; font-family: 'Verdana','sans-serif';\">Hava, su, e\u011fitim, beslenme ve bar\u0131nma hakk\u0131 gibi, sa\u011fl\u0131k da, do\u011frudan varolu\u015fla ilgili bir durumdur ve toplumun ortak varl\u0131\u011f\u0131 olarak de\u011ferlendirilmelidir. <\/span><\/p>\n<p class=\"MsoNormal\" style=\"margin-bottom: 0.0001pt; text-align: justify; line-height: 200%;\"><span style=\"font-size: 10pt; line-height: 200%; font-family: 'Verdana','sans-serif';\">Temel bir insan hakk\u0131 olan sa\u011fl\u0131k hakk\u0131n\u0131n, herkese \u00fccretsiz, e\u015fit, ula\u015f\u0131labilir olmas\u0131, hem \u0130nsan Haklar\u0131 Beyannemesi\u2019nde hem de anayasa da belirtilmi\u015ftir. Kan emici neoliberal politikalar \u00e7er\u00e7evesinde sa\u011fl\u0131\u011f\u0131n devlet eliyle piyasala\u015ft\u0131r\u0131lmas\u0131n\u0131 ve sosyal g\u00fcvence i\u00e7in vergisini \u00f6deyen emek\u00e7ilerin omuzlar\u0131na y\u0131k\u0131lmas\u0131n\u0131 kabul etmedik, etmeyece\u011fiz. <\/span><\/p>\n<p class=\"MsoNormal\" style=\"margin-bottom: 0.0001pt; text-align: justify; line-height: 200%;\"><span style=\"font-size: 10pt; line-height: 200%; font-family: 'Verdana','sans-serif';\">Sa\u011fl\u0131k hizmetinin herkese s\u0131n\u0131rs\u0131z ula\u015ft\u0131r\u0131lmas\u0131n\u0131 sa\u011flayan sosyal politikalar\u0131 terk edemeyiz. Herkese e\u015fit, \u00fccretsiz ve ula\u015f\u0131labilir sa\u011fl\u0131k hizmeti sa\u011flamak, devletin asl\u00ee g\u00f6revidir.<\/span><\/p>\n<p class=\"MsoNormal\" style=\"margin-bottom: 0.0001pt; text-align: justify; line-height: 200%;\"><span style=\"font-size: 10pt; line-height: 200%; font-family: 'Verdana','sans-serif';\">\u00dccretsiz sa\u011fl\u0131k hakk\u0131n\u0131 talep eden \u00f6rg\u00fctler olarak, sa\u011fl\u0131kla ilgili b\u00fct\u00e7e harcamalar\u0131n\u0131n b\u00fcy\u00fck bir b\u00f6l\u00fcm\u00fcn\u00fc, baz\u0131 \u00f6zel sa\u011fl\u0131k kurulu\u015flar\u0131 ve \u00f6zel hastanelere aktaran, emek\u00e7iden, i\u015f\u00e7iden, yoksuldan tedavi i\u00e7in \u00fccret talep eden anlay\u0131\u015fa kar\u015f\u0131 direnece\u011fimizi t\u00fcm kamuoyuna duyuruyoruz.<\/span><\/p>\n<p class=\"MsoNormal\" style=\"margin-bottom: 0.0001pt; text-align: justify; line-height: 200%;\"><a title=\"_GoBack\" name=\"_GoBack\"><\/a><span style=\"font-size: 10pt; line-height: 200%; font-family: 'Verdana','sans-serif';\">Sindirim sisteminin kabul etmedi\u011fi neoliberal politikalar\u0131 ve sa\u011fl\u0131\u011f\u0131n piyasala\u015ft\u0131r\u0131lmas\u0131 uygulamalar\u0131n\u0131 bize yedirip yutturanlara kar\u015f\u0131, 17 May\u0131s Per\u015fembe g\u00fcn\u00fc, saat 17:30\u2019da Ba\u015fbakanl\u0131k Kav\u015fa\u011f\u0131\u2019nda bulu\u015fup sinmedi\u011fimizi, uyumad\u0131\u011f\u0131m\u0131z\u0131 herkese hayk\u0131raca\u011f\u0131z. Eylemde \u00fccretsiz sa\u011fl\u0131k hakk\u0131 ile ilgili tiyatro oynanacak, pankart a\u00e7\u0131lacak ve bro\u015f\u00fcr da\u011f\u0131t\u0131lacakt\u0131r.<\/span><\/p>\n<p class=\"MsoNormal\" style=\"margin-bottom: 0.0001pt; text-align: justify; line-height: 200%;\"><span style=\"font-size: 10pt; line-height: 200%; font-family: 'Verdana','sans-serif';\">\u00dccretsiz sa\u011fl\u0131k hakk\u0131n\u0131n gasbedilmesinden rahats\u0131zl\u0131k duyan t\u00fcm halk\u0131m\u0131z\u0131 eyleme kat\u0131lmaya \u00e7a\u011f\u0131r\u0131yoruz. Eylem videonusu izlemek i\u00e7in <a href=\"http:\/\/www.youtube.com\/watch?v=i_i5z1i8Gv4\" target=\"_blank\">t\u0131klay\u0131n\u0131z<\/a> <\/span><\/p>\n<p class=\"MsoNormal\" style=\"margin-bottom: 0.0001pt; text-align: justify; line-height: 200%;\">\n<p class=\"MsoNormal\" style=\"margin-bottom: 0.0001pt; line-height: normal;\"><span style=\"font-size: 10pt; font-family: 'Times New Roman','serif';\">\u00a0<\/span><\/p>\n<p class=\"MsoNormal\" style=\"margin-bottom: 0.0001pt; text-align: justify; line-height: 200%;\"><span style=\"font-size: 10pt; line-height: 200%; font-family: 'Verdana','sans-serif';\">BASINSEN &#8211; BES \u2013 \u00c7A\u011eSEN \u2013 DA\u00dcB\u0130RSEN \u2013 DA\u00dcSEN &#8211; DEV\u0130\u015e <\/span><\/p>\n<p class=\"MsoNormal\" style=\"margin-bottom: 0.0001pt; text-align: justify; line-height: 200%;\"><span style=\"font-size: 10pt; line-height: 200%; font-family: 'Verdana','sans-serif';\">G\u00dc\u00c7SEN &#8211; KT\u00d6S \u2013 KTOE\u00d6S \u2013 KTAMS \u2013 MECSEN &#8211; TIP\u0130\u015e<\/span><\/p>\n<p class=\"MsoNormal\" style=\"margin-bottom: 0.0001pt; text-align: justify; line-height: 200%;\"><span style=\"font-size: 10pt; line-height: 200%; font-family: 'Verdana','sans-serif';\">BARAKA &#8211; BAR\u0130KAT- BA\u011eIMSIZ PS\u0130KOLOGLAR \u0130NS\u0130YAT\u0130F\u0130 <\/span><\/p>\n<p class=\"MsoNormal\" style=\"margin-bottom: 0.0001pt; text-align: justify; line-height: 200%;\"><span style=\"font-size: 10pt; line-height: 200%; font-family: 'Verdana','sans-serif';\">GELECEK GAZETES\u0130 &#8211; DEVR\u0130MC\u0130 KOM\u00dcN\u0130ST B\u0130RL\u0130\u011e\u0130 \u2013 BKP<\/span><\/p>\n","protected":false},"excerpt":{"rendered":"<p>K\u0131br\u0131sl\u0131 T\u00fcrklere ait bir\u00e7ok kurum, kurulu\u015f, do\u011fal alan ve kaynaklar neoliberal politikalar \u00e7er\u00e7evesinde sermayeye pe\u015fke\u015f \u00e7ekilmi\u015f, \u00e7ekilmeye devam etmektedir. \u0130\u015fbirlik\u00e7i UBP H\u00fck\u00fcmeti, bunlarla da yetinmeyip,<\/p>\n","protected":false},"author":1,"featured_media":0,"comment_status":"open","ping_status":"open","sticky":false,"template":"","format":"standard","meta":{"jetpack_post_was_ever_published":false,"_jetpack_newsletter_access":"","_jetpack_newsletter_tier_id":0,"jetpack_publicize_message":"","jetpack_is_tweetstorm":false,"jetpack_publicize_feature_enabled":true,"jetpack_social_post_already_shared":false,"jetpack_social_options":{"image_generator_settings":{"template":"highway","enabled":false}}},"categories":[66],"tags":[],"jetpack_publicize_connections":[],"jetpack_featured_media_url":"","jetpack_shortlink":"https:\/\/wp.me\/p4eHWX-dw","jetpack_sharing_enabled":true,"_links":{"self":[{"href":"https:\/\/baraka.cc\/index.php?rest_route=\/wp\/v2\/posts\/838"}],"collection":[{"href":"https:\/\/baraka.cc\/index.php?rest_route=\/wp\/v2\/posts"}],"about":[{"href":"https:\/\/baraka.cc\/index.php?rest_route=\/wp\/v2\/types\/post"}],"author":[{"embeddable":true,"href":"https:\/\/baraka.cc\/index.php?rest_route=\/wp\/v2\/users\/1"}],"replies":[{"embeddable":true,"href":"https:\/\/baraka.cc\/index.php?rest_route=%2Fwp%2Fv2%2Fcomments&post=838"}],"version-history":[{"count":0,"href":"https:\/\/baraka.cc\/index.php?rest_route=\/wp\/v2\/posts\/838\/revisions"}],"wp:attachment":[{"href":"https:\/\/baraka.cc\/index.php?rest_route=%2Fwp%2Fv2%2Fmedia&parent=838"}],"wp:term":[{"taxonomy":"category","embeddable":true,"href":"https:\/\/baraka.cc\/index.php?rest_route=%2Fwp%2Fv2%2Fcategories&post=838"},{"taxonomy":"post_tag","embeddable":true,"href":"https:\/\/baraka.cc\/index.php?rest_route=%2Fwp%2Fv2%2Ftags&post=838"}],"curies":[{"name":"wp","href":"https:\/\/api.w.org\/{rel}","templated":true}]}}