{"id":8383,"date":"2021-09-10T10:53:12","date_gmt":"2021-09-10T08:53:12","guid":{"rendered":"https:\/\/baraka.cc\/?p=8383"},"modified":"2021-09-10T10:53:12","modified_gmt":"2021-09-10T08:53:12","slug":"ziller-kimin-icin-caliyor-emel-karagozlu-cicibaba","status":"publish","type":"post","link":"https:\/\/baraka.cc\/?p=8383","title":{"rendered":"Ziller Kimin \u0130\u00e7in \u00c7al\u0131yor? &#8211; Emel Karag\u00f6zl\u00fc Cicibaba"},"content":{"rendered":"<p><strong>Ziller Kimin \u0130\u00e7in \u00c7al\u0131yor?<\/strong><\/p>\n<p><a href=\"https:\/\/baraka.cc\/wp-content\/uploads\/2021\/09\/3C3056FB-30EF-4553-A063-A9623A1A2422.jpeg\"><img decoding=\"async\" loading=\"lazy\" class=\"alignnone size-medium wp-image-8384\" alt=\"3C3056FB-30EF-4553-A063-A9623A1A2422\" src=\"https:\/\/baraka.cc\/wp-content\/uploads\/2021\/09\/3C3056FB-30EF-4553-A063-A9623A1A2422-300x199.jpeg\" width=\"300\" height=\"199\" srcset=\"https:\/\/baraka.cc\/wp-content\/uploads\/2021\/09\/3C3056FB-30EF-4553-A063-A9623A1A2422-300x199.jpeg 300w, https:\/\/baraka.cc\/wp-content\/uploads\/2021\/09\/3C3056FB-30EF-4553-A063-A9623A1A2422-1024x680.jpeg 1024w, https:\/\/baraka.cc\/wp-content\/uploads\/2021\/09\/3C3056FB-30EF-4553-A063-A9623A1A2422.jpeg 1242w\" sizes=\"(max-width: 300px) 100vw, 300px\" \/><br \/>\n<\/a>Okullar\u0131n a\u00e7\u0131lmas\u0131na say\u0131l\u0131 g\u00fcnler kalm\u0131\u015fken bir\u00e7ok farkl\u0131 kesimden bir\u00e7ok farkl\u0131 g\u00f6r\u00fc\u015f\u00fc okuduk, dinledik. \u00c7ocuklar\u0131n okullar\u0131na d\u00f6nmesini hepimiz istiyor ama bunun sa\u011fl\u0131kl\u0131 ve t\u00fcm \u00f6nlemlerin al\u0131nd\u0131\u011f\u0131 bir \u00e7er\u00e7evede ger\u00e7ekle\u015fmesi gerekti\u011fini savunuyoruz.<br \/>\n\u0130ki y\u0131ld\u0131r t\u00fcm olumsuzluklar\u0131n, beceriksiz y\u00f6netimin, yolsuzluklar\u0131n, al\u0131nan g\u00f6stermelik kararlar\u0131n t\u00fcm\u00fcn\u00fcn faturas\u0131 e\u011fitim alan\u0131na kesildi. Yaz d\u00f6nemi turizm sezonu a\u00e7\u0131labilsin diye kurallar\u0131 esneten, turiste ve kumarc\u0131lara y\u00f6nelik kararlar \u00fcreten h\u00fck\u00fcmet s\u00f6z konusu okullara ve e\u011fitime geldi\u011finde tek bir karar, tek bir pratik \u00fcretmeyip \u00e7areyi her e\u011fitim d\u00f6nemi okullar\u0131 kapatmakta buldu.<br \/>\n\u0130ki y\u0131ld\u0131r okullar\u0131n pandemi ko\u015fullar\u0131nda e\u011fitim verilebilmesi i\u00e7in kayda de\u011fer hi\u00e7bir altyap\u0131 \u00e7al\u0131\u015fmas\u0131 yapmayan e\u011fitim bakanl\u0131\u011f\u0131, ders s\u00fcrelerini azaltmak, tenef\u00fcsleri art\u0131rmak, s\u0131n\u0131f say\u0131lar\u0131n\u0131 azaltmak, s\u0131n\u0131flarda ve okullardaki hijyenik altyap\u0131y\u0131 geli\u015ftirmek ad\u0131na hi\u00e7bir \u015fey yapmad\u0131!<\/p>\n<p><strong>E\u011fitim&lt;Turizm<\/strong><br \/>\nKre\u015f seviyesinden \u00fcniversite seviyesine kadar bir\u00e7ok \u00f6\u011frenci ma\u011fdur olmaya devam ederken E\u011fitim Bakan\u0131 Amcao\u011flu ayaklar\u0131 yere basan ve halka g\u00fcven veren tek bir a\u00e7\u0131klama dahi yapam\u0131yor. Okula gitmek isteyen \u00f6\u011fretmenleri s\u00fcrekli topun a\u011fz\u0131nda b\u0131rakan mu\u011flakl\u0131ta al\u0131nan kararlar ve pratikler ile t\u00fcm stressi okul idarelerinin ve \u00f6\u011fretmenlerin omzuna y\u00fckleyen bakanl\u0131k ders saatleri kadar basit bir d\u00fczenlemeyi dahi yapmaktan aciz durumda.<br \/>\nT\u00fcm yaz boyunca yap\u0131lan partiler, kurultaylar, k\u00f6y gezmeleri h\u0131z kesmeden devam ederken ve \u00fclkeye turist girebilsin diye t\u00fcm \u00f6nlemler gev\u015fetilirken tek bir siyasi, tek bir y\u00f6netici dahi uzun vaadeli d\u00fc\u015f\u00fcnmemi\u015f, bu yap\u0131lanlar\u0131n, bu gev\u015fekli\u011fin okullar\u0131n a\u00e7\u0131lmas\u0131n\u0131 nas\u0131l etkileyece\u011fini hesaba katmam\u0131\u015ft\u0131r.<br \/>\nEvinde teknolojik altyap\u0131s\u0131 bulunmayan, bunu kar\u015f\u0131layacak maddi g\u00fcc\u00fc olmayan bir\u00e7ok \u00f6\u011frenci iki y\u0131l ma\u011fdur edilmi\u015f, y\u00fczy\u00fcze e\u011fitime ihtiya\u00e7 duyan k\u00fc\u00e7\u00fck ya\u015ftaki \u00e7ocuklar okuma yazmay\u0131 \u00f6\u011frenememi\u015ftir. Okul ortam\u0131nda arkada\u015flar\u0131 ile sosyalle\u015femeyen, evlerine kapanan bir\u00e7ok \u00e7ocuk obezite ve asosyalli\u011fin pen\u00e7elerinde \u00e7\u0131rp\u0131n\u0131rken onlara maddi manevi destek olacak tek bir ad\u0131m at\u0131lmam\u0131\u015ft\u0131r. \u00d6zel e\u011fitime gereksinim duyan bir\u00e7ok \u00e7ocuk resmen unutulmu\u015f ve kendi kaderine mahkum edilmi\u015ftir!<br \/>\nT\u00fcm bunlar\u0131 dile getirirken atlamamam\u0131z gereken bir nokta da turizm emek\u00e7ilerinin, ki bunlar\u0131n i\u00e7inde \u00e7ocu\u011funu okutmaya \u00e7al\u0131\u015fan veliler de vard\u0131r, ciddi anlamda ma\u011fdur edildi\u011fidir. Turizm emek\u00e7ilerinin kapanmalardan dolay\u0131 \u00e7ekdikleri ciddi s\u0131k\u0131nt\u0131lar\u0131 g\u00f6z ard\u0131 etmek do\u011fru olmaz. K\u00fc\u00e7\u00fck i\u015fletmelere, esnaflara veya b\u00fcy\u00fck i\u015fletmeler yan\u0131nda \u00e7al\u0131\u015fan emek\u00e7ilere bu d\u00f6nem boyunca ele avuca s\u0131\u011far bir destek yap\u0131lmamas\u0131 toplumun ciddi bir kesimini olu\u015fturan bu insanlar\u0131 fazlas\u0131yla ma\u011fdur etmi\u015f ve zor durumda b\u0131rakm\u0131\u015ft\u0131r. \u0130\u00e7 turizmi canland\u0131racak ad\u0131mlar\u0131n at\u0131lmas\u0131 k\u00fc\u00e7\u00fck i\u015fletme ve esnaf\u0131n belini do\u011frultmas\u0131 i\u00e7in \u00f6nemli bir gereklilikti. Otel ve casino gibi yerlerde \u00e7al\u0131\u015f\u0131p pandemi d\u00f6neminde i\u015ften at\u0131lan bir\u00e7ok insan hayat\u0131n\u0131 idame ettirecek paras\u0131 olmad\u0131\u011f\u0131 i\u00e7in a\u00e7l\u0131\u011fa ve bor\u00e7 bata\u011f\u0131na mahkum edilmi\u015ftir. Fakat pandemi d\u00f6nemi boyunca koltuklarda oturan h\u00fck\u00fcmetler bahsi ge\u00e7en kesime de\u011fil, patronlara destek \u00e7\u0131kmay\u0131 se\u00e7mi\u015f ve bu y\u00f6nde kararlar \u00fcretmi\u015ftir.<\/p>\n<p><strong>Ziller kimin i\u00e7in \u00e7al\u0131yor!<\/strong><br \/>\nKulaklar\u0131mda duydu\u011fum ziller Pazartesi okullarda \u00e7alacak olan okul zili de\u011fil, halk\u0131n\u0131 satan, \u00e7ocuklar\u0131n\u0131 e\u011fitimden mahrum eden siyasilerin miyadlar\u0131n\u0131n doldu\u011funu m\u00fcjdeleyen zildir.<br \/>\n\u00c7ocuklar\u0131n e\u011fitiminden, toplumu gelece\u011finden eden e\u011fitim bakan\u0131 Olgun Amcao\u011flu i\u00e7in \u00e7alan zildir.<br \/>\n\u00dclkeye kilit vurulmu\u015fken \u00f6zel jetle \u00fclkeye ka\u00e7ak turist getiren, \u00fccretli ve 21 g\u00fcnde bir pcr ve antijen testi karar\u0131 alan, doktorlara ve sa\u011fl\u0131k\u00e7\u0131lara kulaklar\u0131n\u0131 t\u0131kayan sa\u011fl\u0131k bakan\u0131 \u00dcnal \u00dcstel i\u00e7in \u00e7alan zildir.<br \/>\nZam \u00fcst\u00fcne zam karar\u0131 al\u0131n\u0131rken, tek derdi tatil ve yanda\u015f ziyareti olan, cebinde tek kuru\u015f kalmayan vatanda\u015f yiyecek tek bir ekmek bulamazken, petrol s\u0131z\u0131nt\u0131lar\u0131 \u00fclke s\u0131n\u0131rlar\u0131na gelmi\u015f deniz canl\u0131lar\u0131n\u0131 yok edip bizi kanser ederken deniz kenar\u0131nda uyuyan Cumhurba\u015fkan\u0131 Ersin Tatar i\u00e7in \u00e7alan zildir.<br \/>\nBu \u00e7alan, bu koku\u015fmu\u015f, pen\u00e7esini vatanda\u015f\u0131n s\u0131rt\u0131na ge\u00e7irmi\u015f, e\u011fitimden sa\u011fl\u0131\u011fa her alanda y\u00fcz\u00fcn\u00fc sermayeye \u00e7evirip s\u0131rt\u0131n\u0131 paraya yaslam\u0131\u015f \u00e7arp\u0131k d\u00fczenin t\u00fckendi\u011fini m\u00fcjdeleyen zildir.<br \/>\nFakat unutmamam\u0131z gereken nokta \u015fudur ki bu ancak \u00f6rg\u00fctlenip, ya\u015fad\u0131\u011f\u0131m\u0131z t\u00fcm haks\u0131zl\u0131klar\u0131n \u00f6fkesini bunu ger\u00e7ekle\u015ftirecek m\u00fccadeleyi \u00f6rd\u00fc\u011f\u00fcm\u00fcz takdirde m\u00fcmk\u00fcn olacakt\u0131r.<\/p>\n<p>Baraka Aktivisti<br \/>\nEmel Karag\u00f6zl\u00fc Cicibaba<\/p>\n","protected":false},"excerpt":{"rendered":"<p>Ziller Kimin \u0130\u00e7in \u00c7al\u0131yor? Okullar\u0131n a\u00e7\u0131lmas\u0131na say\u0131l\u0131 g\u00fcnler kalm\u0131\u015fken bir\u00e7ok farkl\u0131 kesimden bir\u00e7ok farkl\u0131 g\u00f6r\u00fc\u015f\u00fc okuduk, dinledik. \u00c7ocuklar\u0131n okullar\u0131na d\u00f6nmesini hepimiz istiyor ama bunun sa\u011fl\u0131kl\u0131<\/p>\n","protected":false},"author":8,"featured_media":8384,"comment_status":"open","ping_status":"open","sticky":false,"template":"","format":"standard","meta":{"jetpack_post_was_ever_published":false,"_jetpack_newsletter_access":"","_jetpack_newsletter_tier_id":0,"jetpack_publicize_message":"","jetpack_is_tweetstorm":false,"jetpack_publicize_feature_enabled":true,"jetpack_social_post_already_shared":true,"jetpack_social_options":{"image_generator_settings":{"template":"highway","enabled":false}}},"categories":[44,38,9,42,1,39],"tags":[],"jetpack_publicize_connections":[],"jetpack_featured_media_url":"https:\/\/baraka.cc\/wp-content\/uploads\/2021\/09\/3C3056FB-30EF-4553-A063-A9623A1A2422.jpeg","jetpack_shortlink":"https:\/\/wp.me\/p4eHWX-2bd","jetpack_sharing_enabled":true,"_links":{"self":[{"href":"https:\/\/baraka.cc\/index.php?rest_route=\/wp\/v2\/posts\/8383"}],"collection":[{"href":"https:\/\/baraka.cc\/index.php?rest_route=\/wp\/v2\/posts"}],"about":[{"href":"https:\/\/baraka.cc\/index.php?rest_route=\/wp\/v2\/types\/post"}],"author":[{"embeddable":true,"href":"https:\/\/baraka.cc\/index.php?rest_route=\/wp\/v2\/users\/8"}],"replies":[{"embeddable":true,"href":"https:\/\/baraka.cc\/index.php?rest_route=%2Fwp%2Fv2%2Fcomments&post=8383"}],"version-history":[{"count":1,"href":"https:\/\/baraka.cc\/index.php?rest_route=\/wp\/v2\/posts\/8383\/revisions"}],"predecessor-version":[{"id":8385,"href":"https:\/\/baraka.cc\/index.php?rest_route=\/wp\/v2\/posts\/8383\/revisions\/8385"}],"wp:featuredmedia":[{"embeddable":true,"href":"https:\/\/baraka.cc\/index.php?rest_route=\/wp\/v2\/media\/8384"}],"wp:attachment":[{"href":"https:\/\/baraka.cc\/index.php?rest_route=%2Fwp%2Fv2%2Fmedia&parent=8383"}],"wp:term":[{"taxonomy":"category","embeddable":true,"href":"https:\/\/baraka.cc\/index.php?rest_route=%2Fwp%2Fv2%2Fcategories&post=8383"},{"taxonomy":"post_tag","embeddable":true,"href":"https:\/\/baraka.cc\/index.php?rest_route=%2Fwp%2Fv2%2Ftags&post=8383"}],"curies":[{"name":"wp","href":"https:\/\/api.w.org\/{rel}","templated":true}]}}