{"id":8387,"date":"2021-09-14T13:37:47","date_gmt":"2021-09-14T11:37:47","guid":{"rendered":"https:\/\/baraka.cc\/?p=8387"},"modified":"2021-09-14T13:37:47","modified_gmt":"2021-09-14T11:37:47","slug":"saglik-hakki-platformu-asya-bebek-buyuk-bir-saglik-krizinin-bedelini-odemektedir","status":"publish","type":"post","link":"https:\/\/baraka.cc\/?p=8387","title":{"rendered":"Sa\u011fl\u0131k Hakk\u0131 Platformu: &#8221;Asya bebek b\u00fcy\u00fck bir sa\u011fl\u0131k krizinin bedelini \u00f6demektedir&#8221;"},"content":{"rendered":"<p>Baraka olarak bile\u015feni oldu\u011fumuz &#8220;Asya Bebek \u0130\u00e7in Sa\u011fl\u0131k Hakk\u0131 Platformu&#8221;nda biraraya gelen ve kamusal sa\u011fl\u0131k hakk\u0131n\u0131 savunan g\u00f6n\u00fcll\u00fcler ve \u00f6rg\u00fctler olarak, yetkililerce yap\u0131lan yalan beyanatlar\u0131n do\u011frusunu kamuoyu ile payla\u015fmak amac\u0131yla bir bas\u0131n a\u00e7\u0131klamas\u0131 yay\u0131mlad\u0131k.<\/p>\n<p style=\"text-align: center;\"><a href=\"https:\/\/baraka.cc\/wp-content\/uploads\/2021\/09\/241844796_114663067612825_5668107243871349833_n.jpg\"><img decoding=\"async\" loading=\"lazy\" class=\"alignnone size-medium wp-image-8388\" alt=\"241844796_114663067612825_5668107243871349833_n\" src=\"https:\/\/baraka.cc\/wp-content\/uploads\/2021\/09\/241844796_114663067612825_5668107243871349833_n-300x169.jpg\" width=\"300\" height=\"169\" srcset=\"https:\/\/baraka.cc\/wp-content\/uploads\/2021\/09\/241844796_114663067612825_5668107243871349833_n-300x169.jpg 300w, https:\/\/baraka.cc\/wp-content\/uploads\/2021\/09\/241844796_114663067612825_5668107243871349833_n-1024x576.jpg 1024w, https:\/\/baraka.cc\/wp-content\/uploads\/2021\/09\/241844796_114663067612825_5668107243871349833_n.jpg 1640w\" sizes=\"(max-width: 300px) 100vw, 300px\" \/><\/a><\/p>\n<p>Halk\u0131n sa\u011fl\u0131\u011f\u0131ndan Sa\u011fl\u0131k Bakanl\u0131\u011f\u0131n\u0131n sorumlu oldu\u011funu fakat en temel g\u00f6revini yapmaktan aciz oldu\u011funu vurgulad\u0131\u011f\u0131m\u0131z a\u00e7\u0131klamada, Asya bebe\u011fin T\u00fcrkiye&#8217;ye g\u00f6t\u00fcr\u00fclmesine arac\u0131 olan TC kurumlar\u0131n\u0131n da \u00e7ocu\u011fun tedavisi i\u00e7in gerekeni yapmad\u0131klar\u0131n\u0131 belirttik. \u0130la\u00e7 end\u00fcstrisi tekellerinin ilaca de\u011fil insan hayat\u0131na fiyat bi\u00e7ti\u011fini s\u00f6yledi\u011fimiz a\u00e7\u0131klamada, ba\u015fka \u00fclkelerde de fahi\u015f fiyatlara itiraz edildi\u011fini, ayr\u0131ca sosyal sigortan\u0131n kar\u015f\u0131lamas\u0131 i\u00e7in m\u00fccadele verildi\u011fini anlatt\u0131k. Duyarl\u0131 halk\u0131m\u0131zn katk\u0131 koydu\u011fu kampanyalar y\u00fcr\u00fct\u00fcld\u00fc\u011f\u00fcn\u00fc ancak kimsenin hayat\u0131n\u0131n ve sa\u011fl\u0131\u011f\u0131n\u0131n toplumun vicdan\u0131na veya zenginlerin yard\u0131mseverli\u011fine b\u0131rak\u0131lamayaca\u011f\u0131n\u0131n da alt\u0131n\u0131 \u00e7izdik.<\/p>\n<p><strong>Asya bebek b\u00fcy\u00fck bir sa\u011fl\u0131k krizinin bedelini \u00f6demektedir<\/strong><\/p>\n<p>Asya Polatl\u0131 isimli SMA Tip-1 hastal\u0131\u011f\u0131yla bo\u011fu\u015fan 10 ayl\u0131k Asya Bebek sa\u011fl\u0131k sisteminin i\u00e7ine d\u00fc\u015f\u00fcr\u00fcld\u00fc\u011f\u00fc krizin ma\u011fdurlar\u0131ndan biridir. Asya Bebek ikinci kez Ankara\u2019ya kas erimesini durdurmak i\u00e7in gerekli olan ilac\u0131 almaya gitmi\u015ftir. \u0130lk olarak Ankara\u2019ya gitti\u011finde TC vatanda\u015fl\u0131\u011f\u0131 olmad\u0131\u011f\u0131 i\u00e7in hastane Asya Bebe\u011fin tedavisini YAPMAMI\u015eTIR. Bu hastal\u0131k i\u00e7in \u00e7ok \u00f6nemli olan bu ilac\u0131 o tarihlerde alamamas\u0131 Asya Bebe\u011fin sa\u011fl\u0131\u011f\u0131 i\u00e7in \u00e7ok b\u00fcy\u00fck bir ma\u011fduriyet yaratm\u0131\u015ft\u0131r.<\/p>\n<p>Aylar sonra TC El\u00e7ili\u011fi arac\u0131l\u0131\u011f\u0131yla Ankara\u2019ya g\u00f6nderilen Asya Bebek zamana kar\u015f\u0131 yar\u0131\u015f\u0131rken 4 haftad\u0131r ilac\u0131n\u0131n re\u00e7etesi yaz\u0131lmas\u0131na ra\u011fmen tedavisi YAPILMAMI\u015eTIR. Asya Bebek, TC vatanda\u015f\u0131 olmad\u0131\u011f\u0131ndan dolay\u0131 Sosyal G\u00fcvenlik Kurumuna kayd\u0131 yap\u0131lamamaktad\u0131r. Bu nedenle bu ilac\u0131 ALAMAMAKTADIR. Asya Bebe\u011fin vatanda\u015fl\u0131k i\u015flemleri gitmeden verilen t\u00fcm s\u00f6zlere ra\u011fmen yine T\u00fcrkiye\u2019de b\u00fcrokrasiye tak\u0131lm\u0131\u015f, Asya Bebe\u011fin vatanda\u015fl\u0131k i\u015flemleri HIZLANDIRILMAMI\u015eTIR.<\/p>\n<p>KKTC Sa\u011fl\u0131k Bakanl\u0131\u011f\u0131 ve h\u00fck\u00fcmeti konuyla ilgili duyars\u0131z kalmakla birlikte Sa\u011fl\u0131k Bakan\u0131 \u00dcnal \u00dcstel ve Sa\u011fl\u0131k Bakanl\u0131\u011f\u0131ndan baz\u0131 ki\u015filer kamuya yalan beyanatlar vermektedir. Asya Bebe\u011fin tedavisi BA\u015eLAMAMI\u015eTIR.<\/p>\n<p>Asya Bebe\u011fin ya\u015famas\u0131 i\u00e7in gerekli olan \u2018Zolgensma\u2019 ilac\u0131na, ila\u00e7 end\u00fcstrisi tekellerinin bi\u00e7ti\u011fi fiyat 2.4 milyon dolard\u0131r. Ba\u015fka \u00fclkelerde, insan hayat\u0131na bi\u00e7ilen bu fiyata itiraz edilmekte ve sosyal sigortan\u0131n kar\u015f\u0131lamas\u0131 i\u00e7in m\u00fccadele verilmektedir. Sa\u011fl\u0131k Bakanl\u0131\u011f\u0131, halk\u0131n sa\u011fl\u0131k hakk\u0131ndan sorumlu olmas\u0131na ra\u011fmen \u00e7\u00f6z\u00fcm \u00fcretmek i\u00e7in hi\u00e7bir ad\u0131m ATMAMI\u015eTIR.<\/p>\n<p>Asya Bebek 2.4 milyon dolar de\u011ferindeki ilac\u0131 almazsa \u00f6lecektir. Kimsenin hayat\u0131 ve sa\u011fl\u0131\u011f\u0131 toplumun vicdan\u0131na veya zenginlerin yard\u0131mseverli\u011fine b\u0131rak\u0131lamaz. Buna ra\u011fmen duyarl\u0131 halk\u0131m\u0131z\u0131n katk\u0131 koydu\u011fu kampanyalar yap\u0131lm\u0131\u015f ancak art\u0131k durma noktas\u0131na gelmi\u015ftir. KKTC Ba\u015fbakan\u0131 Ersan Saner devlet b\u00fct\u00e7esinden sadece 10 bin TL Asya Bebe\u011fe ba\u011f\u0131\u015fta bulunmu\u015ftur. \u015eu ana kadar paran\u0131n sadece % 15.1\u2019i toplanm\u0131\u015ft\u0131r. Devletin bu paray\u0131 hemen kar\u015f\u0131lamas\u0131 elzemdir.<\/p>\n<p>Sa\u011fl\u0131k b\u00fct\u00fcn insanlar\u0131n en temel hakk\u0131d\u0131r. Bilimsel, kamusal, \u00fccretsiz sa\u011fl\u0131k hizmetinden mahrum b\u0131rak\u0131lan insanlar s\u0131rf paras\u0131 olmad\u0131\u011f\u0131 i\u00e7in tedavi olam\u0131yorlarsa ve \u00f6l\u00fcyorlarsa bu cinayetten ba\u015fta sa\u011fl\u0131k bakanl\u0131\u011f\u0131 ve o \u00fclkeyi y\u00f6netenler sorumludur.<\/p>\n<p>Asya Bebek Sa\u011fl\u0131k Bakan\u0131 \u00dcnal \u00dcstel\u2019in, Ba\u015fbakan Ersan Saner\u2019in, Cumhurba\u015fkan\u0131 Ersin Tatar\u2019\u0131n \u00e7ocu\u011fu olsayd\u0131 bu para 5 dakikada bulunacakt\u0131. Asya Bebek halk\u0131n \u00e7ocu\u011fu oldu\u011fu i\u00e7in \u00f6l\u00fcme terkedilmi\u015ftir. Bu \u00fclkede bu para varken, bu \u00fclkede milyonlarca lira zengin kesimlere pe\u015fke\u015f \u00e7ekilirken, h\u00fck\u00fcmet edenler kamu kaynaklar\u0131n\u0131 kendi \u00e7\u0131karlar\u0131 i\u00e7in harcarken g\u00f6z g\u00f6re g\u00f6re bir bebe\u011fin \u00f6l\u00fcme terkedilmesine seyirci kalmayaca\u011f\u0131z. Asya Bebe\u011fin sa\u011fl\u0131k hakk\u0131n\u0131 s\u00f6ke s\u00f6ke alaca\u011f\u0131z!<\/p>\n","protected":false},"excerpt":{"rendered":"<p>Baraka olarak bile\u015feni oldu\u011fumuz &#8220;Asya Bebek \u0130\u00e7in Sa\u011fl\u0131k Hakk\u0131 Platformu&#8221;nda biraraya gelen ve kamusal sa\u011fl\u0131k hakk\u0131n\u0131 savunan g\u00f6n\u00fcll\u00fcler ve \u00f6rg\u00fctler olarak, yetkililerce yap\u0131lan yalan beyanatlar\u0131n<\/p>\n","protected":false},"author":3,"featured_media":8388,"comment_status":"open","ping_status":"open","sticky":false,"template":"","format":"standard","meta":{"jetpack_post_was_ever_published":false,"_jetpack_newsletter_access":"","_jetpack_newsletter_tier_id":0,"jetpack_publicize_message":"","jetpack_is_tweetstorm":false,"jetpack_publicize_feature_enabled":true,"jetpack_social_post_already_shared":true,"jetpack_social_options":{"image_generator_settings":{"template":"highway","enabled":false}}},"categories":[41,38,9,1],"tags":[],"jetpack_publicize_connections":[],"jetpack_featured_media_url":"https:\/\/baraka.cc\/wp-content\/uploads\/2021\/09\/241844796_114663067612825_5668107243871349833_n.jpg","jetpack_shortlink":"https:\/\/wp.me\/p4eHWX-2bh","jetpack_sharing_enabled":true,"_links":{"self":[{"href":"https:\/\/baraka.cc\/index.php?rest_route=\/wp\/v2\/posts\/8387"}],"collection":[{"href":"https:\/\/baraka.cc\/index.php?rest_route=\/wp\/v2\/posts"}],"about":[{"href":"https:\/\/baraka.cc\/index.php?rest_route=\/wp\/v2\/types\/post"}],"author":[{"embeddable":true,"href":"https:\/\/baraka.cc\/index.php?rest_route=\/wp\/v2\/users\/3"}],"replies":[{"embeddable":true,"href":"https:\/\/baraka.cc\/index.php?rest_route=%2Fwp%2Fv2%2Fcomments&post=8387"}],"version-history":[{"count":1,"href":"https:\/\/baraka.cc\/index.php?rest_route=\/wp\/v2\/posts\/8387\/revisions"}],"predecessor-version":[{"id":8389,"href":"https:\/\/baraka.cc\/index.php?rest_route=\/wp\/v2\/posts\/8387\/revisions\/8389"}],"wp:featuredmedia":[{"embeddable":true,"href":"https:\/\/baraka.cc\/index.php?rest_route=\/wp\/v2\/media\/8388"}],"wp:attachment":[{"href":"https:\/\/baraka.cc\/index.php?rest_route=%2Fwp%2Fv2%2Fmedia&parent=8387"}],"wp:term":[{"taxonomy":"category","embeddable":true,"href":"https:\/\/baraka.cc\/index.php?rest_route=%2Fwp%2Fv2%2Fcategories&post=8387"},{"taxonomy":"post_tag","embeddable":true,"href":"https:\/\/baraka.cc\/index.php?rest_route=%2Fwp%2Fv2%2Ftags&post=8387"}],"curies":[{"name":"wp","href":"https:\/\/api.w.org\/{rel}","templated":true}]}}