{"id":8424,"date":"2021-10-04T08:55:48","date_gmt":"2021-10-04T06:55:48","guid":{"rendered":"https:\/\/baraka.cc\/?p=8424"},"modified":"2021-10-04T08:55:48","modified_gmt":"2021-10-04T06:55:48","slug":"argasdinin-63-sayisi-cikti","status":"publish","type":"post","link":"https:\/\/baraka.cc\/?p=8424","title":{"rendered":"Argasdi&#8217;nin 63. Say\u0131s\u0131 \u00c7\u0131kt\u0131!"},"content":{"rendered":"<p>Baraka K\u00fclt\u00fcr Merkezi\u2019nin 18 y\u0131ld\u0131r kesintisiz olarak \u00e7\u0131kan k\u00fclt\u00fcr-sanat-politika dergisi\u00a0Argasdi,\u00a063.\u00a0say\u0131s\u0131 ile raflardaki yerini ald\u0131.<\/p>\n<p>Her say\u0131 oldu\u011fu gibi \u00fclke g\u00fcndeminin de\u011ferlendirildi\u011fi makaleler,\u00a0\u2018Memleketin Ahvali\u2019,\u00a0\u2018Feminist\u0130Z\u2019,\u00a0\u2018K\u0131br\u0131s k\u00fclt\u00fcr\u00fc\u2019, kitap, film ve m\u00fczik \u00fczerine de\u011ferlendirme yaz\u0131lar\u0131, \u015fiir ve karikat\u00fcr\u00a0sayfalar\u0131n\u0131n yer ald\u0131\u011f\u0131 derginin\u00a0bu say\u0131s\u0131ndadosya olarak\u00a0ilham\u0131m\u0131z\u0131\u00a0Bertolt\u00a0Brec<wbr \/>ht\u2019ten\u00a0al\u0131yor ve\u00a0\u201c\u0130nsan Neyle Ya\u015far\u201d diyoruz.<\/p>\n<p>24 sayfal\u0131k\u00a0Argasdi, 10TL okur katk\u0131s\u0131 ile Baraka K\u00fclt\u00fcr Merkezi\u2019nden, b\u00f6lgenizdeki\u00a0Khora\u00a0Kitap\u2019tan, marketlerden ve\u00a0kitabevlerinden\u00a0al\u0131nabilir.<\/p>\n<p>Derginin, \u201cHammaliye\u00a0Kurulu\u201d olarak tan\u0131mlad\u0131\u011f\u0131 Yay\u0131n Kurulu\u2019nun okura sesleni\u015fi ise \u015f\u00f6yle:<\/p>\n<p>&nbsp;<\/p>\n<p>\u201c\u0130nsan Neyle Ya\u015far\u201d konulu bu say\u0131m\u0131zda siz okurlar\u0131m\u0131z ile birlikte bizler de\u00a0ya\u015fama dair \u015feyleri irdelemeyi ve bulmay\u0131ama\u00e7lad\u0131k. \u0130nsan nas\u0131l ya\u015far? Ya\u015fam insan\u0131n kendini merkeze ald\u0131\u011f\u0131 bir s\u00fcre\u00e7 midir\u00a0yoksa do\u011fa ile birlikte i\u00e7inde var oldu\u011fubir s\u00fcre\u00e7\u00a0mi? Neyle ya\u015far insan? Nefes almak yeterli midir ya\u015famak i\u00e7in, yoksa bazen sadece nefes alabiliyor olabilmek bizi\u00a0ya\u015fayan bir \u00f6l\u00fcden farkl\u0131 m\u0131 k\u0131lar?\u00a0Nas\u0131l ya\u015far \u00e7ocuklar\u00a0ve yeti\u015fkinler? Nas\u0131l<\/p>\n<p>etkileriz\u00a0\u00e7ocuklar\u0131m\u0131z\u0131n ya\u015fam\u0131n\u0131\u00a0ve neye\u00a0evriltiriz\u00a0onlar\u0131 k\u00f6r\u00fckleyen o u\u00e7suz\u00a0bucaks\u0131z merak<\/p>\n<p>lar\u0131n\u0131? Kayg\u0131lar\u0131m\u0131z, hem bizi\u00a0hem \u00e7ocuklar\u0131m\u0131z\u0131 bo\u011farken nas\u0131l alabiliriz hayat\u0131m\u0131z\u0131n\u00a0d\u00fcmenini elimize?<\/p>\n<p>&nbsp;<\/p>\n<p>\u0130\u015fte bu\u00a0ve bunun gibi onlarca soru sorduk birbirimize bu say\u0131y\u0131 haz\u0131rlarken. Bir\u00a0insan\u0131n ne ile ya\u015fad\u0131\u011f\u0131, ya\u015famas\u0131 i\u00e7in neyeihtiya\u00e7 duydu\u011funu tart\u0131\u015ft\u0131k saatlerce.\u00a0Do\u011fa ile\u00a0insan ili\u015fkisinin hayati \u00f6neminden, kad\u0131nlar\u0131n ya\u015fam i\u00e7indeki yerinden\u00a0\u00e7ocuklar\u0131n hayata bak\u0131\u015f a\u00e7\u0131s\u0131ndan ve daha\u00a0bir\u00e7ok\u00a0\u015feyden bahsettik ve sonunda elinizde tutup sat\u0131rlar\u0131n\u0131 okudu\u011funuz dergimizi haz\u0131rlad\u0131k.<\/p>\n<p>&nbsp;<\/p>\n<p>B\u00fcy\u00fck usta Naz\u0131m Hikmet\u2019in de dedi\u011fi\u00a0gibi ya\u015fad\u0131m diyebilmek i\u00e7in yar\u0131nlar\u0131n<\/p>\n<p>gailesini\u00a0bug\u00fcnden \u00e7ekmeliyiz. Ya\u015fad\u0131m\u00a0diyebilmek i\u00e7in yar\u0131nlar, belki de bizim<\/p>\n<p>g\u00f6remeyece\u011fimiz\u00a0yar\u0131nlar i\u00e7in \u00e7abalamal\u0131y\u0131z. Bunu yaparken de\u00a0Argasdi\u00a0gibi yay\u0131-<\/p>\n<p>larak\u00a0ve \u00e7o\u011falarak b\u00fcy\u00fcmeliyiz. Ya\u015fad\u0131m,\u00a0ya\u015fad\u0131k diyebilmek i\u00e7in&#8230;<\/p>\n<p>&nbsp;<\/p>\n","protected":false},"excerpt":{"rendered":"<p>Baraka K\u00fclt\u00fcr Merkezi\u2019nin 18 y\u0131ld\u0131r kesintisiz olarak \u00e7\u0131kan k\u00fclt\u00fcr-sanat-politika dergisi\u00a0Argasdi,\u00a063.\u00a0say\u0131s\u0131 ile raflardaki yerini ald\u0131. Her say\u0131 oldu\u011fu gibi \u00fclke g\u00fcndeminin de\u011ferlendirildi\u011fi makaleler,\u00a0\u2018Memleketin Ahvali\u2019,\u00a0\u2018Feminist\u0130Z\u2019,\u00a0\u2018K\u0131br\u0131s k\u00fclt\u00fcr\u00fc\u2019, kitap,<\/p>\n","protected":false},"author":9,"featured_media":8425,"comment_status":"open","ping_status":"open","sticky":false,"template":"","format":"standard","meta":{"jetpack_post_was_ever_published":false,"_jetpack_newsletter_access":"","_jetpack_newsletter_tier_id":0,"jetpack_publicize_message":"","jetpack_is_tweetstorm":false,"jetpack_publicize_feature_enabled":true,"jetpack_social_post_already_shared":true,"jetpack_social_options":{"image_generator_settings":{"template":"highway","enabled":false}}},"categories":[67,9,1],"tags":[],"jetpack_publicize_connections":[],"jetpack_featured_media_url":"https:\/\/baraka.cc\/wp-content\/uploads\/2021\/10\/01E91DFA-FF42-45B4-BEC1-8C4ED5F05470.jpeg","jetpack_shortlink":"https:\/\/wp.me\/p4eHWX-2bS","jetpack_sharing_enabled":true,"_links":{"self":[{"href":"https:\/\/baraka.cc\/index.php?rest_route=\/wp\/v2\/posts\/8424"}],"collection":[{"href":"https:\/\/baraka.cc\/index.php?rest_route=\/wp\/v2\/posts"}],"about":[{"href":"https:\/\/baraka.cc\/index.php?rest_route=\/wp\/v2\/types\/post"}],"author":[{"embeddable":true,"href":"https:\/\/baraka.cc\/index.php?rest_route=\/wp\/v2\/users\/9"}],"replies":[{"embeddable":true,"href":"https:\/\/baraka.cc\/index.php?rest_route=%2Fwp%2Fv2%2Fcomments&post=8424"}],"version-history":[{"count":1,"href":"https:\/\/baraka.cc\/index.php?rest_route=\/wp\/v2\/posts\/8424\/revisions"}],"predecessor-version":[{"id":8426,"href":"https:\/\/baraka.cc\/index.php?rest_route=\/wp\/v2\/posts\/8424\/revisions\/8426"}],"wp:featuredmedia":[{"embeddable":true,"href":"https:\/\/baraka.cc\/index.php?rest_route=\/wp\/v2\/media\/8425"}],"wp:attachment":[{"href":"https:\/\/baraka.cc\/index.php?rest_route=%2Fwp%2Fv2%2Fmedia&parent=8424"}],"wp:term":[{"taxonomy":"category","embeddable":true,"href":"https:\/\/baraka.cc\/index.php?rest_route=%2Fwp%2Fv2%2Fcategories&post=8424"},{"taxonomy":"post_tag","embeddable":true,"href":"https:\/\/baraka.cc\/index.php?rest_route=%2Fwp%2Fv2%2Ftags&post=8424"}],"curies":[{"name":"wp","href":"https:\/\/api.w.org\/{rel}","templated":true}]}}