{"id":8433,"date":"2021-10-14T13:08:58","date_gmt":"2021-10-14T11:08:58","guid":{"rendered":"https:\/\/baraka.cc\/?p=8433"},"modified":"2021-10-14T13:08:58","modified_gmt":"2021-10-14T11:08:58","slug":"baraka-aktivistleri-gundemi-yaziyor","status":"publish","type":"post","link":"https:\/\/baraka.cc\/?p=8433","title":{"rendered":"Baraka Aktivistleri G\u00fcndemi Yaz\u0131yor\u2026"},"content":{"rendered":"<div dir=\"auto\"><a href=\"https:\/\/baraka.cc\/wp-content\/uploads\/2021\/10\/Ads\u0131z.png\"><img decoding=\"async\" loading=\"lazy\" class=\"size-medium wp-image-8434 alignright\" alt=\"Ads\u0131z\" src=\"https:\/\/baraka.cc\/wp-content\/uploads\/2021\/10\/Ads\u0131z-300x251.png\" width=\"300\" height=\"251\" srcset=\"https:\/\/baraka.cc\/wp-content\/uploads\/2021\/10\/Ads\u0131z-300x251.png 300w, https:\/\/baraka.cc\/wp-content\/uploads\/2021\/10\/Ads\u0131z-1024x858.png 1024w, https:\/\/baraka.cc\/wp-content\/uploads\/2021\/10\/Ads\u0131z.png 1500w\" sizes=\"(max-width: 300px) 100vw, 300px\" \/><\/a>Baraka K\u00fclt\u00fcr Merkezi aktivistleri, her hafta \u00fclke g\u00fcndemini, toplumsal olaylar\u0131, K\u0131br\u0131s\u2019la ilgili geli\u015fmeleri kaleme al\u0131p, \u00e7e\u015fitli makalelerle de\u011ferlendiriyor. Derne\u011fin, internet sitesi olan <a tabindex=\"0\" role=\"link\" href=\"https:\/\/www.baraka.cc\/?fbclid=IwAR1U1_-5mQMFGYSLC2AqPV5GspN_iJbUe24DDlY3JfwvRpkWQ-PoMX6Albs\" target=\"_blank\" rel=\"nofollow noopener\">www.baraka.cc<\/a> adresinde cuma g\u00fcnleri yay\u0131nlanacak olan yaz\u0131lar\u0131 takip edebilirsiniz. Bu cuma aktivistimiz Zekiye \u015eent\u00fcrkler\u2019in kaleme ald\u0131\u011f\u0131 \u201cKiminin derdi ge\u00e7im, kiminin se\u00e7im!\u201d isimli makale sizlerle bulu\u015facak.<\/div>\n<div dir=\"auto\">Devrimci m\u00fccadele i\u00e7inde hayat\u0131 deneyimleyerek ve toplumun i\u00e7inde bulundu\u011fu somut ko\u015fullar\u0131 iyice tahlil ederek ilerlemenin, teoriyle prati\u011fi bu deneyim i\u00e7inde bulu\u015fturman\u0131n \u00f6nemine inan\u0131yoruz. Bizler; trafi\u011fin gittik\u00e7e i\u00e7inden \u00e7\u0131k\u0131lmaz bir hal ald\u0131\u011f\u0131, cinayet gibi kazalar\u0131n birbirine uland\u0131\u011f\u0131 bu \u00fclkede toplu ta\u015f\u0131man\u0131n yayg\u0131nla\u015fmas\u0131 gerekti\u011fine inan\u0131yor, \u00fccretsiz bir \u015fekilde e\u011fitim ve sa\u011fl\u0131k hakk\u0131 istiyoruz. Halk\u0131n ge\u00e7im derdinin g\u00fcnden g\u00fcne artan zamlarla zorla\u015ft\u0131\u011f\u0131, \u00fcretimden kopar\u0131l\u0131p ba\u011f\u0131ml\u0131 hale getirildi\u011fi bir \u00fclkede ya\u015famak istemiyoruz. Da\u011flar\u0131n delinmesini, kamu arazilerinin \u00f6zel sermayeye devredilmesini, denizlerin kirletilmesini protesto ederken, kad\u0131n haklar\u0131n\u0131n \u00f6nemine vurgu yap\u0131yor hala bir s\u0131\u011f\u0131nma evi yap\u0131lmamas\u0131na seyirci kalmak istemiyoruz. Teori pratikle anlaml\u0131 k\u0131l\u0131nabilir diyor, bunu hem kalemimizle hem de eylemlerimizle besliyoruz.<\/div>\n<div dir=\"auto\">Kavgam\u0131z; ekolojiden, emek\u00e7iden, kad\u0131n haklar\u0131ndan, hayvan haklar\u0131ndan, buray\u0131 vatan bilmi\u015f T\u00fcrkiyeli- K\u0131br\u0131sl\u0131 ayr\u0131m\u0131 yapmadan \u00f6rg\u00fctl\u00fc bir m\u00fccadeleden yana\u2026 Sevdam\u0131z; e\u015fitlikten, \u00f6zg\u00fcrl\u00fckten, dayan\u0131\u015fmadan ve bar\u0131\u015ftan yana\u2026<\/div>\n","protected":false},"excerpt":{"rendered":"<p>Baraka K\u00fclt\u00fcr Merkezi aktivistleri, her hafta \u00fclke g\u00fcndemini, toplumsal olaylar\u0131, K\u0131br\u0131s\u2019la ilgili geli\u015fmeleri kaleme al\u0131p, \u00e7e\u015fitli makalelerle de\u011ferlendiriyor. Derne\u011fin, internet sitesi olan www.baraka.cc adresinde cuma<\/p>\n","protected":false},"author":7,"featured_media":8434,"comment_status":"open","ping_status":"open","sticky":false,"template":"","format":"standard","meta":{"jetpack_post_was_ever_published":false,"_jetpack_newsletter_access":"","_jetpack_newsletter_tier_id":0,"jetpack_publicize_message":"","jetpack_is_tweetstorm":false,"jetpack_publicize_feature_enabled":true,"jetpack_social_post_already_shared":true,"jetpack_social_options":{"image_generator_settings":{"template":"highway","enabled":false}}},"categories":[44,9,1,39],"tags":[],"jetpack_publicize_connections":[],"jetpack_featured_media_url":"https:\/\/baraka.cc\/wp-content\/uploads\/2021\/10\/Ads\u0131z.png","jetpack_shortlink":"https:\/\/wp.me\/p4eHWX-2c1","jetpack_sharing_enabled":true,"_links":{"self":[{"href":"https:\/\/baraka.cc\/index.php?rest_route=\/wp\/v2\/posts\/8433"}],"collection":[{"href":"https:\/\/baraka.cc\/index.php?rest_route=\/wp\/v2\/posts"}],"about":[{"href":"https:\/\/baraka.cc\/index.php?rest_route=\/wp\/v2\/types\/post"}],"author":[{"embeddable":true,"href":"https:\/\/baraka.cc\/index.php?rest_route=\/wp\/v2\/users\/7"}],"replies":[{"embeddable":true,"href":"https:\/\/baraka.cc\/index.php?rest_route=%2Fwp%2Fv2%2Fcomments&post=8433"}],"version-history":[{"count":1,"href":"https:\/\/baraka.cc\/index.php?rest_route=\/wp\/v2\/posts\/8433\/revisions"}],"predecessor-version":[{"id":8435,"href":"https:\/\/baraka.cc\/index.php?rest_route=\/wp\/v2\/posts\/8433\/revisions\/8435"}],"wp:featuredmedia":[{"embeddable":true,"href":"https:\/\/baraka.cc\/index.php?rest_route=\/wp\/v2\/media\/8434"}],"wp:attachment":[{"href":"https:\/\/baraka.cc\/index.php?rest_route=%2Fwp%2Fv2%2Fmedia&parent=8433"}],"wp:term":[{"taxonomy":"category","embeddable":true,"href":"https:\/\/baraka.cc\/index.php?rest_route=%2Fwp%2Fv2%2Fcategories&post=8433"},{"taxonomy":"post_tag","embeddable":true,"href":"https:\/\/baraka.cc\/index.php?rest_route=%2Fwp%2Fv2%2Ftags&post=8433"}],"curies":[{"name":"wp","href":"https:\/\/api.w.org\/{rel}","templated":true}]}}