{"id":8437,"date":"2021-10-15T07:09:12","date_gmt":"2021-10-15T05:09:12","guid":{"rendered":"https:\/\/baraka.cc\/?p=8437"},"modified":"2021-10-15T07:09:12","modified_gmt":"2021-10-15T05:09:12","slug":"kiminin-derdi-gecim-kiminin-secim-zekiye-senturkler","status":"publish","type":"post","link":"https:\/\/baraka.cc\/?p=8437","title":{"rendered":"Kiminin derdi ge\u00e7im, kiminin se\u00e7im! &#8211; Zekiye \u015eent\u00fcrkler"},"content":{"rendered":"<p>Toplanmak i\u00e7in helak olan! asgari \u00fccreti belirleme komisyonu hepimizin bildi\u011fi \u00fczere en nihayetinde bir karara varm\u0131\u015f ve asgari \u00fccreti art\u0131rm\u0131\u015ft\u0131r. \u201cAferin art\u0131rd\u0131\u201d \u015feklindeki ironik hay\u0131flanmay\u0131 buraya b\u0131rak\u0131p hemen devam edeyim. Eskilerden gelen bir laf vard\u0131r \u201cs\u0131f\u0131ra s\u0131f\u0131r elde var s\u0131f\u0131r\u201d diye, i\u015fte bu yap\u0131lan art\u0131\u015fla o lafa \u015f\u00fckreder olduk. Emek\u00e7inin elinde art\u0131k eksi var. Yine asgari \u00fccret a\u00e7l\u0131k s\u0131n\u0131r\u0131 dersinden s\u0131n\u0131fta kald\u0131.<\/p>\n<p>D\u00f6viz kar\u015f\u0131s\u0131nda eriyen t\u00fcrk liras\u0131 ile hem ge\u00e7imini sa\u011flamak hem de sterlin ev kiras\u0131 \u00f6demek \u00fclkemizde yap\u0131lan en \u00e7etrefilli \u015feyler listesindeki yerini yani zirveyi bu art\u0131\u015fla da kimselere b\u0131rakamad\u0131. Ba\u015fl\u0131 ba\u015f\u0131na bu durum elde avu\u00e7ta b\u0131rakm\u0131yorken; t\u00fcp gaz, elektrik, kahve, g\u0131da pe\u015fi s\u0131ra zamlar birbirini kovalad\u0131. Et yemek zaten g\u00fcnden g\u00fcne zorla\u015f\u0131yordu da, bir fincan kahvenin k\u0131rk y\u0131l hatr\u0131 vard\u0131 hani. B\u00fct\u00fcn hafta tabir-i caizse can\u0131 s\u00f6k\u00fclene kadar \u00e7al\u0131\u015fan insanlar\u0131n hafta sonu hem fiziksel hem psikolojik olarak yeniden \u00fcretime haz\u0131rlanma ihtiyac\u0131n\u0131 kar\u015f\u0131lamak i\u00e7in en do\u011fal hakk\u0131 olan sosyalle\u015fmek uzun bir s\u00fcredir l\u00fcks. Hade bir mekana oturamad\u0131k bari arabada bir turlayal\u0131m bile yok, \u00e7\u00fcnk\u00fc benzine de zam. Ekme\u011fe s\u00fcte zam, benzine t\u00fcpe zam, ay sonu gelmez oldu\u2026<\/p>\n<p>Anlatt\u0131\u011f\u0131m t\u00fcm bu ge\u00e7im dertleri kar\u015f\u0131s\u0131nda bir de se\u00e7im derdi olanlara bakal\u0131m. H\u00fck\u00fcmet edenlerimizin kurultay, muhalefet edenlerimizin yerel\/genel se\u00e7im dertleri b\u00fcy\u00fck efendim. D\u00f6viz cinsi kiralar\u0131 t\u00fcrk liras\u0131na sabitlemek i\u00e7in \u00e7al\u0131\u015f\u0131p oy kaybedece\u011fine, vatanda\u015fl\u0131k da\u011f\u0131t\u0131p oy toplamak gibi zorlu bir s\u00fcre\u00e7 i\u00e7erisindeler \u015fu s\u0131ralar. Tabii ki tek dertleri bu de\u011fil! Sermayeye hibe, te\u015fvik, yeni parselleyecekleri yerler, deniz a\u015f\u0131r\u0131ya yaranmak i\u00e7in emirlerini yerine getirme \u00e7abas\u0131\u2026 zor \u00e7ok zor! Ve \u00f6nemli; emek\u00e7inin bir sokum yemek yemek i\u00e7in, ba\u015f\u0131n\u0131 sokacak yerin kiras\u0131n\u0131 \u00f6deyebilmek i\u00e7in, \u00e7oluk \u00e7ocu\u011funun ihtiya\u00e7lar\u0131n\u0131 kar\u015f\u0131lamak i\u00e7in, sofras\u0131na bir sokum ekmek koyup, bir yudum kahve i\u00e7ebilmek i\u00e7in uyumadan \u00e7al\u0131\u015fmak zorunda b\u0131rak\u0131lmas\u0131ndan \u00e7ok daha \u00f6nemli! Bir de muhalefette olanlar var ki, ne siz sorun ne de ben s\u00f6yleyeyim. Hepsinin bir koltuk g\u00f6rm\u00fc\u015fl\u00fc\u011f\u00fc oldu\u011funa g\u00f6re, e \u015fimdi sayd\u0131rd\u0131klar\u0131 \u015feyler o zamanlar da oldu\u011funa g\u00f6re\u2026 bu \u015feyler nas\u0131l halen var demekten al\u0131koyam\u0131yor insan kendini vesselam.<\/p>\n<p>Yaln\u0131z yaz\u0131m\u0131 sonland\u0131rmadan kimsenin hakk\u0131n\u0131 yemeyeyim; muhalefet hi\u00e7 bir zaman \u201cu\u00e7an araba, ay\u015feaba, fatma teyze\u201d seviyelerinde sa\u00e7malamam\u0131\u015f, y\u00fcksek makamlardayken sosyal medyadan insanlara \u201csen \u015fa\u015f\u0131rd\u0131n\u201d \u015feklinde yorumlar yazmam\u0131\u015ft\u0131r.<\/p>\n<p>T\u00fcm bu yazd\u0131klar\u0131mdan se\u00e7im kar\u015f\u0131t\u0131 oldu\u011fum gibi bir sonuca var\u0131lmamas\u0131 i\u00e7in derdimi anlatacak olursam; se\u00e7imlerin birilerinin \u00e7\u0131karlar\u0131 i\u00e7in kullanmas\u0131na de\u011fil, halk\u0131n iradesiyle, halk\u0131n menfaatine yap\u0131lmas\u0131 elzemdir. E\u011fer demokratik hak ve \u00f6zg\u00fcrl\u00fckler yoksa ya da engelleniyorsa, hak ve \u00f6zg\u00fcrl\u00fckler i\u00e7in m\u00fccadele \u015fartt\u0131r!<\/p>\n<p>Gel gelelim i\u015f yine ba\u015fa d\u00fc\u015ft\u00fc. Hal b\u00f6yleyken emek\u00e7inin g\u00fc\u00e7lenip direnmekten, birle\u015fip m\u00fccadele etmekten ba\u015fka \u00e7\u0131kar yolu yok. \u00d6rg\u00fctlenin!<\/p>\n<p>Zekiye \u015eent\u00fcrkler<\/p>\n","protected":false},"excerpt":{"rendered":"<p>Toplanmak i\u00e7in helak olan! asgari \u00fccreti belirleme komisyonu hepimizin bildi\u011fi \u00fczere en nihayetinde bir karara varm\u0131\u015f ve asgari \u00fccreti art\u0131rm\u0131\u015ft\u0131r. \u201cAferin art\u0131rd\u0131\u201d \u015feklindeki ironik hay\u0131flanmay\u0131<\/p>\n","protected":false},"author":9,"featured_media":8438,"comment_status":"open","ping_status":"open","sticky":false,"template":"","format":"standard","meta":{"jetpack_post_was_ever_published":false,"_jetpack_newsletter_access":"","_jetpack_newsletter_tier_id":0,"jetpack_publicize_message":"","jetpack_is_tweetstorm":false,"jetpack_publicize_feature_enabled":true,"jetpack_social_post_already_shared":true,"jetpack_social_options":{"image_generator_settings":{"template":"highway","enabled":false}}},"categories":[38,9,42,1],"tags":[],"jetpack_publicize_connections":[],"jetpack_featured_media_url":"https:\/\/baraka.cc\/wp-content\/uploads\/2021\/10\/AD236E55-E0E6-4A3C-957F-474CBF4C380F.jpeg","jetpack_shortlink":"https:\/\/wp.me\/p4eHWX-2c5","jetpack_sharing_enabled":true,"_links":{"self":[{"href":"https:\/\/baraka.cc\/index.php?rest_route=\/wp\/v2\/posts\/8437"}],"collection":[{"href":"https:\/\/baraka.cc\/index.php?rest_route=\/wp\/v2\/posts"}],"about":[{"href":"https:\/\/baraka.cc\/index.php?rest_route=\/wp\/v2\/types\/post"}],"author":[{"embeddable":true,"href":"https:\/\/baraka.cc\/index.php?rest_route=\/wp\/v2\/users\/9"}],"replies":[{"embeddable":true,"href":"https:\/\/baraka.cc\/index.php?rest_route=%2Fwp%2Fv2%2Fcomments&post=8437"}],"version-history":[{"count":1,"href":"https:\/\/baraka.cc\/index.php?rest_route=\/wp\/v2\/posts\/8437\/revisions"}],"predecessor-version":[{"id":8439,"href":"https:\/\/baraka.cc\/index.php?rest_route=\/wp\/v2\/posts\/8437\/revisions\/8439"}],"wp:featuredmedia":[{"embeddable":true,"href":"https:\/\/baraka.cc\/index.php?rest_route=\/wp\/v2\/media\/8438"}],"wp:attachment":[{"href":"https:\/\/baraka.cc\/index.php?rest_route=%2Fwp%2Fv2%2Fmedia&parent=8437"}],"wp:term":[{"taxonomy":"category","embeddable":true,"href":"https:\/\/baraka.cc\/index.php?rest_route=%2Fwp%2Fv2%2Fcategories&post=8437"},{"taxonomy":"post_tag","embeddable":true,"href":"https:\/\/baraka.cc\/index.php?rest_route=%2Fwp%2Fv2%2Ftags&post=8437"}],"curies":[{"name":"wp","href":"https:\/\/api.w.org\/{rel}","templated":true}]}}