{"id":8441,"date":"2021-10-15T09:36:03","date_gmt":"2021-10-15T07:36:03","guid":{"rendered":"https:\/\/baraka.cc\/?p=8441"},"modified":"2021-10-15T09:36:03","modified_gmt":"2021-10-15T07:36:03","slug":"baraka-kultur-merkezinden-serdar-denktasa-acilan-tazminat-davalariyla-ilgili-kamuoyunu-bilgilendirme","status":"publish","type":"post","link":"https:\/\/baraka.cc\/?p=8441","title":{"rendered":"Baraka K\u00fclt\u00fcr Merkezi\u2019nden, Serdar Denkta\u015f\u2019a A\u00e7\u0131lan Tazminat Davalar\u0131yla \u0130lgili Kamuoyunu Bilgilendirme"},"content":{"rendered":"<p><b>Baraka K\u00fclt\u00fcr Merkezi\u2019nden, Serdar Denkta\u015f\u2019a A\u00e7\u0131lan Tazminat Davalar\u0131yla \u0130lgili Kamuoyunu Bilgilendirme<\/b><\/p>\n<p>Hat\u0131rlanaca\u011f\u0131 \u00fczere, karanl\u0131kta okula giderken ya\u015fanan otob\u00fcs kazas\u0131nda kaybetti\u011fimiz iki gencimiz ve otob\u00fcs \u015fof\u00f6r\u00fc ile ilgili \u00fclkede ya\u015fanan infial \u00fczerine geni\u015f halk kitlesi taraf\u0131ndan eylemler yap\u0131lm\u0131\u015ft\u0131. Baraka K\u00fclt\u00fcr Merkezi olarak bizim de kat\u0131ld\u0131\u011f\u0131m\u0131z protestolarda devletin sorumsuzlu\u011fu ve i\u015fbirlik\u00e7i h\u00fck\u00fcmetin yanl\u0131\u015f kararlar\u0131 y\u00fcz\u00fcnden kaybedilen canlar\u0131n yaratt\u0131\u011f\u0131 ac\u0131lar\u0131n unutulmayaca\u011f\u0131n\u0131, hayat\u0131m\u0131za mal olan bu d\u00fczenin eninde sonunda de\u011fi\u015fece\u011fini dile getirmi\u015ftik. S\u00f6z konusu eylemlerin ard\u0131ndan Serdar Denkta\u015f, kat\u0131ld\u0131\u011f\u0131 bir televizyon program\u0131nda derne\u011fimiz ve aktivistimiz M\u00fcn\u00fcr Rahvanc\u0131o\u011flu hakk\u0131nda \u201cgen\u00e7leri provoke etmek ve insanlar\u0131n \u00fczerinden vandalizm yapmak\u201d gibi \u00e7irkin iftiralarda bulunmu\u015f, bunun yan\u0131s\u0131ra da gerek derne\u011fimizin Avrupa Birli\u011fi\u2019nden para alarak halk\u0131 devletten so\u011futmak ve olas\u0131 bir planda \u201cevet\u201de haz\u0131rlamak i\u00e7in eylemleri provoke etti\u011fini, gerekse de aktvistimiz M\u00fcn\u00fcr Rahvanc\u0131o\u011flu\u2019nun i\u015f ahlak\u0131 ve maa\u015f\u0131 hakk\u0131nda da yalan ifadelerde bulunmu\u015ftu.<\/p>\n<p>Serdar Denkta\u015f\u2019\u0131n televizyon program\u0131nda sarfetti\u011fi \u00e7irkin ve as\u0131ls\u0131z iftiralara kar\u015f\u0131 gerek aktivistimiz M\u00fcn\u00fcr Rahvanc\u0131o\u011flu gerekse de derne\u011fimiz Baraka K\u00fclt\u00fcr Merkezi dava a\u00e7arak konuyu Mahkeme g\u00fcndemine ta\u015f\u0131m\u0131\u015ft\u0131k. Aktivistimiz M\u00fcn\u00fcr Rahvanc\u0131o\u011flu\u2019nun a\u00e7m\u0131\u015f oldu\u011fu dava, yine hat\u0131rlanaca\u011f\u0131 \u00fczere, Mahkeme taraf\u0131ndan hakl\u0131 bulunmu\u015f ve Serdar Denkta\u015f davay\u0131 kaybederek aleyhine 8,000 T\u00fcrk Liras\u0131 tazminat, ara karar ve dava masraflar\u0131na h\u00fckmedilmi\u015fti. Derne\u011fimizin a\u00e7m\u0131\u015f oldu\u011fu dava ise gerek ilk davan\u0131n neticesinin beklenmesi gerekse de halen ya\u015fanmakta olan Pandemi dolay\u0131s\u0131 ile ertelenerek nihayetinde bu adli y\u0131lda g\u00f6r\u00fc\u015f\u00fclmek \u00fczere Mahkemenin g\u00fcndemindedir.<\/p>\n<p>\u0130lk davada aktivistimizden \u00f6z\u00fcr dilemek yerine, duru\u015fma yapmay\u0131 tercih eden Denkta\u015f, duru\u015fma neticesinde haks\u0131z \u00e7\u0131kmas\u0131na ra\u011fmen, derne\u011fimiz ile ilgili davada da \u00f6z\u00fcr dilememeyi tercih ediyor. \u201c\u0130lk davan\u0131n neticesine g\u00f6re ikinci dava ile ilgili tavr\u0131m\u0131z netle\u015fecektir\u201d \u015feklindeki beyan\u0131 Mahkeme taraf\u0131ndan Avukat\u0131 vas\u0131tas\u0131 ile kendisine hat\u0131rlat\u0131lan Denkta\u015f, davan\u0131n g\u00fcnl\u00fc oldu\u011fu 8 Ekim tarihinde ne davada haz\u0131r bulunmu\u015f ne de herhangi bir \u00f6z\u00fcr teklifinde bulunmu\u015ftur. Avukatlar\u0131n yapt\u0131\u011f\u0131 g\u00f6r\u00fc\u015fmeler neticesinde Mahkeme davay\u0131 25 Ekim tarihine ertelemi\u015ftir.<\/p>\n<p>Burada belirtmekte fayda vard\u0131r ki; Serdar Denkta\u015f, Baraka aktivisti M\u00fcn\u00fcr Rahvanc\u0131o\u011flu\u2019nun kazand\u0131\u011f\u0131 davada, Mahkeme taraf\u0131ndan h\u00fckmedilen tazminat ve masraf miktarlar\u0131n\u0131 bug\u00fcne kadar h\u00e2l\u00e2 \u00f6dememi\u015ftir.<\/p>\n<p>S\u00f6z konusu davalar\u0131n a\u00e7\u0131lmas\u0131na sebep olan as\u0131ls\u0131z iftiralar, karanl\u0131kta okula giderken ya\u015fanan kazada kaybetti\u011fimiz gen\u00e7ler i\u00e7in yap\u0131lan protestolar \u00fczerineydi; tam da bu sebeple gerek aktivistimiz gerekse de derne\u011fimiz a\u00e7\u0131s\u0131ndan s\u00f6z konusu davalardaki tavr\u0131m\u0131z\u0131n maddi\/parasal de\u011fil, politik oldu\u011funun alt\u0131n\u0131 \u00e7izer, ta en ba\u015f\u0131ndan beri s\u00f6yledi\u011fimiz gibi Mahkeme taraf\u0131ndan h\u00fckmolunan ve h\u00fckmolunacak parasal miktarlar\u0131n da trafik alan\u0131nda faaliyet y\u00fcr\u00fctmekte olan bir kuruma ba\u011f\u0131\u015flayaca\u011f\u0131mz\u0131 da tekrardan hat\u0131rlat\u0131r\u0131z.<\/p>\n<p><b>Baraka K\u00fclt\u00fcr Merkezi<\/b><b><\/b><\/p>\n","protected":false},"excerpt":{"rendered":"<p>Baraka K\u00fclt\u00fcr Merkezi\u2019nden, Serdar Denkta\u015f\u2019a A\u00e7\u0131lan Tazminat Davalar\u0131yla \u0130lgili Kamuoyunu Bilgilendirme Hat\u0131rlanaca\u011f\u0131 \u00fczere, karanl\u0131kta okula giderken ya\u015fanan otob\u00fcs kazas\u0131nda kaybetti\u011fimiz iki gencimiz ve otob\u00fcs \u015fof\u00f6r\u00fc<\/p>\n","protected":false},"author":3,"featured_media":8442,"comment_status":"open","ping_status":"open","sticky":false,"template":"","format":"standard","meta":{"jetpack_post_was_ever_published":false,"_jetpack_newsletter_access":"","_jetpack_newsletter_tier_id":0,"jetpack_publicize_message":"","jetpack_is_tweetstorm":false,"jetpack_publicize_feature_enabled":true,"jetpack_social_post_already_shared":true,"jetpack_social_options":{"image_generator_settings":{"template":"highway","enabled":false}}},"categories":[41,38,9,1],"tags":[],"jetpack_publicize_connections":[],"jetpack_featured_media_url":"https:\/\/baraka.cc\/wp-content\/uploads\/2021\/10\/taz-678x381.png","jetpack_shortlink":"https:\/\/wp.me\/p4eHWX-2c9","jetpack_sharing_enabled":true,"_links":{"self":[{"href":"https:\/\/baraka.cc\/index.php?rest_route=\/wp\/v2\/posts\/8441"}],"collection":[{"href":"https:\/\/baraka.cc\/index.php?rest_route=\/wp\/v2\/posts"}],"about":[{"href":"https:\/\/baraka.cc\/index.php?rest_route=\/wp\/v2\/types\/post"}],"author":[{"embeddable":true,"href":"https:\/\/baraka.cc\/index.php?rest_route=\/wp\/v2\/users\/3"}],"replies":[{"embeddable":true,"href":"https:\/\/baraka.cc\/index.php?rest_route=%2Fwp%2Fv2%2Fcomments&post=8441"}],"version-history":[{"count":1,"href":"https:\/\/baraka.cc\/index.php?rest_route=\/wp\/v2\/posts\/8441\/revisions"}],"predecessor-version":[{"id":8443,"href":"https:\/\/baraka.cc\/index.php?rest_route=\/wp\/v2\/posts\/8441\/revisions\/8443"}],"wp:featuredmedia":[{"embeddable":true,"href":"https:\/\/baraka.cc\/index.php?rest_route=\/wp\/v2\/media\/8442"}],"wp:attachment":[{"href":"https:\/\/baraka.cc\/index.php?rest_route=%2Fwp%2Fv2%2Fmedia&parent=8441"}],"wp:term":[{"taxonomy":"category","embeddable":true,"href":"https:\/\/baraka.cc\/index.php?rest_route=%2Fwp%2Fv2%2Fcategories&post=8441"},{"taxonomy":"post_tag","embeddable":true,"href":"https:\/\/baraka.cc\/index.php?rest_route=%2Fwp%2Fv2%2Ftags&post=8441"}],"curies":[{"name":"wp","href":"https:\/\/api.w.org\/{rel}","templated":true}]}}