{"id":8444,"date":"2021-10-17T14:35:46","date_gmt":"2021-10-17T12:35:46","guid":{"rendered":"https:\/\/baraka.cc\/?p=8444"},"modified":"2021-10-17T14:37:54","modified_gmt":"2021-10-17T12:37:54","slug":"barakada-nazim-siirleri-okunacak","status":"publish","type":"post","link":"https:\/\/baraka.cc\/?p=8444","title":{"rendered":"Baraka&#8217;da Naz\u0131m \u015eiirleri Okunacak"},"content":{"rendered":"<p>Baraka K\u00fclt\u00fcr Merkezi bah\u00e7esinde 19 Ekim Sal\u0131 ak\u015fam\u0131 Naz\u0131m \u015eiirleri Dinletisi ger\u00e7ekle\u015ftirilecek. Saat 18.30&#8217;da ba\u015flayacak olan etkinlikte Kuvayi Milliye Destan\u0131&#8217;ndan \u015fiirler, m\u00fczik e\u015fli\u011finde okunacak. Y\u00f6netmenli\u011fini G\u00fcndo\u011fdu Gencer&#8217;in yapt\u0131\u011f\u0131 programda G\u00fcndo\u011fdu Gencer, Yusuf Nidai, ve Hatice Sevindi \u015fiirleri seslendirirken Nuran Nidai de teknik ekipte yer al\u0131yor.<\/p>\n<p>Dernekten yap\u0131lan a\u00e7\u0131klamada, etkinli\u011fin hava ko\u015fullar\u0131 elverdi\u011fi \u00f6l\u00e7\u00fcde a\u00e7\u0131k havada yap\u0131laca\u011f\u0131 belirtilerek t\u00fcm \u015fiir severlere &#8220;\u015eal\u0131n\u0131 ve maskeni al da gel&#8221; \u00e7a\u011fr\u0131s\u0131 yap\u0131ld\u0131.<\/p>\n<p><a href=\"https:\/\/baraka.cc\/wp-content\/uploads\/2021\/10\/242275842_896137304644941_3184864314347726911_n.jpg\"><img decoding=\"async\" loading=\"lazy\" class=\"alignnone size-medium wp-image-8445\" alt=\"242275842_896137304644941_3184864314347726911_n\" src=\"https:\/\/baraka.cc\/wp-content\/uploads\/2021\/10\/242275842_896137304644941_3184864314347726911_n-200x300.jpg\" width=\"200\" height=\"300\" srcset=\"https:\/\/baraka.cc\/wp-content\/uploads\/2021\/10\/242275842_896137304644941_3184864314347726911_n-200x300.jpg 200w, https:\/\/baraka.cc\/wp-content\/uploads\/2021\/10\/242275842_896137304644941_3184864314347726911_n-682x1024.jpg 682w, https:\/\/baraka.cc\/wp-content\/uploads\/2021\/10\/242275842_896137304644941_3184864314347726911_n.jpg 960w\" sizes=\"(max-width: 200px) 100vw, 200px\" \/><\/a><\/p>\n","protected":false},"excerpt":{"rendered":"<p>Baraka K\u00fclt\u00fcr Merkezi bah\u00e7esinde 19 Ekim Sal\u0131 ak\u015fam\u0131 Naz\u0131m \u015eiirleri Dinletisi ger\u00e7ekle\u015ftirilecek. Saat 18.30&#8217;da ba\u015flayacak olan etkinlikte Kuvayi Milliye Destan\u0131&#8217;ndan \u015fiirler, m\u00fczik e\u015fli\u011finde okunacak. Y\u00f6netmenli\u011fini<\/p>\n","protected":false},"author":3,"featured_media":8445,"comment_status":"open","ping_status":"open","sticky":false,"template":"","format":"standard","meta":{"jetpack_post_was_ever_published":false,"_jetpack_newsletter_access":"","_jetpack_newsletter_tier_id":0,"jetpack_publicize_message":"","jetpack_is_tweetstorm":false,"jetpack_publicize_feature_enabled":true,"jetpack_social_post_already_shared":true,"jetpack_social_options":{"image_generator_settings":{"template":"highway","enabled":false}}},"categories":[46,45,9,56,1],"tags":[],"jetpack_publicize_connections":[],"jetpack_featured_media_url":"https:\/\/baraka.cc\/wp-content\/uploads\/2021\/10\/242275842_896137304644941_3184864314347726911_n.jpg","jetpack_shortlink":"https:\/\/wp.me\/p4eHWX-2cc","jetpack_sharing_enabled":true,"_links":{"self":[{"href":"https:\/\/baraka.cc\/index.php?rest_route=\/wp\/v2\/posts\/8444"}],"collection":[{"href":"https:\/\/baraka.cc\/index.php?rest_route=\/wp\/v2\/posts"}],"about":[{"href":"https:\/\/baraka.cc\/index.php?rest_route=\/wp\/v2\/types\/post"}],"author":[{"embeddable":true,"href":"https:\/\/baraka.cc\/index.php?rest_route=\/wp\/v2\/users\/3"}],"replies":[{"embeddable":true,"href":"https:\/\/baraka.cc\/index.php?rest_route=%2Fwp%2Fv2%2Fcomments&post=8444"}],"version-history":[{"count":4,"href":"https:\/\/baraka.cc\/index.php?rest_route=\/wp\/v2\/posts\/8444\/revisions"}],"predecessor-version":[{"id":8449,"href":"https:\/\/baraka.cc\/index.php?rest_route=\/wp\/v2\/posts\/8444\/revisions\/8449"}],"wp:featuredmedia":[{"embeddable":true,"href":"https:\/\/baraka.cc\/index.php?rest_route=\/wp\/v2\/media\/8445"}],"wp:attachment":[{"href":"https:\/\/baraka.cc\/index.php?rest_route=%2Fwp%2Fv2%2Fmedia&parent=8444"}],"wp:term":[{"taxonomy":"category","embeddable":true,"href":"https:\/\/baraka.cc\/index.php?rest_route=%2Fwp%2Fv2%2Fcategories&post=8444"},{"taxonomy":"post_tag","embeddable":true,"href":"https:\/\/baraka.cc\/index.php?rest_route=%2Fwp%2Fv2%2Ftags&post=8444"}],"curies":[{"name":"wp","href":"https:\/\/api.w.org\/{rel}","templated":true}]}}