{"id":8450,"date":"2021-10-19T09:17:26","date_gmt":"2021-10-19T07:17:26","guid":{"rendered":"https:\/\/baraka.cc\/?p=8450"},"modified":"2021-10-19T09:17:26","modified_gmt":"2021-10-19T07:17:26","slug":"gundem-gundem-gundem-mustafa-batak","status":"publish","type":"post","link":"https:\/\/baraka.cc\/?p=8450","title":{"rendered":"G\u00fcndem, g\u00fcndem, g\u00fcndem\u2026 &#8211; Mustafa Batak"},"content":{"rendered":"<p>&nbsp;<\/p>\n<p>Argasdi dergimizin 63.say\u0131s\u0131nda yay\u0131mlanan g\u00fcndemi de\u011ferlendirdi\u011fimiz yaz\u0131m\u0131z\u0131 keyifle okuman\u0131z\u0131 dileriz.<\/p>\n<p>\u00dclke g\u00fcndemimiz sorunlarla birlikte an\u0131lmaya devam ediyor. Ge\u00e7en \u00fc\u00e7 ayl\u0131k periyoda d\u00f6n\u00fcp bakt\u0131\u011f\u0131m\u0131zda, sonbahar\u0131n gelmesiyle esmeye ba\u015flayan \u0131l\u0131k r\u00fczg\u00e2rlar haricinde i\u00e7imizi ferahlatan herhangi bir geli\u015fme ya\u015fanmad\u0131. Bir yanda halk; s\u0131k\u0131nt\u0131larla bo\u011fu\u015fup ayakta kalmaya \u00e7al\u0131\u015f\u0131rken, di\u011fer yanda h\u00fck\u00fcmet; kendi kurultay \u201cdertleri\u201d, Cumhurba\u015fkan\u0131 ise il il hatta il\u00e7e il\u00e7e ger\u00e7ekle\u015ftirdi\u011fi T\u00fcrkiye ziyaretleri ve sabah y\u00fcr\u00fcy\u00fc\u015fleri ile \u00f6ne \u00e7\u0131kt\u0131. \u201cSe\u00e7ildi\u011fi\u201d \u00fclkede g\u00f6remedi\u011fi itibar\u0131, T\u00fcrkiye illerinde g\u00f6rd\u00fc\u011f\u00fc i\u00e7in s\u00fcrekli oralara ziyaret ger\u00e7ekle\u015ftiren Tatar\u2019\u0131n da, kurultay kavgalar\u0131 s\u0131ras\u0131nda rastgele h\u00fck\u00fcmetin ba\u015f\u0131na gelen Ba\u015fbakan Saner\u2019in de halk\u0131n sorunlar\u0131na \u00e7are \u00fcretmek gibi gailesi yok! Z\u00fcmresel \u00e7\u0131karlar\u0131, \u015f\u00fcrek\u00e2s\u0131na da\u011f\u0131tt\u0131\u011f\u0131 menfaatler ve sermayenin g\u00f6nl\u00fcn\u00fc ho\u015f tutup te\u015fvik kesesinin a\u011fz\u0131n\u0131 a\u00e7mak d\u0131\u015f\u0131nda e\u011fildikleri bir konu yok\u2026<br \/>\n<strong>\u015eirket yata\u011f\u0131nda g\u00fclistanl\u0131k\u2026<\/strong><b><br \/>\n<\/b>Covid-19\u2019un yaratt\u0131\u011f\u0131 ekonomik bo\u015flu\u011fun etkileri s\u00fcr\u00fcyor. Ancak d\u00fcnyada sosyal devlet anlay\u0131\u015f\u0131na sahip \u00fclkeler, g\u00fcc\u00fc oran\u0131nda, bu bo\u015flu\u011fu kapatmak ad\u0131na, k\u00fc\u00e7\u00fck-orta-b\u00fcy\u00fck i\u015fletme ay\u0131rt etmeksizin destek sa\u011flad\u0131. Sosyal devlet anlay\u0131\u015f\u0131 gere\u011fi y\u00fck\u00fcml\u00fcl\u00fcklerini asgari miktarda da olsa yerine getirdi. Sorsan\u0131z KKTC denen yap\u0131 da sosyal devlet anlay\u0131\u015f\u0131 ile y\u00f6netiliyor! Ancak ge\u00e7en zaman i\u00e7erisinde; ne temel hak ve \u00f6devlere y\u00f6nelik biramd\u0131m at\u0131ld\u0131, ne de s\u0131rtlad\u0131\u011f\u0131 y\u00fckle kambur olan halka destek sa\u011fland\u0131. Dahas\u0131, halk\u0131n elinde kalan son birka\u00e7 kurumdan bir tanesi olan Elektrik Kurumu\u2019nun \u00f6zelle\u015ftirilmesi i\u00e7in de yo\u011fun \u00e7aba sarf ediliyor. Erhan Ar\u0131kl\u0131\u2019n\u0131n Ekonomi ve Enerji Bakan\u0131 oldu\u011fu g\u00fcnden bu yana s\u00fcrekli tart\u0131\u015f-maya a\u00e7\u0131lan KIB-TEK ve Teknecik Elektrik Santrali\u2019nin kapat\u0131lmas\u0131 i\u00e7in her yol denenmekte. \u0130halesize sessiz sedas\u0131z ger\u00e7eklersen yak\u0131t al\u0131m\u0131, zehir sa\u00e7an kapkara dumanlara ve ar\u0131zaya yol a\u00e7t\u0131. Dizel santrallerde makinelere uygun evsafta fuel oil tedarik edilmedi. Bu da enjekt\u00f6rlerde hasara yol a\u00e7t\u0131. Ortaya \u00e7\u0131kan hasar\u0131n maliyeti bir adet enjekt\u00f6r i\u00e7in 9 Bin Euro\u2019dur ve toplam 50 adet enjekt\u00f6r zarar g\u00f6rm\u00fc\u015ft\u00fcr. Yani yap\u0131lan yanl\u0131\u015f yak\u0131t ikmali ile kurum, g\u00f6z g\u00f6re g\u00f6re 450 bin Euro \u2018l\u00fck zarara u\u011frat\u0131lm\u0131\u015ft\u0131r ve bu maliyetin b\u00fcy\u00fcmeme ihtimali \u00e7ok zay\u0131ft\u0131r. Makine M\u00fchendisleri Odas\u0131\u2019n\u0131n santralde ger\u00e7ekle\u015ftirdi\u011fi ke\u015fif neticesinde haz\u0131rlanan rapora bak\u0131ld\u0131\u011f\u0131nda; t\u00fcm bunlar ve \u00e7ok daha fazlas\u0131 g\u00f6r\u00fclebilir. Amac\u0131n sermayeye pe\u015fke\u015f oldu\u011fu a\u00e7\u0131k ve net bi\u00e7imde anla\u015f\u0131labilir. Ge\u00e7ti\u011fimiz g\u00fcnlerde ya\u015fanan t\u00fcp krizine de, incir ipi gibi uzayan asgari \u00fccret g\u00f6r\u00fc\u015fmelerine de bakt\u0131\u011f\u0131m\u0131zda meselenin halk i\u00e7in at\u0131lan bir ad\u0131mdan \u00e7ok halka ra\u011fmen biramd\u0131m oldu\u011fu g\u00f6r\u00fcl\u00fcyor&#8230;<br \/>\n<strong>Ziller veliler i\u00e7in \u00e7al\u0131yor\u2026<\/strong><b><br \/>\n<\/b>Yukar\u0131da s\u00f6ylendi\u011fi gibi sonbahar geldi. Bu d\u00f6nemlerde okullar\u0131n da a\u00e7\u0131lmas\u0131yla birlikte aileler, \u00f6\u011fretmenler ve \u00f6\u011frenciler farkl\u0131 bir sevin\u00e7 ve mutluluk i\u00e7erisinde olurlar. Y\u00fcz y\u00fcze e\u011fitime d\u00f6n\u00fc\u015f\u00fcn de etkisiyle \u00f6\u011frenciler, bir arada olman\u0131n, arkada\u015flar\u0131yla vakit ge\u00e7irmenin memnuniyetini ya\u015far. B\u00f6ylelikle eksik kalan sosyal becerilerini, oynad\u0131\u011f\u0131 oyunlarla kapat\u0131r, sorun \u00e7\u00f6zme kabiliyetlerine yenisini ekler ve en \u00f6nemlisi bir arada oldu\u011fu i\u00e7in kolektif hareket etme aral\u0131\u011f\u0131 yakalar. Bu safhada arada kaybedilen zaman\u0131n neler g\u00f6t\u00fcrd\u00fc\u011f\u00fcne dikkat \u00e7ekilmesi gerekiyordu. Ancak ne yaz\u0131k ki \u00f6yle olmad\u0131. E\u011fitimciler, sorunlar\u0131 giderilemeyen okullar, \u00f6\u011fretmen ve personel a\u00e7\u0131\u011f\u0131yla yeni d\u00f6neme merhaba dedi. Veliler ise, \u00f6nlerine konan har\u00e7lar, istenen kitap ve k\u0131yafet paralar\u0131yla\u2026 \u0130stenen miktarlar hi\u00e7 de az de\u011fil. T\u00fcm giderler topland\u0131\u011f\u0131nda okullar\u0131n a\u00e7\u0131lmas\u0131n\u0131n maliyeti halka reva g\u00f6r\u00fclen asgari \u00fccretin yar\u0131s\u0131na denk geliyor. Bu noktada akla \u015fu sorageliyor: E\u011fer asgari \u00fccret bir ailenin bir ay boyunca temel ihtiya\u00e7lar\u0131n\u0131 kar\u015f\u0131lamaya yetecek miktarda saptand\u0131ysa, nas\u0131l olur da yar\u0131s\u0131 kadar\u0131 \u00f6\u011frenciler okula ayak bast\u0131\u011f\u0131 anda istenir? Hi\u00e7bir akla ve mant\u0131\u011fa oturmayan bu yakla\u015f\u0131mlarla maalesef kar\u015f\u0131 kar\u015f\u0131yay\u0131z.<br \/>\n<strong>Ya\u015fam, ya\u015fam, ya\u015fam\u2026<\/strong><b><br \/>\n<\/b>T\u00fcm bu sorunlar\u0131n aras\u0131nda uyand\u0131\u011f\u0131m\u0131z bir sabah Asya bebe\u011fi g\u00f6rd\u00fck kar\u015f\u0131m\u0131zdansa Tip-1 hastal\u0131\u011f\u0131na yakalanan ve ya\u015fad\u0131\u011f\u0131m\u0131z \u00e7arp\u0131k, krizin eksik olmad\u0131\u011f\u0131 sa\u011fl\u0131k sisteminin ma\u011fdurlar\u0131ndan on ayl\u0131k bir bebektir Asya. Onun tedavisi \u00e7ok masraf\u0131. Bu masraf\u0131 kar\u015f\u0131lamak i\u00e7in u\u011fra\u015fan g\u00f6n\u00fcll\u00fcler var ve i\u015fin buras\u0131 da \u00e7ok anlaml\u0131. Anlaml\u0131 \u00e7\u00fcnk\u00fc mesele sadece para toplamak de\u011fil! Ailenin yan\u0131nda olmak ve ge\u00e7en zaman i\u00e7erisinde muhatap bulamad\u0131klar\u0131n\u0131, adeta kand\u0131r\u0131ld\u0131klar\u0131n\u0131 herkese g\u00f6stermektir de ayn\u0131 zamanda. \u00c7\u00fcnk\u00fc gerek h\u00fck\u00fcmetin gerekse de Sa\u011fl\u0131k Bakan\u0131 \u00dcnal \u00dcstel\u2019in bas\u0131nla payla\u015ft\u0131\u011f\u0131 yalan yanl\u0131\u015f beyanlar sonucu tedavi s\u00fcrecinin ba\u015f-ald\u0131\u011f\u0131 bilgisi s\u00f6ylenmektedir. Ancak bu do\u011fru de\u011fildir. Kamusal sa\u011fl\u0131k hakk\u0131 savunusu ile soka\u011fa \u00e7\u0131k\u0131lana kadar ba\u015flayan herhangi bir tedavi olmam\u0131\u015ft\u0131r. Bug\u00fcn \u00e7e\u015fitli inisiyatife ve \u00f6rg\u00fctler \u00fczerinden y\u00fckseltilen sa\u011fl\u0131k hakk\u0131 temelli m\u00fccadele sonucu \u201cduyarl\u0131l\u0131k\u201d geli\u015ftirilmi\u015f ve Bakanlar Kurulu karar\u0131 ile tedavisinde bir ad\u0131m say\u0131labilecek ilac\u0131n kar\u015f\u0131lanaca\u011f\u0131 karar\u0131 \u00e7\u0131km\u0131\u015ft\u0131r. S\u00fcrecin takibi kurulan platform taraf\u0131ndan yap\u0131l\u0131yor. Ancak Asya bebe\u011fin ya\u015famas\u0131 i\u00e7in gerekli olan \u2018Zolgensma\u2019 ilac\u0131n\u0131n fiyat\u0131 2.4 Milyon Dolar\u2019d\u0131r ve bu fiyat ila\u00e7 end\u00fcstrisi tekellerinin insan hayat\u0131 ad\u0131na bi\u00e7ti\u011fi mebla\u011fd\u0131r. Bu miktar\u0131n imece usul\u00fc ile toplanmas\u0131 \u00e7ok zor. Birka\u00e7 zenginin l\u00fctfuna kalmas\u0131 da \u00e7\u00f6z\u00fcm de\u011fildir. Burada \u00e7\u00f6z\u00fcm; kamusal, \u00fccretsiz sa\u011fl\u0131k hizmetinden mahrum b\u0131rak\u0131lan halk\u0131n hizmeti talep etmesinde, e\u011fitim, ula\u015f\u0131m, bar\u0131nma ve benzeri noktalarda hakk\u0131 olan\u0131 istemesinde yatmaktad\u0131r. G\u00f6lgede duran\u0131n g\u00f6lgesi g\u00f6r\u00fcnmezmi\u015f der eskiler. Bu talepleri y\u00fckseltecek g\u00fcce, o g\u00fcc\u00fc soka\u011fa yans\u0131tacak \u00f6rg\u00fctl\u00fc s\u00f6ze ihtiya\u00e7 vard\u0131r. G\u00fcne\u015fe \u00e7\u0131k\u0131p ileriye do\u011fru y\u00fcr\u00fcmeli, \u00f6rg\u00fctl\u00fc olmaktan \u00e7ekinmeden m\u00fccadele etmeliyiz.<\/p>\n<p><a href=\"https:\/\/baraka.cc\/wp-content\/uploads\/2021\/10\/Ekran-Al\u0131nt\u0131s\u0131.jpg\"><img decoding=\"async\" loading=\"lazy\" class=\"alignnone size-medium wp-image-8451\" alt=\"Ekran Al\u0131nt\u0131s\u0131\" src=\"https:\/\/baraka.cc\/wp-content\/uploads\/2021\/10\/Ekran-Al\u0131nt\u0131s\u0131-300x177.jpg\" width=\"300\" height=\"177\" srcset=\"https:\/\/baraka.cc\/wp-content\/uploads\/2021\/10\/Ekran-Al\u0131nt\u0131s\u0131-300x177.jpg 300w, https:\/\/baraka.cc\/wp-content\/uploads\/2021\/10\/Ekran-Al\u0131nt\u0131s\u0131.jpg 736w\" sizes=\"(max-width: 300px) 100vw, 300px\" \/><\/a><\/p>\n","protected":false},"excerpt":{"rendered":"<p>&nbsp; Argasdi dergimizin 63.say\u0131s\u0131nda yay\u0131mlanan g\u00fcndemi de\u011ferlendirdi\u011fimiz yaz\u0131m\u0131z\u0131 keyifle okuman\u0131z\u0131 dileriz. \u00dclke g\u00fcndemimiz sorunlarla birlikte an\u0131lmaya devam ediyor. Ge\u00e7en \u00fc\u00e7 ayl\u0131k periyoda d\u00f6n\u00fcp bakt\u0131\u011f\u0131m\u0131zda, sonbahar\u0131n<\/p>\n","protected":false},"author":9,"featured_media":8451,"comment_status":"open","ping_status":"open","sticky":false,"template":"","format":"standard","meta":{"jetpack_post_was_ever_published":false,"_jetpack_newsletter_access":"","_jetpack_newsletter_tier_id":0,"jetpack_publicize_message":"","jetpack_is_tweetstorm":false,"jetpack_publicize_feature_enabled":true,"jetpack_social_post_already_shared":true,"jetpack_social_options":{"image_generator_settings":{"template":"highway","enabled":false}}},"categories":[40,67,9,1,39],"tags":[],"jetpack_publicize_connections":[],"jetpack_featured_media_url":"https:\/\/baraka.cc\/wp-content\/uploads\/2021\/10\/Ekran-Al\u0131nt\u0131s\u0131.jpg","jetpack_shortlink":"https:\/\/wp.me\/p4eHWX-2ci","jetpack_sharing_enabled":true,"_links":{"self":[{"href":"https:\/\/baraka.cc\/index.php?rest_route=\/wp\/v2\/posts\/8450"}],"collection":[{"href":"https:\/\/baraka.cc\/index.php?rest_route=\/wp\/v2\/posts"}],"about":[{"href":"https:\/\/baraka.cc\/index.php?rest_route=\/wp\/v2\/types\/post"}],"author":[{"embeddable":true,"href":"https:\/\/baraka.cc\/index.php?rest_route=\/wp\/v2\/users\/9"}],"replies":[{"embeddable":true,"href":"https:\/\/baraka.cc\/index.php?rest_route=%2Fwp%2Fv2%2Fcomments&post=8450"}],"version-history":[{"count":2,"href":"https:\/\/baraka.cc\/index.php?rest_route=\/wp\/v2\/posts\/8450\/revisions"}],"predecessor-version":[{"id":8453,"href":"https:\/\/baraka.cc\/index.php?rest_route=\/wp\/v2\/posts\/8450\/revisions\/8453"}],"wp:featuredmedia":[{"embeddable":true,"href":"https:\/\/baraka.cc\/index.php?rest_route=\/wp\/v2\/media\/8451"}],"wp:attachment":[{"href":"https:\/\/baraka.cc\/index.php?rest_route=%2Fwp%2Fv2%2Fmedia&parent=8450"}],"wp:term":[{"taxonomy":"category","embeddable":true,"href":"https:\/\/baraka.cc\/index.php?rest_route=%2Fwp%2Fv2%2Fcategories&post=8450"},{"taxonomy":"post_tag","embeddable":true,"href":"https:\/\/baraka.cc\/index.php?rest_route=%2Fwp%2Fv2%2Ftags&post=8450"}],"curies":[{"name":"wp","href":"https:\/\/api.w.org\/{rel}","templated":true}]}}