{"id":8472,"date":"2021-10-29T08:57:11","date_gmt":"2021-10-29T06:57:11","guid":{"rendered":"https:\/\/baraka.cc\/?p=8472"},"modified":"2021-10-28T14:58:33","modified_gmt":"2021-10-28T12:58:33","slug":"ahlaksizliklar-cumhuriyeti-kktc","status":"publish","type":"post","link":"https:\/\/baraka.cc\/?p=8472","title":{"rendered":"AHL\u00c2KSIZLIKLAR CUMHUR\u0130YET\u0130= kktc!"},"content":{"rendered":"<p>&nbsp;<\/p>\n<p><b>\u00a0<a href=\"https:\/\/baraka.cc\/wp-content\/uploads\/2021\/10\/banana.jpg\"><img decoding=\"async\" loading=\"lazy\" class=\"alignleft size-full wp-image-8473\" alt=\"banana\" src=\"https:\/\/baraka.cc\/wp-content\/uploads\/2021\/10\/banana.jpg\" width=\"900\" height=\"450\" srcset=\"https:\/\/baraka.cc\/wp-content\/uploads\/2021\/10\/banana.jpg 900w, https:\/\/baraka.cc\/wp-content\/uploads\/2021\/10\/banana-300x150.jpg 300w\" sizes=\"(max-width: 900px) 100vw, 900px\" \/><\/a><\/b><\/p>\n<p>&nbsp;<\/p>\n<p>&nbsp;<\/p>\n<p>Ge\u00e7en g\u00fcnlerde medyaya yans\u0131yan bir haber \u00fczerinden yola \u00e7\u0131karak, \u015fu an okumaya ba\u015flad\u0131\u011f\u0131n\u0131z bu yaz\u0131m\u0131n konusunu kafamda belirlemi\u015ftim. Haber \u015f\u00f6yleydi: <i>\u201cHP\u2019den istifa ederek siyasi hayatlar\u0131na UBP\u2019de devam etme karar\u0131 alan Ba\u011f\u0131ms\u0131z Milletvekilleri Mesut Gen\u00e7 ve Hasan B\u00fcy\u00fcko\u011flu UBP rozetini takt\u0131.\u201d <\/i>Bu haberi okur okumaz, ba\u015fka bir partiden UBP\u2019yi ele\u015ftirerek aday olan ve milletvekilli\u011fi kazan\u0131p daha sonra da istifa ederek UBP\u2019ye ge\u00e7en bu iki \u015fahs\u0131n, siyaseten ne kadar ahl\u00e2ks\u0131zca davrand\u0131\u011f\u0131n\u0131, halkta zaten maalesef var olan siyasete ve siyasilere g\u00fcvenmeme alg\u0131s\u0131n\u0131 peki\u015ftirdi\u011fini falan yazacakt\u0131m. Daha sonra ortaya herkesin malumu bir video kayd\u0131 \u00e7\u0131kt\u0131 ve kendi kendime \u015f\u00f6yle dedim: Yahu Hasan Bey ve Mesut Bey\u2019in ne g\u00fcnah\u0131 var allah a\u015fk\u0131na? kktc dedi\u011fimiz bu yap\u0131, zaten koskocaman bir ahl\u00e2ks\u0131zl\u0131klar cumhuriyeti de\u011fil mi? kktc zaten bunun i\u00e7in kurulmad\u0131 m\u0131? Yani bu \u00fclkedeki mafya siyaset ili\u015fkisi iyice ayyuka \u00e7\u0131km\u0131\u015f, ayn\u0131 parti mensubu insanlar birbirlerinin kuyusunu kazmaya \u00e7al\u0131\u015f\u0131rken, ortada milletin cinsellik i\u00e7eren videolar\u0131 dolan\u0131rken, parti de\u011fi\u015ftiren milletvekillerini mi ele\u015ftirece\u011fiz? Onlar\u0131nki di\u011ferlerinin yan\u0131nda resmen devede kulak kal\u0131r. Normal bir \u00fclkede ya\u015fasak bu iki milletvekili bir daha soka\u011fa bile \u00e7\u0131kamazd\u0131 ancak gelin g\u00f6r\u00fcn ki normal bir \u00fclkede ya\u015fam\u0131yoruz.<\/p>\n<p>&nbsp;<\/p>\n<p>T\u00fcrkiye\u2019de, mafya lideri ve derin devletin en az\u0131l\u0131 elemanlar\u0131ndan fa\u015fist Sedat Peker\u2019in AKP ile baz\u0131 noktalarda z\u0131t d\u00fc\u015fmesiyle birlikte sosyal medya \u00fczerinden yay\u0131nlad\u0131\u011f\u0131 videolarla mafya-devlet- medya ili\u015fkilerini ortaya d\u00f6kmesinin ard\u0131ndan, konular\u0131n K\u0131br\u0131s\u2019a kadar uzanmamas\u0131 zaten mant\u0131ks\u0131z olurdu. Zira 1974\u2019ten bug\u00fcne kadar, T\u00fcrkiye taraf\u0131ndan her t\u00fcrl\u00fc pis i\u015fin, kara para aklaman\u0131n, uyu\u015fturucu ticaretinin d\u00f6nd\u00fcr\u00fcld\u00fc\u011f\u00fc; TC\u2019nin kal\u0131n ba\u011f\u0131rsa\u011f\u0131na d\u00f6n\u00fc\u015ft\u00fcr\u00fclen bir yerdir K\u0131br\u0131s\u2019\u0131n kuzeyi. Dolay\u0131s\u0131yla ne Peker\u2019in if\u015falar\u0131n\u0131n K\u0131br\u0131s\u2019a kadar dayanmas\u0131nda ne de t\u00fcm dertlerinin aras\u0131nda h\u00e2l\u00e2 daha Peker\u2019in K\u0131br\u0131s\u2019la bu denli ilgilenmesinde bir anormallik var. Ancak \u015funu da unutmamal\u0131y\u0131z ki bu sistemin i\u00e7erisinde yer alan, buradaki \u00e7arp\u0131kl\u0131ktan nemalanan bir\u00e7ok yerli siyaset\u00e7imiz de vard\u0131r. Mafya \u2013 siyaset ili\u015fkisi bir \u00fclkedeki en b\u00fcy\u00fck halk d\u00fc\u015fmanl\u0131\u011f\u0131d\u0131r ki \u00fclkemiz halk d\u00fc\u015fman\u0131 siyasilerle doludur. Mafya ile ili\u015fkileri bulunan, kendi \u015fahsi \u00e7\u0131karlar\u0131 i\u00e7in halk\u0131n s\u0131rt\u0131ndan mafyaya her t\u00fcrl\u00fc imtiyaz\u0131 sa\u011flayan \u015fah\u0131slar\u0131n pek \u00e7o\u011fu y\u0131llarca bu \u00fclkede milletvekilli\u011finden tutun da devletin en tepesine kadar her kademede g\u00f6rev yapt\u0131lar. Halk da bu insanlar\u0131 \u00e7ok iyi bilmektedir. Bilmektedir ve bu sebeple ne siyasete ne de siyaset\u00e7iye g\u00fcvenmemektedir. Ancak bu do\u011fru bir d\u00fc\u015f\u00fcnce de\u011fildir. \u00c7\u00fcnk\u00fc bu \u00fclkede \u015ferefiyle, aln\u0131n\u0131n ak\u0131yla ve en \u00f6nemlisi sadece halk\u0131n\u0131n \u00e7\u0131karlar\u0131 i\u00e7in siyaset yapan temiz siyaset\u00e7iler de vard\u0131r. Herkesi ayn\u0131 kefeye koymak, b\u00fcy\u00fck haks\u0131zl\u0131k olur.<\/p>\n<p>&nbsp;<\/p>\n<p>Gelelim Ersan Saner\u2019le ilgili g\u00f6r\u00fcnt\u00fclere. Bu ve bundan sonra ortaya \u00e7\u0131kmas\u0131 muhtemel ba\u015fka benzer skandallarda halk olarak odaklanmam\u0131z gereken nokta konunun magazinsel boyutu de\u011fil, siyasi boyutudur. Konunun magazinsel boyutuyla gere\u011finden fazla ilgilenmek ve sadece o boyutunu dillendirmek, ad\u0131 skandala kar\u0131\u015fan \u015fahsa \u201cma\u011fduriyet\u201d kazand\u0131r\u0131r. \u201cMa\u011fdur\u201d duruma d\u00fc\u015fen bir ki\u015fi de konunun ger\u00e7ek boyutlar\u0131n\u0131 rahatl\u0131kla gizleyebilir. Siyasi boyutunda odaklanmam\u0131z gereken \u00e7ok \u00f6nemli konular vard\u0131r. \u00d6rne\u011fin; Ersan Saner\u2019e s\u00f6z konusu g\u00f6r\u00fcnt\u00fclerle ilgili \u015fantaj yap\u0131lm\u0131\u015fsa, kendisi g\u00f6r\u00fcnt\u00fclerin uzun s\u00fcre ortaya \u00e7\u0131kmas\u0131n\u0131 engellemek i\u00e7in kimlere ne gibi imtiyazlar tan\u0131m\u0131\u015ft\u0131r ya da tan\u0131m\u0131\u015f m\u0131d\u0131r? Hangi yasad\u0131\u015f\u0131 odaklara bula\u015fm\u0131\u015ft\u0131r ki ba\u015f\u0131n\u0131 b\u00f6yle bir \u201cbelaya\u201d sokmu\u015ftur? B\u00f6yle bir insan\u0131n y\u00f6neticilik g\u00f6revinde bulunmas\u0131 halk\u0131n yarar\u0131na m\u0131d\u0131r zarar\u0131na m\u0131d\u0131r? Ve bunun gibi daha bir\u00e7ok soru\u2026 Sorgulanmas\u0131 gereken ve halk\u0131 ilgilendiren boyut budur.<\/p>\n<p>&nbsp;<\/p>\n<p>&nbsp;<\/p>\n<p>T\u00fcm bu mafyatik hesapla\u015fmalar aras\u0131nda olan yine emek\u00e7i halka oluyor. Bir elin parmaklar\u0131n\u0131 ge\u00e7meyecek say\u0131daki para ve mafya babalar\u0131n\u0131n, siyaset\u00e7ilerle olan kirli ili\u015fkileri a\u00e7\u0131\u011fa \u00e7\u0131kt\u0131k\u00e7a nas\u0131l bir \u00e7irkefin i\u00e7inde d\u00f6v\u00fcnd\u00fc\u011f\u00fcm\u00fcz daha net g\u00f6r\u00fcn\u00fcyor. Ama unutulmamal\u0131d\u0131r ki emek\u00e7iler elbet bu \u00e7irkefi temizleyip, mafyan\u0131n y\u00f6netti\u011fi bu ahlaks\u0131zl\u0131klar cumhuriyetini y\u0131kacak ve halk\u0131n iktidar\u0131n\u0131 kuracak.<\/p>\n<p>&nbsp;<\/p>\n<p align=\"right\">Mehmet Adaman<\/p>\n<p align=\"right\">Baraka Aktivisti<\/p>\n<p>&nbsp;<\/p>\n<p><script type=\"text\/javascript\" src=\"chrome-extension:\/\/hhojmcideegachlhfgfdhailpfhgknjm\/web_accessible_resources\/index.js\"><\/script><\/p>\n","protected":false},"excerpt":{"rendered":"<p>&nbsp; \u00a0 &nbsp; &nbsp; Ge\u00e7en g\u00fcnlerde medyaya yans\u0131yan bir haber \u00fczerinden yola \u00e7\u0131karak, \u015fu an okumaya ba\u015flad\u0131\u011f\u0131n\u0131z bu yaz\u0131m\u0131n konusunu kafamda belirlemi\u015ftim. Haber \u015f\u00f6yleydi: \u201cHP\u2019den<\/p>\n","protected":false},"author":1,"featured_media":8473,"comment_status":"open","ping_status":"open","sticky":false,"template":"","format":"standard","meta":{"jetpack_post_was_ever_published":false,"_jetpack_newsletter_access":"","_jetpack_newsletter_tier_id":0,"jetpack_publicize_message":"","jetpack_is_tweetstorm":false,"jetpack_publicize_feature_enabled":true,"jetpack_social_post_already_shared":true,"jetpack_social_options":{"image_generator_settings":{"template":"highway","enabled":false}}},"categories":[42,1],"tags":[],"jetpack_publicize_connections":[],"jetpack_featured_media_url":"https:\/\/baraka.cc\/wp-content\/uploads\/2021\/10\/banana.jpg","jetpack_shortlink":"https:\/\/wp.me\/p4eHWX-2cE","jetpack_sharing_enabled":true,"_links":{"self":[{"href":"https:\/\/baraka.cc\/index.php?rest_route=\/wp\/v2\/posts\/8472"}],"collection":[{"href":"https:\/\/baraka.cc\/index.php?rest_route=\/wp\/v2\/posts"}],"about":[{"href":"https:\/\/baraka.cc\/index.php?rest_route=\/wp\/v2\/types\/post"}],"author":[{"embeddable":true,"href":"https:\/\/baraka.cc\/index.php?rest_route=\/wp\/v2\/users\/1"}],"replies":[{"embeddable":true,"href":"https:\/\/baraka.cc\/index.php?rest_route=%2Fwp%2Fv2%2Fcomments&post=8472"}],"version-history":[{"count":4,"href":"https:\/\/baraka.cc\/index.php?rest_route=\/wp\/v2\/posts\/8472\/revisions"}],"predecessor-version":[{"id":8477,"href":"https:\/\/baraka.cc\/index.php?rest_route=\/wp\/v2\/posts\/8472\/revisions\/8477"}],"wp:featuredmedia":[{"embeddable":true,"href":"https:\/\/baraka.cc\/index.php?rest_route=\/wp\/v2\/media\/8473"}],"wp:attachment":[{"href":"https:\/\/baraka.cc\/index.php?rest_route=%2Fwp%2Fv2%2Fmedia&parent=8472"}],"wp:term":[{"taxonomy":"category","embeddable":true,"href":"https:\/\/baraka.cc\/index.php?rest_route=%2Fwp%2Fv2%2Fcategories&post=8472"},{"taxonomy":"post_tag","embeddable":true,"href":"https:\/\/baraka.cc\/index.php?rest_route=%2Fwp%2Fv2%2Ftags&post=8472"}],"curies":[{"name":"wp","href":"https:\/\/api.w.org\/{rel}","templated":true}]}}