{"id":8479,"date":"2021-11-04T14:55:56","date_gmt":"2021-11-04T12:55:56","guid":{"rendered":"https:\/\/baraka.cc\/?p=8479"},"modified":"2021-11-04T14:55:56","modified_gmt":"2021-11-04T12:55:56","slug":"kibrisin-kuzeyinde-insan-kalabilmek-mehmet-adaman","status":"publish","type":"post","link":"https:\/\/baraka.cc\/?p=8479","title":{"rendered":"KIBRIS\u2019IN KUZEY\u0130NDE \u0130NSAN KALAB\u0130LMEK &#8211; Mehmet Adaman"},"content":{"rendered":"<p>Ad\u0131na kktc denilen yap\u0131n\u0131n \u00e7arp\u0131kl\u0131\u011f\u0131n\u0131 vurgulamak i\u00e7in, \u015fakayla kar\u0131\u015f\u0131k s\u00f6ylenen me\u015fhur bir laf vard\u0131r: \u201ckktc\u2019de ya\u015famak bir sanatt\u0131r.\u201d Peki bir de \u015f\u00f6yle d\u00fc\u015f\u00fcnelim; kktc\u2019de sanat yapmaya \u00e7al\u0131\u015fmak nas\u0131l bir \u015feydir?<\/p>\n<p>\u0130nsan\u0131 di\u011fer t\u00fcm canl\u0131 ve cans\u0131z varl\u0131klardan ay\u0131ran \u00e7ok \u00f6nemli \u00f6zellikler vard\u0131r. \u0130nsan sosyal bir canl\u0131d\u0131r. Okur, yazar, gezer, g\u00f6r\u00fcr, konu\u015fur, d\u00fc\u015f\u00fcn\u00fcr, sorgular ve en \u00f6nemlisi \u00fcretir. Bunlar\u0131n herhangi birisinin eksikli\u011fi durumunda insan asl\u0131nda insan olmaktan yava\u015f yava\u015f uzakla\u015fmaya ba\u015flar. Kapitalizm dedi\u011fimiz \u015fey de asl\u0131nda tam da bunu hedefler; insan\u0131 insan olmaktan uzakla\u015ft\u0131rmak\u2026 Peki biz buna kar\u015f\u0131 ne yapmal\u0131y\u0131z? \u0130nsan olmakta ve insan kalmakta direnmeliyiz. Peki neyle yapabiliriz bunu? Bu noktada k\u00fclt\u00fcr\u00fcn, sanat\u0131n ve sporun insan ya\u015fam\u0131ndaki \u00f6nemi ortaya \u00e7\u0131k\u0131yor. M\u00fczikle, tiyatroyla, sinemayla, dansla, resimle, edebiyatla, sporla vs. u\u011fra\u015fmak insanl\u0131ktan uzakla\u015fmam\u0131za mani olur. Ancak e\u011fer ki kktc\u2019de ya\u015f\u0131yorsan\u0131z, bunlar\u0131 yapmak sizin i\u00e7in olduk\u00e7a zor ve s\u0131k\u0131nt\u0131l\u0131d\u0131r.<\/p>\n<p>K\u0131br\u0131s\u2019\u0131n kuzeyinde sanat yapmaya \u00e7al\u0131\u015fmak, sporla u\u011fra\u015fmak b\u0131rak\u0131n insanl\u0131\u011fa tutunmay\u0131, insanl\u0131\u011f\u0131n\u0131zdan so\u011fuman\u0131za bile neden olabilir. Bu \u00fclkede bir m\u00fczisyen oldu\u011funuzu hayal edin mesela. Hayat\u0131n\u0131z\u0131 sadece m\u00fczisyenlik yaparak ge\u00e7irmeniz, sadece yapt\u0131\u011f\u0131n\u0131z sanata odaklan\u0131p kendinizi daha da geli\u015ftirme motivasyonunu koruman\u0131z m\u00fcmk\u00fcn de\u011fildir. \u00c7\u00fcnk\u00fc bu \u00fclkede m\u00fczisyenler genelde yok say\u0131l\u0131r. Ya\u015fad\u0131\u011f\u0131m\u0131z Pandemi s\u00fcrecinde de bunu net olarak g\u00f6rd\u00fck zaten. Bu \u00fclkeyi y\u00f6netenler, a\u00e7\u0131k bir \u015fekilde m\u00fczisyenleri a\u00e7l\u0131\u011fa terk etti, bunun i\u00e7ini k\u0131l\u0131n\u0131 bile k\u0131p\u0131rdatmad\u0131. B\u00fcy\u00fck festivallerde m\u00fczisyenlerimiz y\u0131llard\u0131r T\u00fcrkiyeli sanat\u00e7\u0131lar\u0131n alt grubu olmaktan \u00f6teye ge\u00e7emiyor. Daha do\u011frusu bilin\u00e7li olarak ge\u00e7irtilmiyor. Nas\u0131l ki Ankara\u2019ya muhta\u00e7 olal\u0131m diye Sanayi Holding kapat\u0131ld\u0131, KTHY bat\u0131r\u0131ld\u0131, K\u0131br\u0131sl\u0131 T\u00fcrkler \u00fcretimden kopar\u0131ld\u0131, her alanda oldu\u011fu gibi m\u00fczikte de K\u0131br\u0131sl\u0131 T\u00fcrklerin kendi ayaklar\u0131 \u00fczerinde durabilme ihtimali onlar\u0131 korkutuyor.\u00a0 K\u0131sacas\u0131 bu \u00fclkede m\u00fczisyen olmayal\u0131m diye, kktc \u201cdevleti\u201d elinden geleni yap\u0131yor. M\u00fczisyenler g\u00fcvencesiz ve gelecek kayg\u0131lar\u0131yla bo\u011fu\u015farak \u00e7al\u0131\u015f\u0131yor. Bu \u00fclkede m\u00fczisyenler, b\u0131rak\u0131n evlatlar\u0131na g\u00fczel bir gelecek haz\u0131rlayabilmeyi, kendilerinin bile bir g\u00fcn sonras\u0131n\u0131 g\u00f6remiyor. Devletin bu alanda insan yeti\u015ftirme gibi bir kayg\u0131s\u0131 bulunmuyor. \u00dclkede k\u00fc\u00e7\u00fck ya\u015fta m\u00fczi\u011fe yetenekli \u00e7ocuklar\u0131n ula\u015fabilece\u011fi kaliteli ve kamusal bir m\u00fczik e\u011fitimi neredeyse yok.<\/p>\n<p>Sanat\u0131n bir toplum i\u00e7in ne kadar \u00f6nemli oldu\u011funu s\u00f6yleyip de tiyatroya de\u011finmemek olmaz. kktc devletinin tiyatroya verdi\u011fi \u201c\u00f6nemi\u201d anlatmak i\u00e7in san\u0131r\u0131m \u201c20 k\u00fcsur y\u0131l \u00f6nce yanan devlet tiyatrosu sahnesinin yerine h\u00e2l\u00e2 daha yenisi yap\u0131lmad\u0131.\u201d c\u00fcmlesi tek ba\u015f\u0131na yeterli olur. Amat\u00f6r tiyatrocular\u0131n durumu ise \u00e7ok daha vahimdir. Bu \u00fclkede, kendi ya\u011f\u0131yla kendi ci\u011ferini kavurmaya \u00e7abalayan pek \u00e7ok tiyatro ekibi bulunmaktad\u0131r. Bu ekiplerin neredeyse t\u00fcm\u00fc de oyunlar\u0131n\u0131 sergileyebilecekleri sahne bulabilme s\u0131k\u0131nt\u0131s\u0131 \u00e7ekmektedir. Var olan tek t\u00fck kamusal sahneler de \u00f6zele pe\u015fke\u015f \u00e7ekilmekte, zaten s\u0131k\u0131nt\u0131l\u0131 durumda olan amat\u00f6r tiyatro ekiplerinin s\u0131k\u0131nt\u0131lar\u0131na bizzat devlet taraf\u0131ndan yenileri eklenmektedir. K\u0131sacas\u0131 m\u00fczikte oldu\u011fu gibi tiyatroda da, kktc devleti yeni tiyatrocular yeti\u015fmesin, var olan tiyatro ekipleri de s\u00fcr\u00fcm s\u00fcr\u00fcm s\u00fcr\u00fcns\u00fcn diye adeta elinden geleni yapmaktad\u0131r.<\/p>\n<p>Biraz sanat\u0131n d\u0131\u015f\u0131na \u00e7\u0131k\u0131p spora bakt\u0131\u011f\u0131m\u0131zda ise yine kar\u015f\u0131m\u0131za kocaman bir kktc ger\u00e7e\u011fi \u00e7\u0131k\u0131yor. Ambargolar sebebiyle hi\u00e7bir uluslararas\u0131 organizasyona kat\u0131lamayan sporcular\u0131m\u0131z, kendilerini alanlar\u0131nda geli\u015ftirme motivasyonunu g\u00fcn ge\u00e7tik\u00e7e kaybediyor. K\u0131br\u0131s\u2019\u0131n kuzeyinde s\u0131k\u0131\u015f\u0131p kalan sporcular, uluslararas\u0131 m\u00fcsabakalara kat\u0131labilmek ad\u0131na \u00e7o\u011fu zaman T\u00fcrkiye veya ba\u015fka \u00fclkeler ad\u0131na yar\u0131\u015fmak zorunda kal\u0131yor. Ba\u015fta T\u00fcrkiye olmak \u00fczere, hi\u00e7bir \u00fclkenin umurunda olmayan sporcular\u0131m\u0131z kocaman bir \u00e7aresizlikle ba\u015f ba\u015fa b\u0131rak\u0131l\u0131yor.<\/p>\n<p>Bizler bu topraklara tutunmak ve daha insanca bir ya\u015fam i\u00e7in her t\u00fcrl\u00fc zorlu\u011fa ra\u011fmen sanat, spor ve k\u00fclt\u00fcr \u00fcretimlerimize devam edece\u011fiz. Ancak sadece \u00fcretmekle yetinmeyip, bu alanlardaki t\u00fcm olumsuzluklarla m\u00fccadele etmekten de geri durmayaca\u011f\u0131z.<\/p>\n<p><a href=\"https:\/\/baraka.cc\/wp-content\/uploads\/2021\/11\/foto-2.jpg\"><img decoding=\"async\" loading=\"lazy\" class=\"alignnone size-medium wp-image-8480\" alt=\"foto 2\" src=\"https:\/\/baraka.cc\/wp-content\/uploads\/2021\/11\/foto-2-300x160.jpg\" width=\"300\" height=\"160\" srcset=\"https:\/\/baraka.cc\/wp-content\/uploads\/2021\/11\/foto-2-300x160.jpg 300w, https:\/\/baraka.cc\/wp-content\/uploads\/2021\/11\/foto-2.jpg 747w\" sizes=\"(max-width: 300px) 100vw, 300px\" \/><\/a> <a href=\"https:\/\/baraka.cc\/wp-content\/uploads\/2021\/11\/foto-3.jpg\"><img decoding=\"async\" loading=\"lazy\" class=\"alignnone size-medium wp-image-8481\" alt=\"foto 3\" src=\"https:\/\/baraka.cc\/wp-content\/uploads\/2021\/11\/foto-3-300x210.jpg\" width=\"300\" height=\"210\" srcset=\"https:\/\/baraka.cc\/wp-content\/uploads\/2021\/11\/foto-3-300x210.jpg 300w, https:\/\/baraka.cc\/wp-content\/uploads\/2021\/11\/foto-3-1024x717.jpg 1024w\" sizes=\"(max-width: 300px) 100vw, 300px\" \/><\/a> <a href=\"https:\/\/baraka.cc\/wp-content\/uploads\/2021\/11\/foto-1.jpg\"><img decoding=\"async\" loading=\"lazy\" class=\"alignnone size-medium wp-image-8482\" alt=\"foto 1\" src=\"https:\/\/baraka.cc\/wp-content\/uploads\/2021\/11\/foto-1-300x200.jpg\" width=\"300\" height=\"200\" srcset=\"https:\/\/baraka.cc\/wp-content\/uploads\/2021\/11\/foto-1-300x200.jpg 300w, https:\/\/baraka.cc\/wp-content\/uploads\/2021\/11\/foto-1.jpg 960w\" sizes=\"(max-width: 300px) 100vw, 300px\" \/><\/a><\/p>\n","protected":false},"excerpt":{"rendered":"<p>Ad\u0131na kktc denilen yap\u0131n\u0131n \u00e7arp\u0131kl\u0131\u011f\u0131n\u0131 vurgulamak i\u00e7in, \u015fakayla kar\u0131\u015f\u0131k s\u00f6ylenen me\u015fhur bir laf vard\u0131r: \u201ckktc\u2019de ya\u015famak bir sanatt\u0131r.\u201d Peki bir de \u015f\u00f6yle d\u00fc\u015f\u00fcnelim; kktc\u2019de sanat<\/p>\n","protected":false},"author":9,"featured_media":8482,"comment_status":"open","ping_status":"open","sticky":false,"template":"","format":"standard","meta":{"jetpack_post_was_ever_published":false,"_jetpack_newsletter_access":"","_jetpack_newsletter_tier_id":0,"jetpack_publicize_message":"","jetpack_is_tweetstorm":false,"jetpack_publicize_feature_enabled":true,"jetpack_social_post_already_shared":true,"jetpack_social_options":{"image_generator_settings":{"template":"highway","enabled":false}}},"categories":[40,67,38,9,42,1,39],"tags":[],"jetpack_publicize_connections":[],"jetpack_featured_media_url":"https:\/\/baraka.cc\/wp-content\/uploads\/2021\/11\/foto-1.jpg","jetpack_shortlink":"https:\/\/wp.me\/p4eHWX-2cL","jetpack_sharing_enabled":true,"_links":{"self":[{"href":"https:\/\/baraka.cc\/index.php?rest_route=\/wp\/v2\/posts\/8479"}],"collection":[{"href":"https:\/\/baraka.cc\/index.php?rest_route=\/wp\/v2\/posts"}],"about":[{"href":"https:\/\/baraka.cc\/index.php?rest_route=\/wp\/v2\/types\/post"}],"author":[{"embeddable":true,"href":"https:\/\/baraka.cc\/index.php?rest_route=\/wp\/v2\/users\/9"}],"replies":[{"embeddable":true,"href":"https:\/\/baraka.cc\/index.php?rest_route=%2Fwp%2Fv2%2Fcomments&post=8479"}],"version-history":[{"count":1,"href":"https:\/\/baraka.cc\/index.php?rest_route=\/wp\/v2\/posts\/8479\/revisions"}],"predecessor-version":[{"id":8483,"href":"https:\/\/baraka.cc\/index.php?rest_route=\/wp\/v2\/posts\/8479\/revisions\/8483"}],"wp:featuredmedia":[{"embeddable":true,"href":"https:\/\/baraka.cc\/index.php?rest_route=\/wp\/v2\/media\/8482"}],"wp:attachment":[{"href":"https:\/\/baraka.cc\/index.php?rest_route=%2Fwp%2Fv2%2Fmedia&parent=8479"}],"wp:term":[{"taxonomy":"category","embeddable":true,"href":"https:\/\/baraka.cc\/index.php?rest_route=%2Fwp%2Fv2%2Fcategories&post=8479"},{"taxonomy":"post_tag","embeddable":true,"href":"https:\/\/baraka.cc\/index.php?rest_route=%2Fwp%2Fv2%2Ftags&post=8479"}],"curies":[{"name":"wp","href":"https:\/\/api.w.org\/{rel}","templated":true}]}}